{"id":367865,"date":"2025-09-05T09:57:10","date_gmt":"2025-09-05T09:57:10","guid":{"rendered":"https:\/\/www.europesays.com\/fr\/367865\/"},"modified":"2025-09-05T09:57:10","modified_gmt":"2025-09-05T09:57:10","slug":"raciste-revendique-il-insulte-un-chauffeur-de-bus-a-rennes-et-lassume-sans-detour-devant-les-juges","status":"publish","type":"post","link":"https:\/\/www.europesays.com\/fr\/367865\/","title":{"rendered":"\u00ab\u00a0Raciste revendiqu\u00e9\u00a0\u00bb, il insulte un chauffeur de bus \u00e0 Rennes et l&rsquo;assume sans d\u00e9tour devant les juges"},"content":{"rendered":"<p>            Par<br \/>\n        <strong><br \/>\n            <a href=\"https:\/\/actu.fr\/auteur\/redaction-rennes\" title=\"Consulter tous les articles de R\u00e9daction Rennes\" target=\"_blank\" rel=\"noopener\">R\u00e9daction Rennes<\/a><br \/>\n        <\/strong><\/p>\n<p>        Publi\u00e9 le<\/p>\n<p>            5 sept. 2025 \u00e0 11h50        <\/p>\n<p>Le tribunal correctionnel de Rennes a condamn\u00e9 ce mardi 2\u00a0septembre 2025 un sexag\u00e9naire d\u2019Org\u00e8res (Ille-et-Vilaine) qui avait prof\u00e9r\u00e9 <strong>des injures racistes<\/strong> \u00e0 l\u2019encontre d\u2019un chauffeur de bus de Rennes.<\/p>\n<p class=\" wall-content\">Le 14\u00a0mai 2025, Michel avait d\u00e9cid\u00e9 de faire sa \u00ab\u2009sortie annuelle\u2009\u00bb dans le centre-ville de Rennes <strong>\u00ab\u2009pour [s] e l\u00e2cher\u2009\u00bb<\/strong>\u2009: il avait ainsi bu \u00ab\u2009cinq \u00e0 sept verres de sauvignon\u2009\u00bb \u2013 \u00ab\u2009des doubles\u2009\u00bb, a-t-il pr\u00e9cis\u00e9 aux juges rennais \u2013 dans des bars de<strong> la place Sainte-Anne<\/strong>, avant de repartir chez lui en bus.<\/p>\n<p class=\" wall-content\"><strong>Une premi\u00e8re \u00ab\u2009dispute\u2009\u00bb<\/strong> avait alors \u00e9clat\u00e9 avec \u00ab\u2009un homme de type africain\u2009\u00bb et les esprits avaient commenc\u00e9 \u00e0 \u00ab\u2009s\u2019\u00e9chauffer\u2009\u00bb\u2009: le chauffeur du bus de la ligne 14 avait propos\u00e9 \u00e0 la victime de \u00ab\u2009laisser tomber\u2009\u00bb et l\u2019homme pris pour cible par Michel \u00e9tait \u00ab\u2009parti\u2009\u00bb.<\/p>\n<p>Il s\u2019en prend ensuite au chauffeur<\/p>\n<p class=\" wall-content\">Le sexag\u00e9naire <strong>alcoolis\u00e9<\/strong> s\u2019\u00e9tait alors install\u00e9 \u00ab\u2009au fond\u2009\u00bb du bus, mais le chauffeur avait progressivement vu \u00ab\u2009tous les passagers se mettre \u00e0 l\u2019avant\u2009\u00bb <strong>pour le \u00ab\u2009fuir\u2009\u00bb,<\/strong> a retrac\u00e9 la pr\u00e9sidente du tribunal correctionnel de Rennes, mardi 2\u00a0septembre 2025.<\/p>\n<p class=\" wall-content\">Une passag\u00e8re et son fils avaient alors \u00e0 nouveau alert\u00e9 le chauffeur\u2009: Michel venait de les inviter \u00e0 \u00ab\u2009retourner en Arabie saoudite\u2009\u00bb\u2026 Le sexag\u00e9naire s\u2019en \u00e9tait \u00e0 ce moment-l\u00e0<strong> pris au chauffeur<\/strong> \u2013 <strong>lui-m\u00eame d\u2019origine arabe<\/strong> mais \u00ab\u2009n\u00e9 \u00e0 Saint-Brieuc\u2009\u00bb \u2013 <strong>en multipliant les insultes racistes.<\/strong><\/p>\n<p>Pr\u00eat \u00e0 dire \u00e0 des magistrats \u00ab\u2009de couleur\u2009\u00bb de partir<\/p>\n<p class=\" wall-content\">\u00c0 l\u2019arriv\u00e9e des contr\u00f4leurs et des policiers, loin de se calmer, Michel avait <strong>\u00ab\u2009vocif\u00e9r\u00e9\u2009\u00bb<\/strong> <strong>en \u00ab\u2009titubant\u2009\u00bb<\/strong> qu\u2019il en avait \u00ab\u2009marre de tous ces bougnoules et n\u00e9gros de merde qui volent la France\u2009\u00bb, tout en reprochant aux policiers qu\u2019ils ne faisaient \u00ab\u2009rien pour les arr\u00eater\u2009\u00bb.<\/p>\n<p class=\" wall-content\">Au commissariat, il avait continu\u00e9 de plus belle, faisant savoir qu\u2019il ne comptait pas \u00ab\u2009se soumettre \u00e0 ces gens-l\u00e0\u2009\u00bb car<strong> il voulait \u00ab\u2009se sentir Fran\u00e7ais\u2009\u00bb.<\/strong> \u00ab\u2009Quand j\u2019arrive \u00e0 Henri-Fr\u00e9ville, j\u2019ai l\u2019impression d\u2019\u00eatre dans le dj\u00e9bel [un massif montagneux dans les r\u00e9gions du Moyen-Orient, N.D.L.R]\u2009\u00bb, avait-il jug\u00e9 bon d\u2019ajouter.<\/p>\n<p>Votre r\u00e9gion, votre actu !<\/p>\n<p>Recevez chaque jour les infos qui comptent pour vous.<\/p>\n<p>\t<a href=\"https:\/\/actu.fr\/newsletter\" class=\"ac-btn ac-btn--corner ac-btn--medium ac-btn--blue800\" target=\"_blank\" rel=\"noopener\">S&rsquo;incrire<\/a><\/p>\n<p class=\" wall-content\">Les policiers lui avaient alors demand\u00e9 ce qu\u2019il comptait faire si les magistrats amen\u00e9s \u00e0 le juger se trouvaient \u00eatre \u00ab\u2009de couleur\u2009\u00bb\u2009: Michel avait alors assur\u00e9 qu\u2019il n\u2019h\u00e9siterait pas \u00e0 leur \u00ab\u2009dire de partir\u2009\u00bb, a aussi lu la pr\u00e9sidente du tribunal.<\/p>\n<p>\u00ab\u2009Fondamentalement raciste\u2009\u00bb<\/p>\n<p class=\" wall-content\">\u00ab\u2009J\u2019avais le mal de mer, j\u2019avais oubli\u00e9 de\u00a0manger\u2009\u00bb, a commenc\u00e9 le pr\u00e9venu. \u00ab\u2009Mais dans le fond, il y a quelques propos que je tiens encore maintenant.\u2009\u00bb Interrog\u00e9 sur sa consommation d\u2019alcool, le sexag\u00e9naire d\u2019Org\u00e8res a trouv\u00e9 que ce n\u2019\u00e9tait \u00ab\u2009pas le fond du probl\u00e8me\u2009\u00bb\u2009: il fallait <strong>plut\u00f4t le chercher dans\u00a0la \u00ab\u2009mentalit\u00e9\u2009\u00bb des musulmans.<\/strong><\/p>\n<p class=\" wall-content\">\u00ab\u2009Donc vous \u00eates <strong>fondamentalement raciste,<\/strong> et vous ne pouvez pas vous emp\u00eacher, \u00e0 la barre, de tenir ces propos-l\u00e0\u2009\u00bb, a fini par le couper la pr\u00e9sidente du tribunal correctionnel de Rennes.<\/p>\n<p>\u00ab\u2009Vous \u00eates en finale de la Ligue des champions des imb\u00e9ciles\u2009\u00bb<\/p>\n<p class=\" wall-content\">Sur un plan social, <strong>cet ancien \u00ab\u2009gardien d\u2019immeuble\u2009\u00bb<\/strong> \u2013 qui a \u00e9galement travaill\u00e9 dans un c\u00e9l\u00e8bre magasin de jouets rennais \u2013 est<strong> \u00ab\u2009tout seul depuis plus de trente ans\u2009\u00bb<\/strong>.<\/p>\n<p class=\" wall-content\">Cet homme de<strong> 66\u00a0ans<\/strong> ne voit \u00ab\u2009plus personne\u2009\u00bb car il souffre d\u2019un \u00ab\u2009probl\u00e8me d\u2019exposition aux ondes \u00e9lectromagn\u00e9tiques\u2009\u00bb\u2009: il refuse donc Internet, le t\u00e9l\u00e9phone et m\u00eame \u00ab\u2009le compteur Linky\u2009\u00bb.<\/p>\n<p class=\" wall-content\">L\u2019avocat du chauffeur de bus, lui, a commenc\u00e9 par rappeler une citation de l\u2019homme d\u2019\u00c9tat et po\u00e8te s\u00e9n\u00e9galais L\u00e9opold S\u00e9dar Senghor, pour qui<strong> \u00ab\u2009les racistes sont des gens qui se trompent de col\u00e8re\u2009\u00bb<\/strong>. Mais l\u00e0, pour Me Erwan Prigent, \u00ab\u2009on a atteint un joli niveau\u2009\u00bb avec ce pr\u00e9venu qui n\u2019est pas seulement \u00ab\u2009un raciste d\u00e9complex\u00e9\u2009\u00bb mais \u00ab\u2009un raciste revendiqu\u00e9\u2009\u00bb.<\/p>\n<p class=\" wall-content\">\u00ab\u2009Vraiment, je pense que vous \u00eates en finale de la Ligue des champions des\u00a0imb\u00e9ciles\u2009\u00bb, l\u2019a tanc\u00e9 celui qui assiste les agents de Keolis depuis \u00ab\u2009plus de vingt ans\u2009\u00bb.\u00a0L\u2019avocat rennais a donc donn\u00e9 deux conseils au pr\u00e9venu\u2009: \u00ab\u20091) qu\u2019il cesse de regarder les cha\u00eenes\u00a0d\u2019info en continu\u2009\u00bb et \u00ab\u20092) <strong>qu\u2019il mange,<\/strong> puisque c\u2019est quand il ne mange pas que ces propos sortent\u2009\u00bb.<\/p>\n<p>1\u2009000\u00a0euros d\u2019amende<\/p>\n<p class=\" wall-content\">\u00ab\u2009Je crains que nous ne parvenions pas \u00e0 faire changer d\u2019une quelconque mani\u00e8re ses id\u00e9es\u2009\u00bb, a pour sa part consid\u00e9r\u00e9 le procureur de la R\u00e9publique. \u00ab\u2009Sa libert\u00e9 de pens\u00e9e est absolue, mais pas celle d\u2019exprimer les id\u00e9es qu\u2019il souhaite\u2009\u00bb, a rappel\u00e9 le repr\u00e9sentant du minist\u00e8re public.<\/p>\n<p class=\" wall-content\">Finalement, et conform\u00e9ment \u00e0 ses r\u00e9quisitions, Michel a \u00e9t\u00e9 condamn\u00e9 \u00e0 <strong>une amende de 1\u2009000\u00a0euros<\/strong>, dont 700 avec sursis. Il devra \u00e9galement verser <strong>900\u00a0euros de dommages et int\u00e9r\u00eats<\/strong> au chauffeur de bus pour son pr\u00e9judice moral et ses frais d\u2019avocat.<\/p>\n<p class=\" wall-content\"><strong>CB et GF (PressPepper)<\/strong><\/p>\n<p class=\" wall-content\">Personnalisez votre actualit\u00e9 en ajoutant vos villes et m\u00e9dias en favori avec <a href=\"https:\/\/moncompte.actu.fr\" title=\"D\u00e9couvez Mon Actu\" rel=\"nofollow noopener\" data-trk=\"{&quot;cta&quot;:{&quot;action&quot;:&quot;https:\\\/\\\/moncompte.actu.fr&quot;,&quot;category&quot;:&quot;mon compte&quot;,&quot;from&quot;:&quot;article footer&quot;,&quot;name&quot;:&quot;Mon actu&quot;,&quot;type&quot;:&quot;cta&quot;}}\" target=\"_blank\">Mon Actu<\/a>.<\/p>\n","protected":false},"excerpt":{"rendered":"Par R\u00e9daction Rennes Publi\u00e9 le 5 sept. 2025 \u00e0 11h50 Le tribunal correctionnel de Rennes a condamn\u00e9 ce&hellip;\n","protected":false},"author":2,"featured_media":367866,"comment_status":"","ping_status":"","sticky":false,"template":"","format":"standard","meta":{"footnotes":""},"categories":[2821],"tags":[1111,11,829,1777,674,118,1011,27,303,4999,12,584,25,5001],"class_list":{"0":"post-367865","1":"post","2":"type-post","3":"status-publish","4":"format-standard","5":"has-post-thumbnail","7":"category-rennes","8":"tag-actu","9":"tag-actualites","10":"tag-bretagne","11":"tag-eu","12":"tag-europe","13":"tag-faits-divers","14":"tag-fr","15":"tag-france","16":"tag-justice","17":"tag-keolis","18":"tag-news","19":"tag-rennes","20":"tag-republique-francaise","21":"tag-reseau-star"},"share_on_mastodon":{"url":"https:\/\/pubeurope.com\/@fr\/115151099909982323","error":""},"_links":{"self":[{"href":"https:\/\/www.europesays.com\/fr\/wp-json\/wp\/v2\/posts\/367865","targetHints":{"allow":["GET"]}}],"collection":[{"href":"https:\/\/www.europesays.com\/fr\/wp-json\/wp\/v2\/posts"}],"about":[{"href":"https:\/\/www.europesays.com\/fr\/wp-json\/wp\/v2\/types\/post"}],"author":[{"embeddable":true,"href":"https:\/\/www.europesays.com\/fr\/wp-json\/wp\/v2\/users\/2"}],"replies":[{"embeddable":true,"href":"https:\/\/www.europesays.com\/fr\/wp-json\/wp\/v2\/comments?post=367865"}],"version-history":[{"count":0,"href":"https:\/\/www.europesays.com\/fr\/wp-json\/wp\/v2\/posts\/367865\/revisions"}],"wp:featuredmedia":[{"embeddable":true,"href":"https:\/\/www.europesays.com\/fr\/wp-json\/wp\/v2\/media\/367866"}],"wp:attachment":[{"href":"https:\/\/www.europesays.com\/fr\/wp-json\/wp\/v2\/media?parent=367865"}],"wp:term":[{"taxonomy":"category","embeddable":true,"href":"https:\/\/www.europesays.com\/fr\/wp-json\/wp\/v2\/categories?post=367865"},{"taxonomy":"post_tag","embeddable":true,"href":"https:\/\/www.europesays.com\/fr\/wp-json\/wp\/v2\/tags?post=367865"}],"curies":[{"name":"wp","href":"https:\/\/api.w.org\/{rel}","templated":true}]}}