{"id":367869,"date":"2025-09-05T09:59:14","date_gmt":"2025-09-05T09:59:14","guid":{"rendered":"https:\/\/www.europesays.com\/fr\/367869\/"},"modified":"2025-09-05T09:59:14","modified_gmt":"2025-09-05T09:59:14","slug":"catherine-trautmann-donne-17-rendez-vous-pour-rencontrer-des-strasbourgeois","status":"publish","type":"post","link":"https:\/\/www.europesays.com\/fr\/367869\/","title":{"rendered":"Catherine Trautmann donne 17 rendez-vous pour rencontrer des Strasbourgeois"},"content":{"rendered":"<p class=\"wp-block-post-excerpt__excerpt\">L\u2019ancienne maire de Strasbourg et probable candidate socialiste aux \u00e9lections municipales de 2026 Catherine Trautmann organise une s\u00e9rie de rencontres publiques jusqu\u2019en octobre. <\/p>\n<p class=\"font-sans\">\n\t\t\tCet article est en acc\u00e8s libre. Pour soutenir Rue89 Strasbourg,<br \/>\n\t\t\t<a class=\"underline\" href=\"https:\/\/www.rue89strasbourg.com\/abonnement\" target=\"_blank\" rel=\"noopener\">abonnez-vous<\/a>.\n\t\t<\/p>\n<p>Pierre France<\/p>\n<p>Publi\u00e9 le 5 septembre 2025\u00a0\u00a0\u00b7\u00a0\u00a0<\/p>\n<p>Imprim\u00e9 le 5 septembre 2025 \u00e0 11h40\u00a0\u00a0\u00b7\u00a0\u00a0<\/p>\n<p>\t\t\t\t\t2\u00a0minutes\n<\/p>\n<p>Pour les \u00e9lections municipales des 15 et 22 mars, si tu n\u2019as pas de d\u00e9marche d\u2019\u00e9coute des citoyens et des citoyennes, tu n\u2019es pas candidat. Apr\u00e8s <a href=\"https:\/\/www.rue89strasbourg.com\/pierre-jakubowicz-entre-en-campagne-311925\" target=\"_blank\" rel=\"noreferrer noopener\">Strasbourg on y croit<\/a> de Pierre Jakubowicz, <a href=\"https:\/\/www.rue89strasbourg.com\/jean-philippe-vetter-lancement-campagne-2026-324885\" target=\"_blank\" rel=\"noreferrer noopener\">Aimer Strasbourg<\/a> de Jean-Philippe Vetter, <a href=\"https:\/\/www.rue89strasbourg.com\/elections-municipales-renaissance-veut-ecouter-strasbourg-338354\" target=\"_blank\" rel=\"noreferrer noopener\">Strasbourg, parlons-en<\/a> de Renaissance, voici que Catherine Trautmann, ancienne maire de Strasbourg, ancienne d\u00e9put\u00e9e europ\u00e9enne mais surtout probable candidate du Parti socialiste, veut aussi sentir le pouls des \u00e9lecteurs et des \u00e9lectrices avec une s\u00e9rie de r\u00e9unions publiques en ext\u00e9rieur.<\/p>\n<p>Programm\u00e9es du 10 septembre au 8 octobre (voir ci-dessous), ces rencontres doivent permettre, selon un communiqu\u00e9 de Catherine Trautmann, de \u00ab\u00a0rouvrir un dialogue direct, simple et sinc\u00e8re, avec celles et ceux qui font battre le c\u0153ur et la raison de la ville\u00a0\u00bb\u00a0:<\/p>\n<blockquote class=\"wp-block-quote is-layout-flow wp-block-quote-is-layout-flow\">\n<p>\u00ab\u00a0Depuis de longs mois, beaucoup disent avoir perdu confiance dans leur ville. On ne se sent plus \u00e9cout\u00e9, on a du mal \u00e0 se projeter, la fiert\u00e9 s\u2019effrite. Strasbourg para\u00eet s\u2019\u00e9loigner de ses habitants. Ces rencontres sont l\u00e0 pour retisser le lien\u00a0: remettre au centre la parole de chacun et retrouver ensemble ce souffle humain qui a toujours fait de Strasbourg une ville audacieuse, innovante, chaleureuse et pionni\u00e8re.\u00a0\u00bb<\/p>\n<\/blockquote>\n<p>Sans doute contrainte par le calendrier et les d\u00e9penses de campagne, Catherine Trautmann n\u2019a pas jug\u00e9 utile de louer des salles pour ces rencontres. Elles sont donc ouvertes \u00e0 toutes et \u00e0 tous, sans inscription pr\u00e9alable, mais seront \u00e9videmment soumises aux al\u00e9as de la m\u00e9t\u00e9o. <\/p>\n<p>La liste des rencontres \u00ab\u00a0Strasbourg se retrouve, en bas de chez vous\u00a0\u00bb<\/p>\n<ul class=\"wp-block-list\">\n<li>Jeudi 11 septembre de 16h30 \u00e0 19h30, square Reuss \u00e0 Strasbourg \u2013 Neuhof,<\/li>\n<li>Samedi 13 septembre de 9h30 \u00e0 11h30, place du Maillon \u00e0 Strasbourg \u2013 Hautepierre,<\/li>\n<li>Lundi 15 septembre de 16h30 \u00e0 19h30, place des Orphelins \u00e0 Strasbourg \u2013 Krutenau,<\/li>\n<li>Mardi 16 septembre de 16h30 \u00e0 19h30, place du Neufeld \u00e0 Strasbourg \u2013 Neudorf,<\/li>\n<li>Mercredi 17 septembre de 9h30 \u00e0 14h, rue Watteau \u00e0 Strasbourg \u2013 Elsau,<\/li>\n<li>Jeudi 18 septembre de 16h30 \u00e0 19h30, place de l\u2019\u00cele-de-France \u00e0 Strasbourg \u2013 Meinau,<\/li>\n<li>Vendredi 19 septembre de 16h30 \u00e0 19h30, route de Mittelhausbergen \u00e0 Strasbourg \u2013 Cronenbourg,<\/li>\n<li>Samedi 20 septembre de 9h30 \u00e0 11h30, place du March\u00e9 \u00e0 Strasbourg \u2013 Neudorf,<\/li>\n<li>Mardi 23 septembre de 16h30 \u00e0 19h30, place Arnold \u00e0 Strasbourg \u2013 Conseil des XV,<\/li>\n<li>Mercredi 24 septembre de 9h30 \u00e0 14h, place de Zurich \u00e0 Strasbourg \u2013 Krutenau,<\/li>\n<li>Jeudi 25 septembre de 16h30 \u00e0 19h30, chemin Gliesberg \u00e0 Strasbourg \u2013 Montagne Verte,<\/li>\n<li>Vendredi 26 septembre de 16h30 \u00e0 19h30, parvis du Tribunal \u00e0 Strasbourg \u2013 Tribunal,<\/li>\n<li>Samedi 27 septembre de 8h \u00e0 10h, place du Corps de Garde \u00e0 Strasbourg \u2013 Robertsau,<\/li>\n<li>Samedi 27 septembre de 10h30 \u00e0 midi, rue de la Douane \u00e0 Strasbourg \u2013 centre-ville, <\/li>\n<li>Lundi 6 octobre de 16h30 \u00e0 19h30, place de l\u2019Esplanade \u00e0 Strasbourg \u2013 Esplanade,<\/li>\n<li>Mardi 7 octobre de 16h30 \u00e0 19h30, place Saint-Thomas \u00e0 Strasbourg \u2013 Petite France, <\/li>\n<li>Mercredi 8 octobre de 9h30 \u00e0 11h30, place Hans-Jean Arp \u00e0 Strasbourg Gare.<\/li>\n<\/ul>\n","protected":false},"excerpt":{"rendered":"L\u2019ancienne maire de Strasbourg et probable candidate socialiste aux \u00e9lections municipales de 2026 Catherine Trautmann organise une s\u00e9rie&hellip;\n","protected":false},"author":2,"featured_media":367870,"comment_status":"","ping_status":"","sticky":false,"template":"","format":"standard","meta":{"footnotes":""},"categories":[2820],"tags":[1111,11,5848,2761,1777,674,1011,27,775,12,25,640],"class_list":{"0":"post-367869","1":"post","2":"type-post","3":"status-publish","4":"format-standard","5":"has-post-thumbnail","7":"category-strasbourg","8":"tag-actu","9":"tag-actualites","10":"tag-catherine-trautmann","11":"tag-elections-municipales-2026","12":"tag-eu","13":"tag-europe","14":"tag-fr","15":"tag-france","16":"tag-grand-est","17":"tag-news","18":"tag-republique-francaise","19":"tag-strasbourg"},"share_on_mastodon":{"url":"https:\/\/pubeurope.com\/@fr\/115151107844650536","error":""},"_links":{"self":[{"href":"https:\/\/www.europesays.com\/fr\/wp-json\/wp\/v2\/posts\/367869","targetHints":{"allow":["GET"]}}],"collection":[{"href":"https:\/\/www.europesays.com\/fr\/wp-json\/wp\/v2\/posts"}],"about":[{"href":"https:\/\/www.europesays.com\/fr\/wp-json\/wp\/v2\/types\/post"}],"author":[{"embeddable":true,"href":"https:\/\/www.europesays.com\/fr\/wp-json\/wp\/v2\/users\/2"}],"replies":[{"embeddable":true,"href":"https:\/\/www.europesays.com\/fr\/wp-json\/wp\/v2\/comments?post=367869"}],"version-history":[{"count":0,"href":"https:\/\/www.europesays.com\/fr\/wp-json\/wp\/v2\/posts\/367869\/revisions"}],"wp:featuredmedia":[{"embeddable":true,"href":"https:\/\/www.europesays.com\/fr\/wp-json\/wp\/v2\/media\/367870"}],"wp:attachment":[{"href":"https:\/\/www.europesays.com\/fr\/wp-json\/wp\/v2\/media?parent=367869"}],"wp:term":[{"taxonomy":"category","embeddable":true,"href":"https:\/\/www.europesays.com\/fr\/wp-json\/wp\/v2\/categories?post=367869"},{"taxonomy":"post_tag","embeddable":true,"href":"https:\/\/www.europesays.com\/fr\/wp-json\/wp\/v2\/tags?post=367869"}],"curies":[{"name":"wp","href":"https:\/\/api.w.org\/{rel}","templated":true}]}}