{"id":367871,"date":"2025-09-05T10:00:16","date_gmt":"2025-09-05T10:00:16","guid":{"rendered":"https:\/\/www.europesays.com\/fr\/367871\/"},"modified":"2025-09-05T10:00:16","modified_gmt":"2025-09-05T10:00:16","slug":"saint-jean-cap-ferrat-5-raisons-daller-a-prestige-patrimoine-levenement-auto-de-la-cote-dazur","status":"publish","type":"post","link":"https:\/\/www.europesays.com\/fr\/367871\/","title":{"rendered":"Saint-Jean-Cap-Ferrat: 5 raisons d\u2019aller \u00e0 Prestige Patrimoine, l\u2019\u00e9v\u00e9nement auto de la C\u00f4te d\u2019Azur"},"content":{"rendered":"<p>                                <b>1.C\u00e9l\u00e9brez l\u2019Europe, cr\u00e9atrice d\u2019automobiles<\/b><\/p>\n<p>Cette ann\u00e9e, l\u2019\u00e9v\u00e9nement rend hommage au g\u00e9nie cr\u00e9atif du continent europ\u00e9en \u00e0 travers un th\u00e8me \u00e9vocateur: \u201cL\u2019Europe, cr\u00e9atrice d\u2019automobiles\u201d. L\u2019\u00e9v\u00e9nement devient alors un voyage sensible \u00e0 travers l\u2019histoire, le design et l\u2019innovation qui ont fa\u00e7onn\u00e9 des g\u00e9n\u00e9rations de mod\u00e8les embl\u00e9matiques. Chaque voiture expos\u00e9e incarne une vision, une \u00e9poque et un style qui traversent le temps avec gr\u00e2ce.\u00a0<\/p>\n<p>Entre mer et palmiers, les silhouettes rac\u00e9es et les lignes \u00e9l\u00e9gantes racontent une aventure o\u00f9 se m\u00ealent cr\u00e9ativit\u00e9, performance et authenticit\u00e9. Prestige Patrimoine se transforme ainsi en une galerie \u00e0 ciel ouvert o\u00f9 l\u2019automobile s\u2019appr\u00e9cie comme une \u0153uvre d\u2019art, t\u00e9moin vivant d\u2019une culture europ\u00e9enne qui a su allier prestige et passion.<\/p>\n<p>              <img ci-src=\"https:\/\/www.nicematin.com\/detente\/0N5A0009-kS8HdDIF.jpg?vh=e82f45&amp;ci_seal=eb56c1aabf\" alt=\"\"\/><\/p>\n<p>                                <b>2.Des pavillons in\u00e9dits pour une \u00e9dition exceptionnelle<\/b><\/p>\n<p>Pour cette nouvelle \u00e9dition, le public d\u00e9couvrira de nombreux pavillons in\u00e9dits qui viendront enrichir l\u2019exp\u00e9rience. Volvo racontera l\u2019histoire de ses mod\u00e8les embl\u00e9matiques, Monaco d\u00e9voilera la mythique Monte Carlo Automobile \u201cCentenaire\u201d, fabriqu\u00e9e \u00e0 seulement dix-huit exemplaires, tandis que deux v\u00e9hicules issus de la collection priv\u00e9e de S.A.S. le Prince Albert II de Monaco vont rappeler la dimension exceptionnelle de cette manifestation.\u00a0<\/p>\n<p>L\u2019endurance, symbole de l\u2019esprit sportif europ\u00e9en, sera mise \u00e0 l\u2019honneur dans un espace d\u00e9di\u00e9, tandis qu\u2019un vibrant hommage sera rendu aux mythiques Jaguar britanniques. L\u2019\u00e9v\u00e9nement offrira \u00e9galement la possibilit\u00e9 d\u2019assister \u00e0 des d\u00e9monstrations rares de savoir-faire, gr\u00e2ce aux artisans selliers et tapissiers qui partageront leur art, et l\u2019exposition Arts &amp; Automobiles enrichira l\u2019exp\u00e9rience avec des affiches anciennes, des sculptures et des objets pr\u00e9cieux qui prolongeront ce dialogue entre culture, design et passion m\u00e9canique.\u00a0<\/p>\n<p>              <img ci-src=\"https:\/\/www.nicematin.com\/detente\/AS7A3030-UV1ZpDQ5.jpg?vh=d8b8d1&amp;ci_seal=038eaf56ca\" alt=\"\"\/><\/p>\n<p>                                <b>3.Vibrez au rythme du Concours d\u2019\u00c9l\u00e9gance<\/b><\/p>\n<p>Moment phare du week-end, le Concours d\u2019\u00c9l\u00e9gance incarne l\u2019essence m\u00eame de Prestige Patrimoine. Organis\u00e9 sous l\u2019\u00e9gide de la F\u00e9d\u00e9ration Fran\u00e7aise des V\u00e9hicules d\u2019\u00c9poque, il met en lumi\u00e8re des automobiles d\u2019exception dont la beaut\u00e9, l\u2019authenticit\u00e9 et le prestige se conjuguent pour s\u00e9duire un jury exigeant.\u00a0<\/p>\n<p>Mais la magie de ce concours ne r\u00e9side pas seulement dans le regard expert des juges, elle s\u2019\u00e9panouit aussi dans la complicit\u00e9 avec le public, invit\u00e9 \u00e0 \u00e9lire sa voiture coup de c\u0153ur \u00e0 travers le Prix du Public. Ce dialogue entre passionn\u00e9s, propri\u00e9taires et spectateurs cr\u00e9e une atmosph\u00e8re unique o\u00f9 l\u2019\u00e9l\u00e9gance ne se limite pas \u00e0 la carrosserie, mais s\u2019exprime dans l\u2019art du partage et dans l\u2019\u00e9motion collective qui fait battre le c\u0153ur de cet \u00e9v\u00e9nement incontournable de Saint-Jean-Cap-Ferrat.<\/p>\n<p>              <img ci-src=\"https:\/\/www.nicematin.com\/detente\/0N5A0521-ltR7M7WO.jpg?vh=0dbe46&amp;ci_seal=aa55098d7a\" alt=\"\"\/><\/p>\n<p>                                <b>4.Partagez la passion en famille<\/b><\/p>\n<p>Parce que la passion se transmet, le Village Prestige Kids, gratuit et en acc\u00e8s libre,\u00a0 reviendra cette ann\u00e9e encore au Th\u00e9\u00e2tre sur la mer. Les enfants pourront s\u2019initier au plaisir de la conduite gr\u00e2ce \u00e0 un circuit gonflable \u00e9lectrique d\u00e8s cinq ans, piloter des voitures miniatures t\u00e9l\u00e9command\u00e9es ou encore lib\u00e9rer leur imagination dans des ateliers artistiques.\u00a0<\/p>\n<p>Ce lieu pens\u00e9 pour eux permet aux familles de vivre pleinement l\u2019\u00e9v\u00e9nement, chacun \u00e0 son rythme et selon ses envies, dans une ambiance joyeuse et conviviale. De quoi faire plaisir aussi bien aux petits qu\u2019aux grands!<\/p>\n<p>              <img ci-src=\"https:\/\/www.nicematin.com\/detente\/0N5A0286-v43pqfE9.jpg?vh=3be641&amp;ci_seal=46ca986e26\" alt=\"\"\/><\/p>\n<p>                                <b>5.Savourez l\u2019art de vivre de Saint-Jean-Cap-Ferrat<\/b><\/p>\n<p>Au-del\u00e0 de la passion automobile, <a href=\"https:\/\/www.saintjeancapferrat-prestige.com\/fr\/\" target=\"_blank\" rel=\"noopener\">venir \u00e0 l\u2019\u00e9v\u00e9nement Prestige Patrimoine<\/a> est aussi l\u2019occasion de red\u00e9couvrir tout le charme de Saint-Jean-Cap-Ferrat, ce joyau de la C\u00f4te d\u2019Azur lov\u00e9 entre Nice et Monaco. La presqu\u2019\u00eele se d\u00e9voile entre ses villas Belle \u00c9poque aux fa\u00e7ades \u00e9l\u00e9gantes, son magnifique port o\u00f9 s\u2019alignent yachts et voiliers, bord\u00e9 de restaurants et de terrasses baign\u00e9es de soleil qui invitent \u00e0 la fl\u00e2nerie. Les galeries d\u2019art et les expositions temporaires t\u00e9moignent de la vitalit\u00e9 culturelle du lieu, tandis que les sentiers du littoral ouvrent sur des criques pr\u00e9serv\u00e9es et des panoramas spectaculaires.\u00a0<\/p>\n<p>La villa Ephrussi de Rothschild, avec ses jardins somptueux, rappelle quant \u00e0 elle que Saint-Jean-Cap-Ferrat a toujours \u00e9t\u00e9 un symbole de raffinement et de beaut\u00e9 intemporelle. Accueillir Prestige Patrimoine dans un tel d\u00e9cor, c\u2019est offrir aux visiteurs une exp\u00e9rience totale, o\u00f9 la beaut\u00e9 des voitures r\u00e9pond \u00e0 celle du paysage et o\u00f9 chaque instant devient une parenth\u00e8se d\u2019exception.<\/p>\n<p>              <img ci-src=\"https:\/\/www.nicematin.com\/detente\/0N5A0142-A9KZo2Y5.jpg?vh=0bb964&amp;ci_seal=3303099d66\" alt=\"\"\/><\/p>\n<p>Saint-Jean-Cap-Ferrat Prestige: les 13 et 14 septembre 2025, de\u00a010h \u00e0 18h<\/p>\n<p>Lieu : Port de Saint-Jean-Cap-Ferrat,\u00a0Entr\u00e9e libre<\/p>\n<p>Stationnement: places disponibles avenue de Verdun avec\u00a0navettes gratuites entre le Cap et le village toutes les 20 minutes<\/p>\n<p>Village enfants : 10h30 \u00e0 13h et 14h \u00e0 17h30, ateliers en acc\u00e8s libre<\/p>\n<p>Renseignements: +33 (0)4 93 76 08 90 ou <a href=\"http:\/\/www.saintjeancapferrat-prestige.com\/\" target=\"_blank\" rel=\"noopener\">www.saintjeancapferrat-prestige.com<\/a><\/p>\n","protected":false},"excerpt":{"rendered":"1.C\u00e9l\u00e9brez l\u2019Europe, cr\u00e9atrice d\u2019automobiles Cette ann\u00e9e, l\u2019\u00e9v\u00e9nement rend hommage au g\u00e9nie cr\u00e9atif du continent europ\u00e9en \u00e0 travers un&hellip;\n","protected":false},"author":2,"featured_media":367872,"comment_status":"","ping_status":"","sticky":false,"template":"","format":"standard","meta":{"footnotes":""},"categories":[2819],"tags":[1111,11,1777,674,1011,27,1393,12,2401,882,25],"class_list":{"0":"post-367871","1":"post","2":"type-post","3":"status-publish","4":"format-standard","5":"has-post-thumbnail","7":"category-nice","8":"tag-actu","9":"tag-actualites","10":"tag-eu","11":"tag-europe","12":"tag-fr","13":"tag-france","14":"tag-loisirs","15":"tag-news","16":"tag-nice","17":"tag-provence-alpes-cote-dazur","18":"tag-republique-francaise"},"share_on_mastodon":{"url":"https:\/\/pubeurope.com\/@fr\/115151111795249556","error":""},"_links":{"self":[{"href":"https:\/\/www.europesays.com\/fr\/wp-json\/wp\/v2\/posts\/367871","targetHints":{"allow":["GET"]}}],"collection":[{"href":"https:\/\/www.europesays.com\/fr\/wp-json\/wp\/v2\/posts"}],"about":[{"href":"https:\/\/www.europesays.com\/fr\/wp-json\/wp\/v2\/types\/post"}],"author":[{"embeddable":true,"href":"https:\/\/www.europesays.com\/fr\/wp-json\/wp\/v2\/users\/2"}],"replies":[{"embeddable":true,"href":"https:\/\/www.europesays.com\/fr\/wp-json\/wp\/v2\/comments?post=367871"}],"version-history":[{"count":0,"href":"https:\/\/www.europesays.com\/fr\/wp-json\/wp\/v2\/posts\/367871\/revisions"}],"wp:featuredmedia":[{"embeddable":true,"href":"https:\/\/www.europesays.com\/fr\/wp-json\/wp\/v2\/media\/367872"}],"wp:attachment":[{"href":"https:\/\/www.europesays.com\/fr\/wp-json\/wp\/v2\/media?parent=367871"}],"wp:term":[{"taxonomy":"category","embeddable":true,"href":"https:\/\/www.europesays.com\/fr\/wp-json\/wp\/v2\/categories?post=367871"},{"taxonomy":"post_tag","embeddable":true,"href":"https:\/\/www.europesays.com\/fr\/wp-json\/wp\/v2\/tags?post=367871"}],"curies":[{"name":"wp","href":"https:\/\/api.w.org\/{rel}","templated":true}]}}