{"id":367873,"date":"2025-09-05T10:01:11","date_gmt":"2025-09-05T10:01:11","guid":{"rendered":"https:\/\/www.europesays.com\/fr\/367873\/"},"modified":"2025-09-05T10:01:11","modified_gmt":"2025-09-05T10:01:11","slug":"ils-brandissaient-des-drapeaux-et-criaient-assassins-des-militants-pro-palestiniens-ont-tente-de-sintroduire-dans-une-synagogue-a-nice","status":"publish","type":"post","link":"https:\/\/www.europesays.com\/fr\/367873\/","title":{"rendered":"Ils brandissaient des drapeaux et criaient \u00ab\u00a0assassins\u00a0\u00bb\u00a0: des militants pro-palestiniens ont tent\u00e9 de s\u2019introduire dans une synagogue \u00e0 Nice"},"content":{"rendered":"<p>\n                                                                Une compagnie d\u2019intervention de la police nationale a \u00e9t\u00e9 plac\u00e9e \u00ab\u00a0en s\u00e9curisation de ce lieu culte\u00a0\u00bb et restera pr\u00e9sente sur place \u00ab\u00a0autant que n\u00e9cessaire\u00a0\u00bb, a annonc\u00e9 le pr\u00e9fet des Alpes-Maritimes sur son compte X.\n                            <\/p>\n<p>Aux alentours de 19\u00a0heures, ce jeudi 4\u00a0septembre, plusieurs personnes ont tent\u00e9 de s\u2019introduire dans une synagogue, \u00e0 Nice (Alpes-Maritimes), qui, ce jour-l\u00e0, accueillait\u00a0une r\u00e9union sur\u00a0l\u2019Alyah, un terme qui d\u00e9signe l\u2019acte d\u2019immigration en Terre d\u2019Isra\u00ebl.<\/p>\n<blockquote data-class=\"twitter-tweet\">\n<p lang=\"fr\" dir=\"ltr\">Nice : Intrusion de militants pro-palestiniens dans le Beth Habad de la rue Rossini. Ils bousculent une femme enceinte et tentent d&rsquo;entrer de force dans la synagogue. <a href=\"https:\/\/t.co\/RY2GDYARup\" rel=\"nofollow\">pic.twitter.com\/RY2GDYARup<\/a><\/p>\n<p>\u2014 Radio Shalom (@radioshalom94_8) <a href=\"https:\/\/twitter.com\/radioshalom94_8\/status\/1963691286428328312?ref_src=twsrc%5Etfw\" rel=\"nofollow noopener\" target=\"_blank\">September 4, 2025<\/a><\/p><\/blockquote>\n<p>Selon les informations de <a href=\"https:\/\/www.nicematin.com\/faits-divers\/des-militantes-pro-palestiennes-tentent-de-s-introduire-dans-une-synagogue-nicoise-1000573\" target=\"_self\" rel=\"nofollow noopener\">Nice-Matin<\/a>, les militants pro-palestiniens brandissaient des drapeaux et criaient \u00ab\u00a0assassins\u00a0\u00bb, tandis qu\u2019une altercation aurait ensuite \u00e9clat\u00e9 avec les fid\u00e8les du lieu de culte qui ont tent\u00e9 de les emp\u00eacher de rentrer.<\/p>\n<p>Cit\u00e9 par nos confr\u00e8res d\u2019<a href=\"https:\/\/www.francebleu.fr\/infos\/faits-divers-justice\/tentative-d-intrusion-de-militants-pro-palestiniens-dans-une-synagogue-a-nice-une-femme-enceinte-bousculee-9911198\" target=\"_self\" rel=\"nofollow noopener\">ICI Azur<\/a>, le maire de la ville, Christian Estrosi, a indiqu\u00e9 \u00ab\u00a0qu\u2019une ligne rouge\u00a0\u00bb a \u00e9t\u00e9 franchie et a demand\u00e9 des sanctions.<\/p>\n<blockquote data-class=\"twitter-tweet\">\n<p lang=\"fr\" dir=\"ltr\">Aujourd&rsquo;hui \u00e0 19h, un petit groupe d&rsquo;individus, militants pro- palestiniens, se sont introduits au sein d\u2019une \u0301synagogue, situ\u00e9e rue Rossini \u00e0 Nice. Une femme enceinte a \u00e9t\u00e9 bouscul\u00e9e.<br \/>3 individus ont \u00e9t\u00e9 tr\u00e8s rapidement interpell\u00e9s par les effectifs de la Police nationale et de\u2026<\/p>\n<p>\u2014 Pr\u00e9fet des Alpes-Maritimes\\ud83c\\uddeb\\ud83c\\uddf7 (@prefet06) <a href=\"https:\/\/twitter.com\/prefet06\/status\/1963675076198547623?ref_src=twsrc%5Etfw\" rel=\"nofollow noopener\" target=\"_blank\">September 4, 2025<\/a><\/p><\/blockquote>\n<p>De son c\u00f4t\u00e9, le pr\u00e9fet des Alpes-Maritimes a pr\u00e9cis\u00e9 sur son compte X qu\u2019une femme avait \u00e9t\u00e9 bouscul\u00e9e pendant les altercations et que \u00ab\u00a03 individus ont \u00e9t\u00e9 tr\u00e8s rapidement interpell\u00e9s par les effectifs de la Police nationale et de la police municipale. Ils ont \u00e9t\u00e9 plac\u00e9s en garde \u00e0 vue\u00a0\u00bb.<\/p>\n<p>\u00ab\u00a0J\u2019ai imm\u00e9diatement plac\u00e9 la compagnie d\u2019intervention de la police nationale en s\u00e9curisation de ce lieu de culte et qui y restera autant que n\u00e9cessaire\u00a0\u00bb, est-il \u00e9galement \u00e9crit.<\/p>\n<p>                                                                                                                                                                                                        <script async src=\"https:\/\/platform.twitter.com\/widgets.js\" charset=\"utf-8\"><\/script><\/p>\n","protected":false},"excerpt":{"rendered":"Une compagnie d\u2019intervention de la police nationale a \u00e9t\u00e9 plac\u00e9e \u00ab\u00a0en s\u00e9curisation de ce lieu culte\u00a0\u00bb et restera&hellip;\n","protected":false},"author":2,"featured_media":367874,"comment_status":"","ping_status":"","sticky":false,"template":"","format":"standard","meta":{"footnotes":""},"categories":[2819],"tags":[1111,11,1777,674,1011,27,12,2401,882,25],"class_list":{"0":"post-367873","1":"post","2":"type-post","3":"status-publish","4":"format-standard","5":"has-post-thumbnail","7":"category-nice","8":"tag-actu","9":"tag-actualites","10":"tag-eu","11":"tag-europe","12":"tag-fr","13":"tag-france","14":"tag-news","15":"tag-nice","16":"tag-provence-alpes-cote-dazur","17":"tag-republique-francaise"},"share_on_mastodon":{"url":"https:\/\/pubeurope.com\/@fr\/115151115652772965","error":""},"_links":{"self":[{"href":"https:\/\/www.europesays.com\/fr\/wp-json\/wp\/v2\/posts\/367873","targetHints":{"allow":["GET"]}}],"collection":[{"href":"https:\/\/www.europesays.com\/fr\/wp-json\/wp\/v2\/posts"}],"about":[{"href":"https:\/\/www.europesays.com\/fr\/wp-json\/wp\/v2\/types\/post"}],"author":[{"embeddable":true,"href":"https:\/\/www.europesays.com\/fr\/wp-json\/wp\/v2\/users\/2"}],"replies":[{"embeddable":true,"href":"https:\/\/www.europesays.com\/fr\/wp-json\/wp\/v2\/comments?post=367873"}],"version-history":[{"count":0,"href":"https:\/\/www.europesays.com\/fr\/wp-json\/wp\/v2\/posts\/367873\/revisions"}],"wp:featuredmedia":[{"embeddable":true,"href":"https:\/\/www.europesays.com\/fr\/wp-json\/wp\/v2\/media\/367874"}],"wp:attachment":[{"href":"https:\/\/www.europesays.com\/fr\/wp-json\/wp\/v2\/media?parent=367873"}],"wp:term":[{"taxonomy":"category","embeddable":true,"href":"https:\/\/www.europesays.com\/fr\/wp-json\/wp\/v2\/categories?post=367873"},{"taxonomy":"post_tag","embeddable":true,"href":"https:\/\/www.europesays.com\/fr\/wp-json\/wp\/v2\/tags?post=367873"}],"curies":[{"name":"wp","href":"https:\/\/api.w.org\/{rel}","templated":true}]}}