{"id":367875,"date":"2025-09-05T10:04:10","date_gmt":"2025-09-05T10:04:10","guid":{"rendered":"https:\/\/www.europesays.com\/fr\/367875\/"},"modified":"2025-09-05T10:04:10","modified_gmt":"2025-09-05T10:04:10","slug":"une-trentaine-de-temoignages-supplementaires-apres-les-revelations-de-violences-sexuelles-a-saint-stanislas","status":"publish","type":"post","link":"https:\/\/www.europesays.com\/fr\/367875\/","title":{"rendered":"Une trentaine de t\u00e9moignages suppl\u00e9mentaires apr\u00e8s les r\u00e9v\u00e9lations de violences sexuelles \u00e0 Saint-Stanislas"},"content":{"rendered":"<p>L\u2019appel \u00e0 t\u00e9moignages a port\u00e9 ses fruits. La cellule d\u2019\u00e9coute du dioc\u00e8se de Nantes a indiqu\u00e9 jeudi avoir re\u00e7u une trentaine de messages de victimes depuis le 29\u00a0ao\u00fbt, apr\u00e8s les <a href=\"https:\/\/www.20minutes.fr\/faits_divers\/4170212-20250829-nantes-dix-victimes-cinq-pretres-mis-cause-viols-agressions-denonces-college-lycee-prive\" target=\"_blank\" class=\"c-link c-link--is-underlined\" rel=\"noopener\">r\u00e9v\u00e9lations de violences sexuelles<\/a> commises durant des d\u00e9cennies au coll\u00e8ge-lyc\u00e9e <a href=\"https:\/\/www.20minutes.fr\/societe\/4170483-20250901-nantes-choc-psychologique-rentree-ambiance-pesante-eleves-saint-stanislas\" target=\"_blank\" class=\"c-link c-link--is-underlined\" rel=\"noopener\">Saint-Stanislas<\/a> par des pr\u00eatres.<\/p>\n<p>Vendredi dernier, l\u2019\u00e9v\u00eaque de Nantes, Laurent Percerou, et le directeur dioc\u00e9sain de l\u2019enseignement catholique, Fr\u00e9d\u00e9ric Delemazure, avaient r\u00e9v\u00e9l\u00e9 que des viols, <a href=\"https:\/\/www.20minutes.fr\/dossier\/agression_sexuelle\" target=\"_blank\" class=\"c-link c-link--is-underlined\" rel=\"noopener\">agressions sexuelles<\/a> et attouchements avaient \u00e9t\u00e9 commis entre\u00a01958 et\u00a01995 par cinq pr\u00eatres aujourd\u2019hui d\u00e9c\u00e9d\u00e9s de l\u2019\u00e9tablissement Saint-Stanislas ainsi qu\u2019au moins un membre du personnel \u00e9ducatif. Dix <a href=\"https:\/\/www.20minutes.fr\/faits_divers\/faits-divers-nantes\/4170505-20250902-nantes-surnommait-tateur-victime-ancien-eleve-college-prive-saint-stanislas-temoigne\" target=\"_blank\" class=\"c-link c-link--is-underlined\" rel=\"noopener\">victimes mineures<\/a> avaient \u00e9t\u00e9 recens\u00e9es, neuf hommes et une femme, tous coll\u00e9giens \u00e0 l\u2019\u00e9poque des faits.<\/p>\n<p>Lors d\u2019une conf\u00e9rence de presse, Laurent Percerou avait lanc\u00e9 un appel \u00e0 t\u00e9moignages, \u00ab\u00a0quels que soient l\u2019\u00e9poque concern\u00e9e, les d\u00e9lais, le temps pass\u00e9\u00a0\u00bb. \u00ab\u00a0L\u2019important, maintenant, c\u2019est que d\u2019autres victimes potentielles puissent \u00e9galement s\u2019exprimer\u00a0\u00bb, avait soulign\u00e9 l\u2019\u00e9v\u00eaque de Nantes.<\/p>\n<p>80\u00a0% des victimes scolaris\u00e9es \u00e0 Saint-Stanislas<\/p>\n<p>Moins d\u2019une semaine apr\u00e8s cet appel, une trentaine de messages ont d\u00e9j\u00e0 \u00e9t\u00e9 adress\u00e9s \u00e0 la cellule d\u2019accueil et d\u2019\u00e9coute du dioc\u00e8se, actuellement compos\u00e9e de sept personnes. Cette cellule \u00ab\u00a0va trouver des renforts pour organiser des rendez-vous avec les victimes, qui s\u2019effectuent toujours par deux \u00e9coutants\u00a0\u00bb, a expliqu\u00e9 le dioc\u00e8se.<\/p>\n<p>Les premiers t\u00e9moignages concernent \u00e0 80\u00a0% des faits survenus au coll\u00e8ge de Saint-Stanislas et \u00e0 20\u00a0% d\u2019autres \u00e9tablissements scolaires, \u00e0 <a href=\"https:\/\/www.20minutes.fr\/nantes\/\" target=\"_blank\" class=\"c-link c-link--is-underlined\" rel=\"noopener\">Nantes<\/a> et en dehors, pr\u00e9cise-t-on de m\u00eame source. Les victimes seront ensuite orient\u00e9es vers les instances charg\u00e9es de leur prise en charge, l\u2019Inirr (Instance nationale ind\u00e9pendante de reconnaissance et r\u00e9paration) et la CRR (Commission reconnaissance r\u00e9paration) si cela concerne des instituts religieux.<\/p>\n<\/p>\n<p>Parall\u00e8lement, le parquet de Nantes a <a href=\"https:\/\/www.20minutes.fr\/justice\/4170848-20250902-violences-sexuelles-saint-stanislas-nantes-ouverture-enquete-apres-suicide-victime-presumee\" target=\"_blank\" class=\"c-link c-link--is-underlined\" rel=\"noopener\">ouvert une enqu\u00eate<\/a> apr\u00e8s le suicide, en\u00a02024, d\u2019un quadrag\u00e9naire ayant confi\u00e9 avoir \u00e9t\u00e9 victime de violences sexuelles de la part d\u2019un surveillant lorsqu\u2019il \u00e9tait interne au coll\u00e8ge Saint-Stanislas.<\/p>\n","protected":false},"excerpt":{"rendered":"L\u2019appel \u00e0 t\u00e9moignages a port\u00e9 ses fruits. La cellule d\u2019\u00e9coute du dioc\u00e8se de Nantes a indiqu\u00e9 jeudi avoir&hellip;\n","protected":false},"author":2,"featured_media":367876,"comment_status":"","ping_status":"","sticky":false,"template":"","format":"standard","meta":{"footnotes":""},"categories":[2818],"tags":[1111,11,11863,12336,1067,1777,674,1011,27,3047,766,12,2636,1306,25,34347,799],"class_list":{"0":"post-367875","1":"post","2":"type-post","3":"status-publish","4":"format-standard","5":"has-post-thumbnail","7":"category-nantes","8":"tag-actu","9":"tag-actualites","10":"tag-catholicisme","11":"tag-eglise","12":"tag-enquete","13":"tag-eu","14":"tag-europe","15":"tag-fr","16":"tag-france","17":"tag-loire-atlantique","18":"tag-nantes","19":"tag-news","20":"tag-pays-de-la-loire","21":"tag-regions","22":"tag-republique-francaise","23":"tag-violences-sur-mineurs","24":"tag-violences-sexuelles"},"share_on_mastodon":{"url":"https:\/\/pubeurope.com\/@fr\/115151127550424847","error":""},"_links":{"self":[{"href":"https:\/\/www.europesays.com\/fr\/wp-json\/wp\/v2\/posts\/367875","targetHints":{"allow":["GET"]}}],"collection":[{"href":"https:\/\/www.europesays.com\/fr\/wp-json\/wp\/v2\/posts"}],"about":[{"href":"https:\/\/www.europesays.com\/fr\/wp-json\/wp\/v2\/types\/post"}],"author":[{"embeddable":true,"href":"https:\/\/www.europesays.com\/fr\/wp-json\/wp\/v2\/users\/2"}],"replies":[{"embeddable":true,"href":"https:\/\/www.europesays.com\/fr\/wp-json\/wp\/v2\/comments?post=367875"}],"version-history":[{"count":0,"href":"https:\/\/www.europesays.com\/fr\/wp-json\/wp\/v2\/posts\/367875\/revisions"}],"wp:featuredmedia":[{"embeddable":true,"href":"https:\/\/www.europesays.com\/fr\/wp-json\/wp\/v2\/media\/367876"}],"wp:attachment":[{"href":"https:\/\/www.europesays.com\/fr\/wp-json\/wp\/v2\/media?parent=367875"}],"wp:term":[{"taxonomy":"category","embeddable":true,"href":"https:\/\/www.europesays.com\/fr\/wp-json\/wp\/v2\/categories?post=367875"},{"taxonomy":"post_tag","embeddable":true,"href":"https:\/\/www.europesays.com\/fr\/wp-json\/wp\/v2\/tags?post=367875"}],"curies":[{"name":"wp","href":"https:\/\/api.w.org\/{rel}","templated":true}]}}