{"id":367877,"date":"2025-09-05T10:05:15","date_gmt":"2025-09-05T10:05:15","guid":{"rendered":"https:\/\/www.europesays.com\/fr\/367877\/"},"modified":"2025-09-05T10:05:15","modified_gmt":"2025-09-05T10:05:15","slug":"la-grande-course-de-trottinettes-solidaire-pour-les-enfants","status":"publish","type":"post","link":"https:\/\/www.europesays.com\/fr\/367877\/","title":{"rendered":"La Grande Course de Trottinettes solidaire pour les enfants"},"content":{"rendered":"<p><strong>Pr\u00e9parez vos casques et vos trottinettes : le rendez-vous solidaire et festif de la rentr\u00e9e fait son grand retour sur les quais de Bordeaux ! Le samedi 13 septembre 2025, petits et grands ont rendez-vous pour une matin\u00e9e pleine d\u2019\u00e9nergie, de bonne humeur\u2026 et de g\u00e9n\u00e9rosit\u00e9. Un \u00e9v\u00e9nement 100 % gratuit, ouvert aux enfants de 6 \u00e0 12 ans, qui mobilise la ville autour d\u2019un objectif fort : soutenir la lutte contre les cancers p\u00e9diatriques.<\/strong><\/p>\n<p>Un objectif ambitieux pour une noble cause<\/p>\n<p><img loading=\"lazy\" decoding=\"async\" width=\"700\" height=\"500\" src=\"https:\/\/www.europesays.com\/fr\/wp-content\/uploads\/2025\/09\/Trotinettejpg.jpg\" alt=\"Trotinettejpg\" class=\"wp-image-18809317\" title=\"La Grande Course de Trottinettes revient \u00e0 Bordeaux le 13 septembre : un d\u00e9fi solidaire pour les enfants 1\"  \/>Cr\u00e9dit : La Grande Course de Trottinettes<\/p>\n<p>En 2025, l\u2019\u00e9v\u00e9nement prend une nouvelle dimension avec un objectif de taille : <strong>devenir la plus grosse course de trottinettes d\u2019Europe<\/strong> ! Pour cela, les organisateurs ont \u00e9largi les inscriptions aux enfants du <strong>CP jusqu\u2019\u00e0 la 5\u1d49<\/strong>, soit une tranche d\u2019\u00e2ge de <strong>6 \u00e0 12 ans<\/strong>. L\u2019id\u00e9e est simple : r\u00e9unir un maximum de jeunes participants pour <strong>mobiliser, sensibiliser et r\u00e9colter des fonds<\/strong> en faveur des enfants malades.<\/p>\n<p>L\u2019int\u00e9gralit\u00e9 des dons et b\u00e9n\u00e9fices de la journ\u00e9e sera revers\u00e9e \u00e0 deux associations locales engag\u00e9es dans cette lutte :<\/p>\n<p><strong>La Ligue contre le cancer Gironde<\/strong>, acteur majeur de la recherche et de l\u2019accompagnement des familles.<\/p>\n<p><strong>Parentr\u2019aide Cancer Bordeaux<\/strong>, qui offre un soutien pr\u00e9cieux aux familles touch\u00e9es par la maladie.<\/p>\n<p>Depuis 2013, plus de <strong>200 000 \u20ac<\/strong> ont \u00e9t\u00e9 collect\u00e9s gr\u00e2ce \u00e0 cet \u00e9v\u00e9nement dans diff\u00e9rentes villes (Bordeaux, Toulouse, L\u00e9e, Bayonne\u2026). Cette ann\u00e9e encore, <strong>chaque tour de roue compte<\/strong> !<\/p>\n<p>Le Trotti-Village : bien plus qu\u2019une course !<\/p>\n<p><img loading=\"lazy\" decoding=\"async\" width=\"700\" height=\"500\" src=\"https:\/\/www.europesays.com\/fr\/wp-content\/uploads\/2025\/09\/Course-trot.jpg\" alt=\"La Grande Course de Trottinettes revient \u00e0 Bordeaux le 13 septembre : un d\u00e9fi solidaire pour les enfants&#10;\" class=\"wp-image-18809318\" title=\"La Grande Course de Trottinettes revient \u00e0 Bordeaux le 13 septembre : un d\u00e9fi solidaire pour les enfants 2\"  \/>Cr\u00e9dit : La Grande Course de Trottinettes<\/p>\n<p>La course est le point d\u2019orgue de la journ\u00e9e, mais <strong>le Trotti-Village<\/strong>, situ\u00e9 au c\u0153ur de la Placette de Munich, vous r\u00e9serve une <strong>multitude d\u2019activit\u00e9s<\/strong> et d\u2019animations familiales :<\/p>\n<p><strong>Ateliers cr\u00e9atifs<\/strong> : maquillage, bricolages, dessins solidaires<br \/><strong>Jeux g\u00e9ants en bois<\/strong> pour petits et grands<br \/><strong>Stands de restauration et foodtrucks<\/strong> : cr\u00eapes, snacks, boissons fra\u00eeches<br \/><strong>Animations partenaires<\/strong> : d\u00e9monstrations sportives, tombolas, surprises\u2026<\/p>\n<p>Tout est r\u00e9uni pour faire de cette matin\u00e9e un <strong>v\u00e9ritable moment de f\u00eate<\/strong>, de <strong>solidarit\u00e9<\/strong> et de <strong>partage interg\u00e9n\u00e9rationnel<\/strong>.<\/p>\n<p>Qui peut participer ?<\/p>\n<p>La course est <strong>ouverte \u00e0 tous les enfants<\/strong> de 6 \u00e0 12 ans (du CP jusqu\u2019\u00e0 la 5\u1d49). Que votre enfant soit un trotti-pro aguerri ou juste un amateur de glisse urbaine, il pourra :<\/p>\n<p><strong>Rouler \u00e0 son rythme<\/strong>, sur un parcours s\u00e9curis\u00e9,<\/p>\n<p><strong>Se d\u00e9guiser<\/strong> pour un moment encore plus fun,<\/p>\n<p><strong>S\u2019amuser <\/strong>entre amis ou en famille.<\/p>\n<p><strong>Tous les niveaux sont les bienvenus<\/strong> ! Il ne s\u2019agit pas de comp\u00e9tition, mais de participation. Le but est de <strong>rouler pour une bonne cause<\/strong>, et surtout, de s\u2019amuser dans un cadre festif.<\/p>\n<p>Le d\u00e9roul\u00e9 de la matin\u00e9e<\/p>\n<p><img loading=\"lazy\" decoding=\"async\" width=\"700\" height=\"500\" src=\"https:\/\/www.europesays.com\/fr\/wp-content\/uploads\/2025\/09\/enfant-trotinette.jpg\" alt=\"La Grande Course de Trottinettes revient \u00e0 Bordeaux le 13 septembre : un d\u00e9fi solidaire pour les enfants\" class=\"wp-image-18809319\" title=\"La Grande Course de Trottinettes revient \u00e0 Bordeaux le 13 septembre : un d\u00e9fi solidaire pour les enfants 3\"  \/>Cr\u00e9dit : La Grande Course de Trottinettes<\/p>\n<p><strong>09\u00a0h\u00a030<\/strong> : Accueil des familles, remise des dossards, \u00e9chauffement collectif avec musique et animations<br \/><strong>10\u00a0h\u00a000<\/strong> : D\u00e9part officiel de la course par groupes d\u2019\u00e2ge (6-7 ans, 8-9 ans, 10-12 ans)<br \/><strong>11\u00a0h\u00a030<\/strong> : Fin des parcours \u2013 remise des dipl\u00f4mes et photo g\u00e9ante<br \/><strong>12\u00a0h\u00a000 \u00e0 13\u00a0h\u00a030<\/strong> : Animations libres dans le Trotti-Village<\/p>\n<p>Tous les enfants inscrits recevront :<\/p>\n<p>Un <strong>dossard personnalis\u00e9<\/strong><\/p>\n<p>Un <strong>dipl\u00f4me de participation<\/strong><\/p>\n<p>Des <strong>cadeaux souvenirs<\/strong> offerts par les partenaires<\/p>\n<p>Un \u00e9v\u00e9nement \u00e9coresponsable et s\u00e9curis\u00e9<\/p>\n<p>une logistique bien rod\u00e9e et des engagements forts :<\/p>\n<p><strong>Respect de l\u2019environnement<\/strong> : tri des d\u00e9chets, limitation des plastiques \u00e0 usage unique<\/p>\n<p><strong>S\u00e9curit\u00e9 avant tout<\/strong> : port du casque obligatoire, encadrement par des b\u00e9n\u00e9voles, barri\u00e9rage des parcours<\/p>\n<p><strong>Accessibilit\u00e9<\/strong> : espaces pr\u00e9vus pour les poussettes et les personnes \u00e0 mobilit\u00e9 r\u00e9duite<\/p>\n<p>Les familles sont invit\u00e9es \u00e0 <strong>venir en transports en commun<\/strong>, \u00e0 v\u00e9lo ou en covoiturage pour limiter l\u2019empreinte carbone de l\u2019\u00e9v\u00e9nement. <\/p>\n<p>Pourquoi venir ?<\/p>\n<p>Parce que <strong>chaque geste compte<\/strong>. Participer \u00e0 cette course, c\u2019est :<\/p>\n<p>Montrer \u00e0 vos enfants les valeurs de <strong>solidarit\u00e9<\/strong> et d\u2019<strong>empathie<\/strong><\/p>\n<p>Soutenir des familles confront\u00e9es \u00e0 des \u00e9preuves difficiles<\/p>\n<p>Cr\u00e9er des <strong>souvenirs positifs et \u00e9ducatifs<\/strong><\/p>\n<p>Prendre part \u00e0 une action <strong>utile, locale et joyeuse<\/strong><\/p>\n<p>Que vous veniez avec un, deux ou dix enfants, <strong>vous ferez une vraie diff\u00e9rence<\/strong> dans la vie des petits h\u00e9ros qui se battent chaque jour contre la maladie<\/p>\n<p>Comment s\u2019inscrire ?<\/p>\n<p>Les inscriptions se font en ligne, en quelques clics sur le site officiel :<a href=\"http:\/\/www.lagrandecoursedetrottinettes.fr\" target=\"_blank\" rel=\"noreferrer noopener nofollow\"> cliquez ici<\/a><\/p>\n<p>Il est aussi possible de poser vos questions ou d\u2019inscrire un groupe (scolaire, p\u00e9riscolaire, centre de loisirs\u2026) en contactant : <strong><a>trottibordeaux@gmail.com<\/a><\/strong><br \/><strong>Num\u00e9ro <\/strong>:  <strong>05 57 22 33 18<\/strong><br \/><strong>Attention,<\/strong> les <strong>places sont limit\u00e9es<\/strong> et chaque ann\u00e9e l\u2019\u00e9v\u00e9nement affiche complet tr\u00e8s rapidement !<\/p>\n<p>Un record \u00e0 battre tous ensemble <\/p>\n<p>Cette ann\u00e9e, <strong>un d\u00e9fi de taille vous attend<\/strong> : battre le record du nombre de participants et entrer dans l\u2019histoire en devenant <strong>la plus grande course de trot d\u2019Europe<\/strong> !<\/p>\n<p>Imaginez des centaines d\u2019enfants roulant ensemble pour une m\u00eame cause, dans la bonne humeur, sous le soleil de septembre \u00e0 Bordeaux. C\u2019est ce moment magique que les organisateurs veulent cr\u00e9er avec vous.<\/p>\n<p>Envie d\u2019id\u00e9es d\u2019activit\u00e9s pour pimenter votre \u00e9t\u00e9. Nous avons la solution pour vous :<a href=\"https:\/\/quoifaireabordeaux.com\/festival-gratuit-libourne-confluence-2025\/\" target=\"_blank\" rel=\"noreferrer noopener nofollow\"> cliquez ici<\/a><\/p>\n<p>\t\t\t\t\t\t\t\t\t\t\tLa Grande Course de Trottinettes revient \u00e0 Bordeaux le 13 septembre : un d\u00e9fi solidaire pour les enfants<\/p>\n<p>Placette de Munich, Bordeaux<\/p>\n<p><strong data-start=\"6055\" data-end=\"6065\">\u00c9vent :<\/strong>\u00a0Grande Course de Trottinettes Bordeaux<br data-start=\"6104\" data-end=\"6107\"\/><strong data-start=\"6110\" data-end=\"6121\">Quand :<\/strong>\u00a0Samedi 13 septembre 2025<br data-start=\"6146\" data-end=\"6149\"\/><strong data-start=\"6152\" data-end=\"6165\">Horaire :<\/strong>\u00a09 h 30 \u2013 13 h 30<br data-start=\"6178\" data-end=\"6181\"\/><strong data-start=\"6184\" data-end=\"6198\">Pour qui : <\/strong>\u00a0Enfants de 6 \u00e0 12 ans (CP \u00e0 5\u1d49)<br data-start=\"6230\" data-end=\"6233\"\/><strong data-start=\"6236\" data-end=\"6247\">Tarif :<\/strong>\u00a0Gratuit (inscription obligatoire)<br data-start=\"6281\" data-end=\"6284\"\/><strong data-start=\"6287\" data-end=\"6295\">Lieu :<\/strong>\u00a0Placette de Munich, Bordeaux<br data-start=\"6324\" data-end=\"6327\"\/><strong data-start=\"6330\" data-end=\"6352\">Lien d\u2019inscription<\/strong> : <a class=\"\" href=\"http:\/\/www.lagrandecoursedetrottinettes.fr\" target=\"_new\" rel=\"noopener nofollow\" data-start=\"6355\" data-end=\"6436\">www.lagrandecoursedetrottinettes.fr<\/a><br data-start=\"6436\" data-end=\"6439\"\/><strong data-start=\"6442\" data-end=\"6451\">Infos<\/strong> : 05 57 22 33 18\u00a0 <a class=\"cursor-pointer\" rel=\"noopener\" data-start=\"6474\" data-end=\"6498\">trottibordeaux@gmail.com<\/a><\/p>\n","protected":false},"excerpt":{"rendered":"Pr\u00e9parez vos casques et vos trottinettes : le rendez-vous solidaire et festif de la rentr\u00e9e fait son grand&hellip;\n","protected":false},"author":2,"featured_media":367878,"comment_status":"","ping_status":"","sticky":false,"template":"","format":"standard","meta":{"footnotes":""},"categories":[2817],"tags":[1111,11,1997,1777,674,1011,27,12,2219,25],"class_list":{"0":"post-367877","1":"post","2":"type-post","3":"status-publish","4":"format-standard","5":"has-post-thumbnail","7":"category-bordeaux","8":"tag-actu","9":"tag-actualites","10":"tag-bordeaux","11":"tag-eu","12":"tag-europe","13":"tag-fr","14":"tag-france","15":"tag-news","16":"tag-nouvelle-aquitaine","17":"tag-republique-francaise"},"share_on_mastodon":{"url":"https:\/\/pubeurope.com\/@fr\/115151131851953086","error":""},"_links":{"self":[{"href":"https:\/\/www.europesays.com\/fr\/wp-json\/wp\/v2\/posts\/367877","targetHints":{"allow":["GET"]}}],"collection":[{"href":"https:\/\/www.europesays.com\/fr\/wp-json\/wp\/v2\/posts"}],"about":[{"href":"https:\/\/www.europesays.com\/fr\/wp-json\/wp\/v2\/types\/post"}],"author":[{"embeddable":true,"href":"https:\/\/www.europesays.com\/fr\/wp-json\/wp\/v2\/users\/2"}],"replies":[{"embeddable":true,"href":"https:\/\/www.europesays.com\/fr\/wp-json\/wp\/v2\/comments?post=367877"}],"version-history":[{"count":0,"href":"https:\/\/www.europesays.com\/fr\/wp-json\/wp\/v2\/posts\/367877\/revisions"}],"wp:featuredmedia":[{"embeddable":true,"href":"https:\/\/www.europesays.com\/fr\/wp-json\/wp\/v2\/media\/367878"}],"wp:attachment":[{"href":"https:\/\/www.europesays.com\/fr\/wp-json\/wp\/v2\/media?parent=367877"}],"wp:term":[{"taxonomy":"category","embeddable":true,"href":"https:\/\/www.europesays.com\/fr\/wp-json\/wp\/v2\/categories?post=367877"},{"taxonomy":"post_tag","embeddable":true,"href":"https:\/\/www.europesays.com\/fr\/wp-json\/wp\/v2\/tags?post=367877"}],"curies":[{"name":"wp","href":"https:\/\/api.w.org\/{rel}","templated":true}]}}