{"id":367879,"date":"2025-09-05T10:06:18","date_gmt":"2025-09-05T10:06:18","guid":{"rendered":"https:\/\/www.europesays.com\/fr\/367879\/"},"modified":"2025-09-05T10:06:18","modified_gmt":"2025-09-05T10:06:18","slug":"a-bordeaux-canopia-rafraichit-lambiance","status":"publish","type":"post","link":"https:\/\/www.europesays.com\/fr\/367879\/","title":{"rendered":"A Bordeaux, Canopia rafra\u00eechit l\u2019ambiance"},"content":{"rendered":"<p class=\"c-paragraph\">\u00ab Au 1er ao\u00fbt 2045, les estimations font appara\u00eetre une <b>diff\u00e9rence de temp\u00e9rature ressentie de 12 \u00b0C entre une rue situ\u00e9e au sein de <\/b><a href=\"\" rel=\"\" title=\"\"><b>Canopia<\/b><\/a><b> et une rue voisine \u00e0 l\u2019ext\u00e9rieur du quartier<\/b> \u00bb, la rue Saget, particuli\u00e8rement expos\u00e9e car <b>non prot\u00e9g\u00e9e, ni par la v\u00e9g\u00e9tation, ni par l\u2019ombre des b\u00e2timents<\/b>. En ces temps d\u2019\u00e9pisodes caniculaires \u00e0 r\u00e9p\u00e9tition, l\u2019annonce est percutante. <\/p>\n<p class=\"c-paragraph\">Au-del\u00e0 de la comparaison avec une rue voisine, <a href=\"https:\/\/www.lemoniteur.fr\/article\/mesurer-pour-predire-et-mieux-concevoir-la-ville-de-demain-laurent-husson-president-de-climate-city.966914\" target=\"_self\" rel=\"noopener\" title=\"https:\/\/www.lemoniteur.fr\/article\/mesurer-pour-predire-et-mieux-concevoir-la-ville-de-demain-laurent-husson-president-de-climate-city.966914\">plusieurs sc\u00e9narios d\u2019am\u00e9nagement du nouveau quartier -compos\u00e9 de bureaux, commerces, logements \u00e9tudiants&#8230; et d\u2019un parc de 2ha- ont \u00e9t\u00e9 \u00e9tudi\u00e9s par The Climate Company<\/a>. R\u00e9sultat ? La combinaison<b> v\u00e9g\u00e9tation haute et basse et pr\u00e9sence de l\u2019eau<\/b> conduit \u00e0 une baisse de 10,5 \u00b0C, compar\u00e9 au m\u00eame projet sans aucun \u00e9l\u00e9ment \u00ab rafra\u00eechissant \u00bb. <\/p>\n<p class=\"c-paragraph\">Le premier palier est franchi <b>gr\u00e2ce aux arbres<\/b> avec une baisse de 9,45 \u00b0C permise par l\u2019ombrage et l\u2019\u00e9vapotranspiration. Une sensation de fra\u00eecheur qui devrait \u00eatre ressentie jusque dans les b\u00e2timents gr\u00e2ce \u00e0 la v\u00e9g\u00e9talisation de 2 000 m2 de fa\u00e7ades par l\u2019entreprise d\u2019art des jardins et d\u2019ing\u00e9nierie environnementale Minghzu Nerval.<\/p>\n<p><a class=\"flourish-credit\" href=\"https:\/\/public.flourish.studio\/visualisation\/24974738\/?utm_source=embed&amp;utm_campaign=visualisation\/24974738\" target=\"_top\" style=\"text-decoration:none!important\" rel=\"noopener\"><img decoding=\"async\" alt=\"Made with Flourish\" src=\"https:\/\/public.flourish.studio\/resources\/made_with_flourish.svg\" style=\"width:105px!important;height:16px!important;border:none!important;margin:0!important;\"\/> <\/a>Une analyse \u00e0 l\u2019\u00e9chelle du b\u00e2timent<\/p>\n<p class=\"c-paragraph\">Si Apsys, le promoteur, \u00e9tait convaincu par sa <b>d\u00e9marche environnementale, men\u00e9e avec les architectes de la Maison Edouard Fran\u00e7ois et le paysagiste Michel Desvigne<\/b>, il souhaitait l\u2019objectiver et a fait appel \u00e0 la start-up toulousaine. Pour obtenir cette estimation \u2013 et plus globalement accompagner ses clients dans une d\u00e9marche d\u2019adaptation au r\u00e9chauffement climatique -, <b>The Climate Company utilise donn\u00e9es satellitaires, climatiques et intelligence artificielle<\/b>. \u00ab Notre particularit\u00e9 est d\u2019avoir invent\u00e9 un algorithme qui permet de faire une analyse \u00e0 l\u2019\u00e9chelle urbaine, et m\u00eame \u00e0 l\u2019\u00e9chelle d\u2019un b\u00e2timent \u00bb, pr\u00e9cise Laurent Husson, pr\u00e9sident et cofondateur de The Climate Company. <b>Peut ainsi \u00eatre calcul\u00e9 le niveau d\u2019expositions aux risques et la vuln\u00e9rabilit\u00e9 sur les 20 prochaines ann\u00e9es<\/b>, \u00ab une situation d\u00e9j\u00e0 connue \u00bb, pr\u00e9cise Laurent Husson. <\/p>\n<p class=\"c-paragraph\">\u00ab Nous simulons tous les ph\u00e9nom\u00e8nes physiques qui vont interagir avec le programme en prenant en compte tous les \u00e9l\u00e9ments : les diff\u00e9rentes strates de v\u00e9g\u00e9tation, les essences, mais \u00e9galement la relation entre les immeubles, leur taille, leur distance, leur compacit\u00e9\u2026 \u00bb Une fois tous ces items pass\u00e9s par les outils de la start-up, Laurent Husson est en mesure de dire que <b>Canopia est \u00ab un programme remarquable, un vrai succ\u00e8s th\u00e9orique qui tient le choc<\/b> \u00bb, puisqu\u2019au-del\u00e0 d\u2019offrir un confort thermique, sa pr\u00e9sence n\u2019impactera pas la temp\u00e9rature moyenne, il la ferait m\u00eame sensiblement baisser, selon The Climate Company.<\/p>\n","protected":false},"excerpt":{"rendered":"\u00ab Au 1er ao\u00fbt 2045, les estimations font appara\u00eetre une diff\u00e9rence de temp\u00e9rature ressentie de 12 \u00b0C entre&hellip;\n","protected":false},"author":2,"featured_media":367880,"comment_status":"","ping_status":"","sticky":false,"template":"","format":"standard","meta":{"footnotes":""},"categories":[2817],"tags":[1111,11,35330,36782,1350,1997,1777,674,1011,27,2905,33054,18050,12,2219,25,1352],"class_list":{"0":"post-367879","1":"post","2":"type-post","3":"status-publish","4":"format-standard","5":"has-post-thumbnail","7":"category-bordeaux","8":"tag-actu","9":"tag-actualites","10":"tag-adaptation-au-changement-climatique","11":"tag-architectes","12":"tag-architecture","13":"tag-bordeaux","14":"tag-eu","15":"tag-europe","16":"tag-fr","17":"tag-france","18":"tag-gironde","19":"tag-ilots-de-fraicheur","20":"tag-michel-desvigne","21":"tag-news","22":"tag-nouvelle-aquitaine","23":"tag-republique-francaise","24":"tag-urbanisme"},"share_on_mastodon":{"url":"https:\/\/pubeurope.com\/@fr\/115151135286178332","error":""},"_links":{"self":[{"href":"https:\/\/www.europesays.com\/fr\/wp-json\/wp\/v2\/posts\/367879","targetHints":{"allow":["GET"]}}],"collection":[{"href":"https:\/\/www.europesays.com\/fr\/wp-json\/wp\/v2\/posts"}],"about":[{"href":"https:\/\/www.europesays.com\/fr\/wp-json\/wp\/v2\/types\/post"}],"author":[{"embeddable":true,"href":"https:\/\/www.europesays.com\/fr\/wp-json\/wp\/v2\/users\/2"}],"replies":[{"embeddable":true,"href":"https:\/\/www.europesays.com\/fr\/wp-json\/wp\/v2\/comments?post=367879"}],"version-history":[{"count":0,"href":"https:\/\/www.europesays.com\/fr\/wp-json\/wp\/v2\/posts\/367879\/revisions"}],"wp:featuredmedia":[{"embeddable":true,"href":"https:\/\/www.europesays.com\/fr\/wp-json\/wp\/v2\/media\/367880"}],"wp:attachment":[{"href":"https:\/\/www.europesays.com\/fr\/wp-json\/wp\/v2\/media?parent=367879"}],"wp:term":[{"taxonomy":"category","embeddable":true,"href":"https:\/\/www.europesays.com\/fr\/wp-json\/wp\/v2\/categories?post=367879"},{"taxonomy":"post_tag","embeddable":true,"href":"https:\/\/www.europesays.com\/fr\/wp-json\/wp\/v2\/tags?post=367879"}],"curies":[{"name":"wp","href":"https:\/\/api.w.org\/{rel}","templated":true}]}}