{"id":367881,"date":"2025-09-05T10:07:10","date_gmt":"2025-09-05T10:07:10","guid":{"rendered":"https:\/\/www.europesays.com\/fr\/367881\/"},"modified":"2025-09-05T10:07:10","modified_gmt":"2025-09-05T10:07:10","slug":"enleve-au-hasard-a-la-sortie-dun-bar-la-nuit-de-terreur-vecue-par-un-jeune-toulousain-relache-par-ses-kidnappeurs-200-km-plus-loin","status":"publish","type":"post","link":"https:\/\/www.europesays.com\/fr\/367881\/","title":{"rendered":"Enlev\u00e9 au hasard \u00e0 la sortie d\u2019un bar\u00a0: la nuit de terreur v\u00e9cue par un jeune Toulousain, rel\u00e2ch\u00e9 par ses kidnappeurs 200\u00a0km plus loin"},"content":{"rendered":"<p>\n                                                                Un jeune homme a \u00e9t\u00e9 enlev\u00e9 place Saint-Pierre \u00e0 Toulouse, s\u00e9questr\u00e9 pendant douze heures et abandonn\u00e9 \u00e0 200\u00a0km de l\u00e0, apr\u00e8s avoir \u00e9t\u00e9 violent\u00e9 et d\u00e9pouill\u00e9. Deux mineurs ont \u00e9t\u00e9 interpell\u00e9s et plac\u00e9s en d\u00e9tention provisoire.\n                            <\/p>\n<p>Dans la nuit du 8 au 9\u00a0ao\u00fbt dernier, un jeune homme de 20 ans a \u00e9t\u00e9 enlev\u00e9, s\u00e9questr\u00e9 et d\u00e9pouill\u00e9 apr\u00e8s une soir\u00e9e \u00e0 Toulouse, rapporte <a href=\"https:\/\/www.ladepeche.fr\/2025\/09\/04\/info-la-depeche-sequestre-frappe-depouille-puis-abandonne-a-200-km-le-cauchemar-dun-jeune-toulousain-enleve-en-sortant-dun-bar-12910653.php\" target=\"_self\" rel=\"nofollow noopener\">La D\u00e9p\u00eache du Midi<\/a>. Vers 2\u00a0heures du matin, place Saint-Pierre, il a \u00e9t\u00e9 forc\u00e9 sous la menace d\u2019un couteau \u00e0 monter dans le coffre d\u2019une voiture par un groupe d\u2019inconnus. Pendant douze heures, la victime, alcoolis\u00e9e, a subi des violences, des vols et a \u00e9t\u00e9 gaz\u00e9e avant d\u2019\u00eatre abandonn\u00e9e plus de 200 kilom\u00e8tres de la ville rose, \u00e0 Saint-Laurent-de-la-Salanque, au nord de Perpignan.<\/p>\n<p>Les agresseurs ont utilis\u00e9 ses codes bancaires pour effectuer des achats dans plusieurs commerces. Lib\u00e9r\u00e9 vers 14\u00a0heures le lendemain, le jeune homme, bless\u00e9 et traumatis\u00e9, a pu alerter les secours gr\u00e2ce \u00e0 des habitants.<\/p>\n<p>L\u2019enqu\u00eate de la division de la criminalit\u00e9 organis\u00e9e et sp\u00e9cialis\u00e9e (DCOS) a permis l\u2019arrestation de deux mineurs. La victime, souffrant d\u2019une double fracture du plancher orbital, a port\u00e9 plainte. Les deux suspects ont \u00e9t\u00e9 mis en examen et plac\u00e9s en d\u00e9tention provisoire.<\/p>\n","protected":false},"excerpt":{"rendered":"Un jeune homme a \u00e9t\u00e9 enlev\u00e9 place Saint-Pierre \u00e0 Toulouse, s\u00e9questr\u00e9 pendant douze heures et abandonn\u00e9 \u00e0 200\u00a0km&hellip;\n","protected":false},"author":2,"featured_media":367882,"comment_status":"","ping_status":"","sticky":false,"template":"","format":"standard","meta":{"footnotes":""},"categories":[2816],"tags":[1111,11,1777,674,1011,27,12,2680,25,2312],"class_list":{"0":"post-367881","1":"post","2":"type-post","3":"status-publish","4":"format-standard","5":"has-post-thumbnail","7":"category-toulouse","8":"tag-actu","9":"tag-actualites","10":"tag-eu","11":"tag-europe","12":"tag-fr","13":"tag-france","14":"tag-news","15":"tag-occitanie","16":"tag-republique-francaise","17":"tag-toulouse"},"share_on_mastodon":{"url":"https:\/\/pubeurope.com\/@fr\/115151139230580882","error":""},"_links":{"self":[{"href":"https:\/\/www.europesays.com\/fr\/wp-json\/wp\/v2\/posts\/367881","targetHints":{"allow":["GET"]}}],"collection":[{"href":"https:\/\/www.europesays.com\/fr\/wp-json\/wp\/v2\/posts"}],"about":[{"href":"https:\/\/www.europesays.com\/fr\/wp-json\/wp\/v2\/types\/post"}],"author":[{"embeddable":true,"href":"https:\/\/www.europesays.com\/fr\/wp-json\/wp\/v2\/users\/2"}],"replies":[{"embeddable":true,"href":"https:\/\/www.europesays.com\/fr\/wp-json\/wp\/v2\/comments?post=367881"}],"version-history":[{"count":0,"href":"https:\/\/www.europesays.com\/fr\/wp-json\/wp\/v2\/posts\/367881\/revisions"}],"wp:featuredmedia":[{"embeddable":true,"href":"https:\/\/www.europesays.com\/fr\/wp-json\/wp\/v2\/media\/367882"}],"wp:attachment":[{"href":"https:\/\/www.europesays.com\/fr\/wp-json\/wp\/v2\/media?parent=367881"}],"wp:term":[{"taxonomy":"category","embeddable":true,"href":"https:\/\/www.europesays.com\/fr\/wp-json\/wp\/v2\/categories?post=367881"},{"taxonomy":"post_tag","embeddable":true,"href":"https:\/\/www.europesays.com\/fr\/wp-json\/wp\/v2\/tags?post=367881"}],"curies":[{"name":"wp","href":"https:\/\/api.w.org\/{rel}","templated":true}]}}