{"id":367891,"date":"2025-09-05T10:12:11","date_gmt":"2025-09-05T10:12:11","guid":{"rendered":"https:\/\/www.europesays.com\/fr\/367891\/"},"modified":"2025-09-05T10:12:11","modified_gmt":"2025-09-05T10:12:11","slug":"la-braderie-dete-de-marseille-setend-a-de-nouveaux-quartiers","status":"publish","type":"post","link":"https:\/\/www.europesays.com\/fr\/367891\/","title":{"rendered":"La braderie d&rsquo;\u00e9t\u00e9 de Marseille s&rsquo;\u00e9tend \u00e0 de nouveaux quartiers"},"content":{"rendered":"<p>La braderie d&rsquo;\u00e9t\u00e9 de Marseille a lieu ce samedi 6 septembre. Cette ann\u00e9e, elle ne se d\u00e9roule pas seulement en centre-ville, mais \u00e9galement dans quatre nouveaux quartiers.<\/p>\n<p><strong>De quoi faire de bonnes affaires\u00a0!<\/strong> La cinqui\u00e8me \u00e9dition de la braderie d&rsquo;\u00e9t\u00e9 de la Ville de Marseille a lieu ce samedi, de 10h \u00e0 19h. Un rendez-vous qui s&rsquo;ancre de plus en plus \u00e0 Marseille, avec plus de\u00a0<strong>35.000 personnes attendues<\/strong> pour fl\u00e2ner entre les stands des plus de 200 commer\u00e7ants.\u00a0 Le succ\u00e8s des pr\u00e9c\u00e9dentes ann\u00e9es a d&rsquo;ailleurs amen\u00e9 la Mairie \u00e0 organiser une braderie d&rsquo;hiver, en mars dernier.<\/p>\n<p>Des stands \u00e0 Mazargues, Saint-Barnab\u00e9, Vauban et sur la Place du 4 septembre<\/p>\n<p><strong>Pour cette \u00e9dition estivale 2025, une nouveaut\u00e9 est \u00e0 souligner.<\/strong> Ou plut\u00f4t quatre. Pour la premi\u00e8re fois, la braderie ne sera pas seulement pr\u00e9sente uniquement en centre-ville (Rue de Rome, Centre Bourse, Rues Francis Davso, Paradis, Grignan, Saint-Ferr\u00e9ol), mais aussi dans quatre quartiers\u00a0: Mazargues, Saint-Barnab\u00e9, Vauban et sur la Place du 4 septembre.<\/p>\n<p>\u00ab\u00a0Marseille, ce n&rsquo;est pas que le centre-ville, m\u00eame s&rsquo;il est tr\u00e8s beau\u00a0\u00bb d\u00e9taille Rebecca Bernardi, adjointe en charge du commerce. Le commerce est aussi important ailleurs qu&rsquo;en centre ville. Pour moi c&rsquo;est \u00e9vident qu&rsquo;il faut augmenter les zones de la braderie dans les noyaux villageois\u00a0\u00bb.<\/p>\n<p>Cette ann\u00e9e quatre associations de commer\u00e7ants se joignent donc \u00e0 la f\u00eate, en attendant peut -\u00eatre d&rsquo;autres sur les prochaines \u00e9ditions. \u00ab\u00a0Cela faisait deux ou trois ans qu&rsquo;on essayait de se r\u00e9unir entre commer\u00e7ants du 7e arrondissement pour pouvoir participer \u00e0 l&rsquo;\u00e9v\u00e9nement, souligne Jessie Hessmann, co-fondatrice du concept store\u00a0<a target=\"_blank\" rel=\"nofollow noopener noreferrer\" class=\"IciLink ici-link IciArticleLink g-ici-body-regular-1 underline brand svelte-lu7k6w\" href=\"https:\/\/www.aussih.com\/\">Aussih<\/a>\u00a0(\u00e0 deux pas de la Place du 4 septembre) et membre de Coeur de 7e, l&rsquo;asso de commer\u00e7ants du quartier. On est ravis de commencer cette ann\u00e9e\u00a0!\u00a0\u00bb<\/p>\n<p>Des r\u00e9ductions jusqu&rsquo;\u00e0 -70%<\/p>\n<p>Il faut dire que les commer\u00e7ants ont de quoi saliver. Selon les retours effectu\u00e9s sur les pr\u00e9c\u00e9dentes \u00e9ditions, une journ\u00e9e de braderie repr\u00e9sente <strong>une hausse de 60% du chiffre d&rsquo;affaires<\/strong> par rapport \u00e0 une journ\u00e9e normale. \u00ab\u00a0On esp\u00e8re voir beaucoup de monde et faire de belles ventes, poursuit Jessie Hessmann.\u00a0L&rsquo;int\u00e9r\u00eat pour nous, c&rsquo;est principalement de r\u00e9cup\u00e9rer de la tr\u00e9sorerie, ce qui est aujourd&rsquo;hui le nerf de la guerre.\u00a0\u00bb<\/p>\n<p>Les commer\u00e7ants qui participent \u00e0 la braderie afficheront des r\u00e9ductions allant jusqu&rsquo;\u00e0 -70% sur certains produits.<\/p>\n<p><strong>De nombreuses rues seront rendues pi\u00e9tonnes dans le centre ville,<\/strong> ainsi qu&rsquo;\u00e0 Mazargues (voir le d\u00e9tail ci-dessous). Des rues dans lesquelles il est interdit de stationner sous peine de fourri\u00e8re, du vendredi 5 septembre 19h, au 6 septembre \u00e0 19h30. Toutefois, tous les parkings restent accessibles.<\/p>\n<p><img loading=\"lazy\" decoding=\"async\" class=\"VisualPreview svelte-1rldrkz\" src=\"data:image\/jpeg;base64,\/9j\/2wBDACgcHiMeGSgjISMtKygwPGRBPDc3PHtYXUlkkYCZlo+AjIqgtObDoKrarYqMyP\/L2u71\/\/\/\/m8H\/\/\/\/6\/+b9\/\/j\/2wBDASstLTw1PHZBQXb4pYyl+Pj4+Pj4+Pj4+Pj4+Pj4+Pj4+Pj4+Pj4+Pj4+Pj4+Pj4+Pj4+Pj4+Pj4+Pj4+Pj4+Pj\/wAARCAAqAB4DASIAAhEBAxEB\/8QAGQABAAMBAQAAAAAAAAAAAAAAAwECBAAF\/8QAFxABAQEBAAAAAAAAAAAAAAAAAAECEf\/EABYBAQEBAAAAAAAAAAAAAAAAAAMEAv\/EABcRAQEBAQAAAAAAAAAAAAAAAAABAhH\/2gAMAwEAAhEDEQA\/AHSr1Mqaw2alzkscIzzS80zTRM6U6yGVolWFmryg1CR58pM0MJlduAjRmkgcGiPZ8v\/Z\" alt=\"Le plan des rues pi\u00e9tonnes dans le centre ville et \u00e0 Mazargues.\" width=\"600\" height=\"839\"\/>  Le plan des rues pi\u00e9tonnes dans le centre ville et \u00e0 Mazargues.  &#8211; Ville de Marseille<\/p>\n<p>Par ailleurs, <strong>des animations sont pr\u00e9vues<\/strong> tout au long de la journ\u00e9e, particuli\u00e8rement dans le centre-ville. Deux fanfares et deux groupes d\u00e9ambuleront dans les rues (dont une fanfare place du 4 septembre), et un village des enfants sera install\u00e9 place du G\u00e9n\u00e9ral de Gaulle.<\/p>\n","protected":false},"excerpt":{"rendered":"La braderie d&rsquo;\u00e9t\u00e9 de Marseille a lieu ce samedi 6 septembre. Cette ann\u00e9e, elle ne se d\u00e9roule pas&hellip;\n","protected":false},"author":2,"featured_media":367892,"comment_status":"","ping_status":"","sticky":false,"template":"","format":"standard","meta":{"footnotes":""},"categories":[2814],"tags":[1111,11,1777,674,1011,27,884,12,882,25],"class_list":{"0":"post-367891","1":"post","2":"type-post","3":"status-publish","4":"format-standard","5":"has-post-thumbnail","7":"category-marseille","8":"tag-actu","9":"tag-actualites","10":"tag-eu","11":"tag-europe","12":"tag-fr","13":"tag-france","14":"tag-marseille","15":"tag-news","16":"tag-provence-alpes-cote-dazur","17":"tag-republique-francaise"},"share_on_mastodon":{"url":"https:\/\/pubeurope.com\/@fr\/115151158908046304","error":""},"_links":{"self":[{"href":"https:\/\/www.europesays.com\/fr\/wp-json\/wp\/v2\/posts\/367891","targetHints":{"allow":["GET"]}}],"collection":[{"href":"https:\/\/www.europesays.com\/fr\/wp-json\/wp\/v2\/posts"}],"about":[{"href":"https:\/\/www.europesays.com\/fr\/wp-json\/wp\/v2\/types\/post"}],"author":[{"embeddable":true,"href":"https:\/\/www.europesays.com\/fr\/wp-json\/wp\/v2\/users\/2"}],"replies":[{"embeddable":true,"href":"https:\/\/www.europesays.com\/fr\/wp-json\/wp\/v2\/comments?post=367891"}],"version-history":[{"count":0,"href":"https:\/\/www.europesays.com\/fr\/wp-json\/wp\/v2\/posts\/367891\/revisions"}],"wp:featuredmedia":[{"embeddable":true,"href":"https:\/\/www.europesays.com\/fr\/wp-json\/wp\/v2\/media\/367892"}],"wp:attachment":[{"href":"https:\/\/www.europesays.com\/fr\/wp-json\/wp\/v2\/media?parent=367891"}],"wp:term":[{"taxonomy":"category","embeddable":true,"href":"https:\/\/www.europesays.com\/fr\/wp-json\/wp\/v2\/categories?post=367891"},{"taxonomy":"post_tag","embeddable":true,"href":"https:\/\/www.europesays.com\/fr\/wp-json\/wp\/v2\/tags?post=367891"}],"curies":[{"name":"wp","href":"https:\/\/api.w.org\/{rel}","templated":true}]}}