{"id":367895,"date":"2025-09-05T10:14:10","date_gmt":"2025-09-05T10:14:10","guid":{"rendered":"https:\/\/www.europesays.com\/fr\/367895\/"},"modified":"2025-09-05T10:14:10","modified_gmt":"2025-09-05T10:14:10","slug":"une-enquete-publique-concernant-demarre-a-lyon","status":"publish","type":"post","link":"https:\/\/www.europesays.com\/fr\/367895\/","title":{"rendered":"Une enqu\u00eate publique concernant d\u00e9marre \u00e0 Lyon"},"content":{"rendered":"<p class=\"content\" style=\"font-size:1.2em;font-weight:700\">Les habitants de l&rsquo;agglom\u00e9ration lyonnaise disposent de 40 jours, \u00e0 compter du 15 septembre, pour participer \u00e0 une enqu\u00eate publique sur le projet de r\u00e9vision du Sch\u00e9ma de Coh\u00e9rence Territoriale (SCOT).<\/p>\n<p>Du 15 septembre au 24 octobre prochain, les habitants de l&rsquo;agglom\u00e9ration lyonnaise sont invit\u00e9s \u00e0 participer \u00e0 une enqu\u00eate publique sur le projet de r\u00e9vision du Sch\u00e9ma de Coh\u00e9rence Territoriale (SCOT) : un document fixant les grandes orientations d&rsquo;am\u00e9nagement du territoire pour les 15 \u00e0 20 ans \u00e0 venir. <\/p>\n<p>N\u00e9 \u00e0 l&rsquo;issue d&rsquo;une concertation publique men\u00e9e de mars 2022 \u00e0 mai 2023 aupr\u00e8s des lyonnais, <a href=\"http:\/\/M\u00e9tropole de Lyon : le projet r\u00e9vis\u00e9 du Scot, une &quot;erreur strat\u00e9gique majeure&quot; pour l\u2019opposition\">et largement critiqu\u00e9 par l&rsquo;opposition<\/a> qui d\u00e9non\u00e7ait \u00ab\u00a0des objectifs incompatibles avec le d\u00e9veloppement \u00e9quilibr\u00e9 et durable de notre M\u00e9tropole\u00a0\u00bb le projet SCOT 2040 d\u00e9fend un mod\u00e8le d&rsquo;am\u00e9nagement \u00ab\u00a0r\u00e9silient\u00a0\u00bb. Ce dernier est fond\u00e9 sur trois axes : celui de r\u00e9pondre \u00e0 l&rsquo;urgence climatique, de favoriser une agglom\u00e9ration inclusive et de structurer un territoire multipolaire.<\/p>\n<p>Pendant 40 jours, le dossier est consultable par le grand public en ligne sur <a href=\"https:\/\/www.scot-agglolyon.fr\/\" rel=\"nofollow noopener\" target=\"_blank\">le site du Sepal<\/a>, ou en format papier distribu\u00e9 aupr\u00e8s de l&rsquo;H\u00f4tel de la M\u00e9tropole de Lyon (3e). <\/p>\n<p>Pour faire part de leurs observations, les participants sont invit\u00e9s \u00e0 remplir les registres papiers d\u00e9di\u00e9s puis \u00e0 les envoyer par courrier postal \u00e0 l&rsquo;H\u00f4tel de la M\u00e9tropole, par mail \u00e0 revision-scot-agglo-lyon@mail.registre-numerique.fr, ou directement en ligne. <\/p>\n","protected":false},"excerpt":{"rendered":"Les habitants de l&rsquo;agglom\u00e9ration lyonnaise disposent de 40 jours, \u00e0 compter du 15 septembre, pour participer \u00e0 une&hellip;\n","protected":false},"author":2,"featured_media":367896,"comment_status":"","ping_status":"","sticky":false,"template":"","format":"standard","meta":{"footnotes":""},"categories":[1889],"tags":[1111,11,2430,1777,674,1011,27,2428,12,25],"class_list":{"0":"post-367895","1":"post","2":"type-post","3":"status-publish","4":"format-standard","5":"has-post-thumbnail","7":"category-lyon","8":"tag-actu","9":"tag-actualites","10":"tag-auvergne-rhone-alpes","11":"tag-eu","12":"tag-europe","13":"tag-fr","14":"tag-france","15":"tag-lyon","16":"tag-news","17":"tag-republique-francaise"},"share_on_mastodon":{"url":"https:\/\/pubeurope.com\/@fr\/115151166707937381","error":""},"_links":{"self":[{"href":"https:\/\/www.europesays.com\/fr\/wp-json\/wp\/v2\/posts\/367895","targetHints":{"allow":["GET"]}}],"collection":[{"href":"https:\/\/www.europesays.com\/fr\/wp-json\/wp\/v2\/posts"}],"about":[{"href":"https:\/\/www.europesays.com\/fr\/wp-json\/wp\/v2\/types\/post"}],"author":[{"embeddable":true,"href":"https:\/\/www.europesays.com\/fr\/wp-json\/wp\/v2\/users\/2"}],"replies":[{"embeddable":true,"href":"https:\/\/www.europesays.com\/fr\/wp-json\/wp\/v2\/comments?post=367895"}],"version-history":[{"count":0,"href":"https:\/\/www.europesays.com\/fr\/wp-json\/wp\/v2\/posts\/367895\/revisions"}],"wp:featuredmedia":[{"embeddable":true,"href":"https:\/\/www.europesays.com\/fr\/wp-json\/wp\/v2\/media\/367896"}],"wp:attachment":[{"href":"https:\/\/www.europesays.com\/fr\/wp-json\/wp\/v2\/media?parent=367895"}],"wp:term":[{"taxonomy":"category","embeddable":true,"href":"https:\/\/www.europesays.com\/fr\/wp-json\/wp\/v2\/categories?post=367895"},{"taxonomy":"post_tag","embeddable":true,"href":"https:\/\/www.europesays.com\/fr\/wp-json\/wp\/v2\/tags?post=367895"}],"curies":[{"name":"wp","href":"https:\/\/api.w.org\/{rel}","templated":true}]}}