{"id":367903,"date":"2025-09-05T10:19:11","date_gmt":"2025-09-05T10:19:11","guid":{"rendered":"https:\/\/www.europesays.com\/fr\/367903\/"},"modified":"2025-09-05T10:19:11","modified_gmt":"2025-09-05T10:19:11","slug":"ligne-10-du-metro-fermee-en-soiree-dessertes-supprimees-sur-le-rer-c-les-perturbations-du-week-end","status":"publish","type":"post","link":"https:\/\/www.europesays.com\/fr\/367903\/","title":{"rendered":"Ligne 10 du m\u00e9tro ferm\u00e9e en soir\u00e9e, dessertes supprim\u00e9es sur le RER\u00a0C\u00a0: les perturbations du week-end"},"content":{"rendered":"<p class=\"paragraph text_align_left lp-f-body-02\">Apr\u00e8s les <a href=\"https:\/\/www.leparisien.fr\/info-paris-ile-de-france-oise\/transports\/metro-rer-un-mois-daout-exceptionnel-niveau-travaux-sur-le-reseau-de-transports-dile-de-france-06-08-2025-QCP6MKW2F5CVDAFKTTNN2GPOY4.php\" target=\"_blank\" rel=\"noreferrer noopener\">gros travaux de l\u2019\u00e9t\u00e9 sur le r\u00e9seau francilien<\/a>, le service reprend de mani\u00e8re quasi-normale sur l\u2019ensemble des lignes.<\/p>\n<p class=\"paragraph text_align_left lp-f-body-02\">Quelques perturbations sont n\u00e9anmoins \u00e0 pr\u00e9voir \u00e0 partir de ce week-end des samedi 6 et dimanche 7 septembre. Le Parisien fait le point.<\/p>\n<p>M\u00e9tro : la ligne 10 ferm\u00e9e d\u00e8s 22h30 jusqu\u2019au 2 octobre<\/p>\n<p class=\"paragraph text_align_left lp-f-body-02\">C\u2019est une perturbation qui d\u00e9bute ce dimanche\u2026 mais qui se poursuivra bien au-del\u00e0 du week-end. \u00c0 partir de ce dimanche et jusqu\u2019au 2 octobre, la ligne 10 du m\u00e9tro (Gare d\u2019Austerlitz &#8211; Boulogne) ferme ses portes aux voyageurs d\u00e8s 22h30, du dimanche au jeudi soir inclus.<\/p>\n<p class=\"paragraph text_align_left lp-f-body-02\">Cette fermeture anticip\u00e9e est li\u00e9e aux <a href=\"https:\/\/www.leparisien.fr\/info-paris-ile-de-france-oise\/transports\/grand-paris-nous-avons-passe-une-nuit-sur-la-ligne-10-a-bord-du-metro-du-futur-24-06-2025-XKMOGTDBH5CHBD73C3J6ZI42GY.php\" target=\"_blank\" rel=\"noreferrer noopener\">travaux pr\u00e9paratoires \u00e0 l\u2019arriv\u00e9e du MF19<\/a> (le nouveau mod\u00e8le de m\u00e9tro ferr\u00e9) qui va \u00eatre progressivement d\u00e9ploy\u00e9 sur 8 lignes parisiennes\u2026 en commen\u00e7ant par la 10 o\u00f9 les premi\u00e8res rames de MF19 doivent \u00eatre mises en service \u00ab cet automne \u00bb.<\/p>\n<p>RER C : des gares non desservies<\/p>\n<p class=\"paragraph text_align_left lp-f-body-02\">Fermetures de branches et gares non desservies au programme ce week-end sur la ligne C. Samedi et dimanche, les trains circulant dans le sens Paris-banlieue ne marqueront pas l\u2019arr\u00eat entre Choisy-le-Roi (Val-de-Marne) et Juvisy (Essonne) et ne desserviront pas les gares de Villeneuve-le-Roi, Ablon et Athis-Mons.<\/p>\n<p class=\"paragraph text_align_left lp-f-body-02\">Le trafic ferroviaire sera interrompu, durant les deux jours, sur l\u2019axe Massy-Palaiseau &#8211; Pont de Rungis ; apr\u00e8s 23 heures pour les liaisons entre Paris-Austerlitz et Juvisy et apr\u00e8s 23h50 sur l\u2019axe Invalides &#8211; Versailles Rive Gauche.<\/p>\n<p>RER D : trafic interrompu sur les branches sud<\/p>\n<p class=\"paragraph text_align_left lp-f-body-02\">Les travaux de maintenance se poursuivent sur les branches sud du RER D et entra\u00eenent l\u2019interruption du trafic durant tout le week-end entre Corbeil-Essonnes (Essonne) et Melun (Seine-et-Marne) ainsi qu\u2019entre Corbeil et Malesherbes (Loiret). Deux services de bus de remplacement sont mis en place sur ces tron\u00e7ons.<\/p>\n<p>Transilien : attention aux fermetures sur certains tron\u00e7ons<\/p>\n<p class=\"paragraph text_align_left lp-f-body-02\"><b>Ligne H. <\/b>La branche Montsoult-Maffliers &#8211; Luzarches de la ligne de Transilien ne sera pas desservie par les trains ce week-end mais par un service de bus de remplacement sur le tron\u00e7on concern\u00e9. Les autres axes de la ligne H fonctionnent normalement.<\/p>\n<p class=\"paragraph text_align_left lp-f-body-02\"><b>Ligne K.<\/b> Pas de transilien \u00e0 attendre, samedi et dimanche toute la journ\u00e9e, entre la gare de Paris-Nord et Mitry-Claye en Seine-et-Marne. Les usagers de la ligne K peuvent se reporter sur le RER B qui effectue le m\u00eame trajet. Au-del\u00e0 de Mitry-Claye, la ligne K fonctionne normalement jusqu\u2019\u00e0 Cr\u00e9py-en-Valois (Oise).<\/p>\n<p class=\"paragraph text_align_left lp-f-body-02\"><b>Ligne N.<\/b> Fermetures partielles au menu du week-end pour les usagers de la ligne de Transilien au d\u00e9part de Montparnasse. Samedi et dimanche, les trains ne circuleront pas entre Versailles-Chantiers et Plaisir-Grignon ni sur l\u2019axe Montparnasse-Dreux (Eure et Loir).<\/p>\n<p class=\"paragraph text_align_left lp-f-body-02\">Pour le trajet Versailles &#8211; Plaisir-Grignon, report sur la ligne de bus r\u00e9guli\u00e8re 51.02 (renforc\u00e9e ce week-end). Pour Dreux, un service de bus est mis en place au d\u00e9part de Saint-Quentin-en-Yvelines (desservi par la ligne N).<\/p>\n<p class=\"paragraph text_align_left lp-f-body-02\"><b>Ligne V. <\/b>Pas de train \u00e0 attendre ce week-end sur la ligne V. L\u2019ancienne branche Versailles Chantiers &#8211; Massy-Palaiseau du RER C (transform\u00e9e en ligne de Transilien depuis un an) est ferm\u00e9e pour travaux de maintenance. Un service de bus de remplacement est mis en place sur le tron\u00e7on.<\/p>\n","protected":false},"excerpt":{"rendered":"Apr\u00e8s les gros travaux de l\u2019\u00e9t\u00e9 sur le r\u00e9seau francilien, le service reprend de mani\u00e8re quasi-normale sur l\u2019ensemble&hellip;\n","protected":false},"author":2,"featured_media":367904,"comment_status":"","ping_status":"","sticky":false,"template":"","format":"standard","meta":{"footnotes":""},"categories":[1888],"tags":[11,1777,674,1011,27,1944,12,626,25,2382],"class_list":{"0":"post-367903","1":"post","2":"type-post","3":"status-publish","4":"format-standard","5":"has-post-thumbnail","7":"category-paris","8":"tag-actualites","9":"tag-eu","10":"tag-europe","11":"tag-fr","12":"tag-france","13":"tag-ma-ville","14":"tag-news","15":"tag-paris","16":"tag-republique-francaise","17":"tag-transport-idf-oise"},"share_on_mastodon":{"url":"https:\/\/pubeurope.com\/@fr\/115151186428751520","error":""},"_links":{"self":[{"href":"https:\/\/www.europesays.com\/fr\/wp-json\/wp\/v2\/posts\/367903","targetHints":{"allow":["GET"]}}],"collection":[{"href":"https:\/\/www.europesays.com\/fr\/wp-json\/wp\/v2\/posts"}],"about":[{"href":"https:\/\/www.europesays.com\/fr\/wp-json\/wp\/v2\/types\/post"}],"author":[{"embeddable":true,"href":"https:\/\/www.europesays.com\/fr\/wp-json\/wp\/v2\/users\/2"}],"replies":[{"embeddable":true,"href":"https:\/\/www.europesays.com\/fr\/wp-json\/wp\/v2\/comments?post=367903"}],"version-history":[{"count":0,"href":"https:\/\/www.europesays.com\/fr\/wp-json\/wp\/v2\/posts\/367903\/revisions"}],"wp:featuredmedia":[{"embeddable":true,"href":"https:\/\/www.europesays.com\/fr\/wp-json\/wp\/v2\/media\/367904"}],"wp:attachment":[{"href":"https:\/\/www.europesays.com\/fr\/wp-json\/wp\/v2\/media?parent=367903"}],"wp:term":[{"taxonomy":"category","embeddable":true,"href":"https:\/\/www.europesays.com\/fr\/wp-json\/wp\/v2\/categories?post=367903"},{"taxonomy":"post_tag","embeddable":true,"href":"https:\/\/www.europesays.com\/fr\/wp-json\/wp\/v2\/tags?post=367903"}],"curies":[{"name":"wp","href":"https:\/\/api.w.org\/{rel}","templated":true}]}}