{"id":367911,"date":"2025-09-05T10:23:10","date_gmt":"2025-09-05T10:23:10","guid":{"rendered":"https:\/\/www.europesays.com\/fr\/367911\/"},"modified":"2025-09-05T10:23:10","modified_gmt":"2025-09-05T10:23:10","slug":"caracas-accuse-washington-de-mener-des-executions-illegales","status":"publish","type":"post","link":"https:\/\/www.europesays.com\/fr\/367911\/","title":{"rendered":"Caracas accuse Washington de mener des ex\u00e9cutions ill\u00e9gales"},"content":{"rendered":"<p>Le pr\u00e9sident Donald Trump a annonc\u00e9 que les forces am\u00e9ricaines avaient attaqu\u00e9 mardi un bateau transportant de la drogue dans la mer des Cara\u00efbes, tuant 11 \u00abnarcoterroristes\u00bb qui, selon lui, appartenaient \u00e0 un gang fid\u00e8le au pr\u00e9sident v\u00e9n\u00e9zu\u00e9lien Nicol\u00e1s Maduro. <\/p>\n<p>Cabello a condamn\u00e9 cette frappe, affirmant que \u00abtout soup\u00e7on de trafic de drogue ne justifie pas des ex\u00e9cutions extrajudiciaires en mer\u00bb. <\/p>\n<p>Cette action militaire repr\u00e9sente une escalade significative depuis la signature par le pr\u00e9sident am\u00e9ricain d&rsquo;un d\u00e9cret autorisant le recours \u00e0 l&rsquo;arm\u00e9e contre les cartels de la drogue. Washington affirme que le pr\u00e9sident v\u00e9n\u00e9zu\u00e9lien dirige un r\u00e9seau de trafic de drogue et a r\u00e9cemment doubl\u00e9 la r\u00e9compense pour sa capture, la portant \u00e0 50 millions de dollars. Parall\u00e8lement, Maduro met en garde contre une invasion am\u00e9ricaine et affirme que le Venezuela est pr\u00eat \u00e0 \u00abla lutte arm\u00e9e pour d\u00e9fendre son territoire national\u00bb. <\/p>\n<p>Avant son d\u00e9part pour le Mexique mardi, le secr\u00e9taire d&rsquo;\u00c9tat am\u00e9ricain Marco Rubio a affirm\u00e9 la d\u00e9termination de Trump \u00e0 utiliser toute la puissance des \u00c9tats-Unis pour \u00ab\u00e9liminer\u00bb les cartels de la drogue. <\/p>\n<p>Rubio a d\u00e9clar\u00e9 aux journalistes \u00e0 son d\u00e9part de Miami que \u00abTrump a \u00e9t\u00e9 tr\u00e8s clair : il utilisera toute la puissance de l&rsquo;Am\u00e9rique, toute la puissance des \u00c9tats-Unis, pour affronter et \u00e9liminer ces cartels de la drogue, o\u00f9 qu&rsquo;ils op\u00e8rent\u00bb.<\/p>\n","protected":false},"excerpt":{"rendered":"Le pr\u00e9sident Donald Trump a annonc\u00e9 que les forces am\u00e9ricaines avaient attaqu\u00e9 mardi un bateau transportant de la&hellip;\n","protected":false},"author":2,"featured_media":367912,"comment_status":"","ping_status":"","sticky":false,"template":"","format":"standard","meta":{"footnotes":""},"categories":[1589],"tags":[11,5024,5025,5026,258,5028,1659,5029,5027,251,33,2518,73,1866,1283,1757,1393,985,12,316,104,517,5030,1864,1865,1863,308],"class_list":{"0":"post-367911","1":"post","2":"type-post","3":"status-publish","4":"format-standard","5":"has-post-thumbnail","7":"category-etats-unis","8":"tag-actualites","9":"tag-actualites-et-infos-au-maroc","10":"tag-actualites-et-infos-mondiale","11":"tag-actualites-marocaines-du-jour","12":"tag-alimentation","13":"tag-analyses","14":"tag-art-de-vivre","15":"tag-chronique","16":"tag-consommation-et-bien-etre","17":"tag-culture","18":"tag-economie","19":"tag-edito","20":"tag-etats-unis","21":"tag-etats-unis-damerique","22":"tag-etudes","23":"tag-insolite","24":"tag-loisirs","25":"tag-mode","26":"tag-news","27":"tag-politique","28":"tag-societe","29":"tag-sport","30":"tag-tribune","31":"tag-united-states","32":"tag-united-states-of-america","33":"tag-us","34":"tag-usa"},"share_on_mastodon":{"url":"https:\/\/pubeurope.com\/@fr\/115151202232337269","error":""},"_links":{"self":[{"href":"https:\/\/www.europesays.com\/fr\/wp-json\/wp\/v2\/posts\/367911","targetHints":{"allow":["GET"]}}],"collection":[{"href":"https:\/\/www.europesays.com\/fr\/wp-json\/wp\/v2\/posts"}],"about":[{"href":"https:\/\/www.europesays.com\/fr\/wp-json\/wp\/v2\/types\/post"}],"author":[{"embeddable":true,"href":"https:\/\/www.europesays.com\/fr\/wp-json\/wp\/v2\/users\/2"}],"replies":[{"embeddable":true,"href":"https:\/\/www.europesays.com\/fr\/wp-json\/wp\/v2\/comments?post=367911"}],"version-history":[{"count":0,"href":"https:\/\/www.europesays.com\/fr\/wp-json\/wp\/v2\/posts\/367911\/revisions"}],"wp:featuredmedia":[{"embeddable":true,"href":"https:\/\/www.europesays.com\/fr\/wp-json\/wp\/v2\/media\/367912"}],"wp:attachment":[{"href":"https:\/\/www.europesays.com\/fr\/wp-json\/wp\/v2\/media?parent=367911"}],"wp:term":[{"taxonomy":"category","embeddable":true,"href":"https:\/\/www.europesays.com\/fr\/wp-json\/wp\/v2\/categories?post=367911"},{"taxonomy":"post_tag","embeddable":true,"href":"https:\/\/www.europesays.com\/fr\/wp-json\/wp\/v2\/tags?post=367911"}],"curies":[{"name":"wp","href":"https:\/\/api.w.org\/{rel}","templated":true}]}}