{"id":367915,"date":"2025-09-05T10:25:13","date_gmt":"2025-09-05T10:25:13","guid":{"rendered":"https:\/\/www.europesays.com\/fr\/367915\/"},"modified":"2025-09-05T10:25:13","modified_gmt":"2025-09-05T10:25:13","slug":"allemagne-un-enseignant-blesse-dans-une-attaque-au-couteau-a-essen-le-suspect-arrete","status":"publish","type":"post","link":"https:\/\/www.europesays.com\/fr\/367915\/","title":{"rendered":"Allemagne. Un enseignant bless\u00e9 dans une attaque au couteau \u00e0 Essen, le suspect arr\u00eat\u00e9"},"content":{"rendered":"<p>Un enseignant a \u00e9t\u00e9 bless\u00e9 vendredi matin dans une attaque au couteau dans un \u00e9tablissement de formation professionnel \u00e0 Essen, dans l&rsquo;Ouest de l&rsquo;Allemagne, a annonc\u00e9 la police qui dit mener une \u00ab intervention d&rsquo;ampleur \u00bb.<\/p>\n<p>\u00ab L&rsquo;enseignant a subi des blessures par arme blanche lors de l&rsquo;attaque \u00bb, a indiqu\u00e9 sur X la police de la r\u00e9gion de Rh\u00e9nanie-du-Nord-Westphalie, pr\u00e9cisant \u00eatre d\u00e9ploy\u00e9e en nombre sur place mais sans apporter de pr\u00e9cision sur l&rsquo;attaque ou l&rsquo;assaillant.<\/p>\n<p>D&rsquo;apr\u00e8s les informations de <a href=\"https:\/\/www.bild.de\/regional\/nordrhein-westfalen\/essen-nrw-schueler-soll-lehrerin-in-den-bauch-gestochen-haben-68ba9e5e4b4cea1e73bab8f0\" target=\"_blank\" rel=\"nofollow noopener\">Bild<\/a> et <a href=\"https:\/\/www.spiegel.de\/panorama\/justiz\/essen-lehrkraft-an-berufskolleg-angegriffen-polizei-sucht-nach-fluechtigem-taeter-a-59bb2d8d-68d0-48fd-a4f8-30b48e14aa66\" target=\"_blank\" rel=\"nofollow noopener\">Der Spiegel<\/a>, le suspect serait un \u00e9l\u00e8ve du lyc\u00e9e professionnel o\u00f9 s\u2019est d\u00e9roul\u00e9e l\u2019attaque. Il a \u00e9t\u00e9 arr\u00eat\u00e9 et bless\u00e9 par balles, a annonc\u00e9 la police. \u00ab Lors de l&rsquo;arrestation, les agents ont fait usage de leur arme \u00e0 feu. Le suspect a \u00e9t\u00e9 bless\u00e9 et re\u00e7oit actuellement des soins m\u00e9dicaux \u00bb, a indiqu\u00e9 sur les r\u00e9seaux sociaux la police de la r\u00e9gion de Rh\u00e9nanie-du-Nord-Westphalie.<\/p>\n","protected":false},"excerpt":{"rendered":"Un enseignant a \u00e9t\u00e9 bless\u00e9 vendredi matin dans une attaque au couteau dans un \u00e9tablissement de formation professionnel&hellip;\n","protected":false},"author":2,"featured_media":367916,"comment_status":"","ping_status":"","sticky":false,"template":"","format":"standard","meta":{"footnotes":""},"categories":[1587],"tags":[11,672,1804,1805,1803,1777,674,274,107,329,1801,12,1802],"class_list":{"0":"post-367915","1":"post","2":"type-post","3":"status-publish","4":"format-standard","5":"has-post-thumbnail","7":"category-allemagne","8":"tag-actualites","9":"tag-allemagne","10":"tag-bundesrepublik-deutschland","11":"tag-de","12":"tag-deutschland","13":"tag-eu","14":"tag-europe","15":"tag-faits-divers-justice","16":"tag-fil-info","17":"tag-france-monde","18":"tag-germany","19":"tag-news","20":"tag-republique-federale-dallemagne"},"share_on_mastodon":{"url":"https:\/\/pubeurope.com\/@fr\/115151209983864992","error":""},"_links":{"self":[{"href":"https:\/\/www.europesays.com\/fr\/wp-json\/wp\/v2\/posts\/367915","targetHints":{"allow":["GET"]}}],"collection":[{"href":"https:\/\/www.europesays.com\/fr\/wp-json\/wp\/v2\/posts"}],"about":[{"href":"https:\/\/www.europesays.com\/fr\/wp-json\/wp\/v2\/types\/post"}],"author":[{"embeddable":true,"href":"https:\/\/www.europesays.com\/fr\/wp-json\/wp\/v2\/users\/2"}],"replies":[{"embeddable":true,"href":"https:\/\/www.europesays.com\/fr\/wp-json\/wp\/v2\/comments?post=367915"}],"version-history":[{"count":0,"href":"https:\/\/www.europesays.com\/fr\/wp-json\/wp\/v2\/posts\/367915\/revisions"}],"wp:featuredmedia":[{"embeddable":true,"href":"https:\/\/www.europesays.com\/fr\/wp-json\/wp\/v2\/media\/367916"}],"wp:attachment":[{"href":"https:\/\/www.europesays.com\/fr\/wp-json\/wp\/v2\/media?parent=367915"}],"wp:term":[{"taxonomy":"category","embeddable":true,"href":"https:\/\/www.europesays.com\/fr\/wp-json\/wp\/v2\/categories?post=367915"},{"taxonomy":"post_tag","embeddable":true,"href":"https:\/\/www.europesays.com\/fr\/wp-json\/wp\/v2\/tags?post=367915"}],"curies":[{"name":"wp","href":"https:\/\/api.w.org\/{rel}","templated":true}]}}