{"id":367917,"date":"2025-09-05T10:26:11","date_gmt":"2025-09-05T10:26:11","guid":{"rendered":"https:\/\/www.europesays.com\/fr\/367917\/"},"modified":"2025-09-05T10:26:11","modified_gmt":"2025-09-05T10:26:11","slug":"leurope-boursiere-dans-lattente-du-rapport-sur-lemploi-us","status":"publish","type":"post","link":"https:\/\/www.europesays.com\/fr\/367917\/","title":{"rendered":"L&rsquo;Europe boursi\u00e8re dans l&rsquo;attente du rapport sur l&#8217;emploi US"},"content":{"rendered":"<p>                    Les march\u00e9s europ\u00e9ens \u00e9voluent en territoire positif dans l&rsquo;attente de la publication du rapport mensuel sur l&#8217;emploi am\u00e9ricain en ao\u00fbt en d\u00e9but d&rsquo;apr\u00e8s-midi. Cette statistique sera particuli\u00e8rement surveill\u00e9e en amont de la prochaine d\u00e9cision de la Fed, le 17 septembre. En Allemagne, les commandes \u00e0 l&rsquo;industrie ont connu une baisse surprise en juillet. C\u00f4t\u00e9 valeurs, Safran est bien orient\u00e9, le groupe envisageant de c\u00e9der une partie de ses activit\u00e9s d&rsquo;\u00e9quipements pour cabines, selon le FT. Vers midi, le CAC 40 glane 0,13% \u00e0 7709 points et l&rsquo;EuroStoxx 50 progresse de 0,15% \u00e0 5354 points. <\/p>\n<p>En Europe,<b> Orsted<\/b> (+1,51% \u00e0 200 couronnes danoises) progresse \u00e0 Copenhague alors que l&rsquo;entreprise danoise du secteur \u00e9nerg\u00e9tique a abaiss\u00e9 sa pr\u00e9vision d&rsquo;Ebitda ajust\u00e9 sur l&rsquo;exercice 2025. Il est attendu entre 24 et 27 milliards de couronnes danoises, contre une fourchette pr\u00e9c\u00e9dente de 25 \u00e0 28 milliards. Cette d\u00e9cision s&rsquo;explique par \u00a0\u00bb les vitesses inf\u00e9rieures \u00e0 la normale de l&rsquo;\u00e9olien offshore dans le portefeuille offshore, qui a eu un impact n\u00e9gatif sur l&rsquo;Ebitda d&rsquo;environ 1,2 milliard de couronnes danoises par rapport aux vitesses normalis\u00e9es du vent au cours de l&rsquo;ann\u00e9e 2025 \u00ab\u00a0, explique le groupe.<\/p>\n<p><b>Safran<\/b> (+1,21% \u00e0 284,30 euros) affiche une des plus fortes hausses de l&rsquo;indice CAC 40 apr\u00e8s des informations rapport\u00e9es ce vendredi par le Financial Times, citant trois sources proches du dossier. L&rsquo;\u00e9quipementier a\u00e9ronautique r\u00e9fl\u00e9chirait \u00e0 c\u00e9der une partie de ses activit\u00e9s dans l\u2019am\u00e9nagement int\u00e9rieur d\u2019avions (Safran Cabin). Cependant, l&rsquo;activit\u00e9 de fabrication de si\u00e8ges de cabines (Safran Seats), qui fait partie de cette division, ne serait pas concern\u00e9e par cette potentielle vente. Selon le quotidien financier britannique, l&rsquo;op\u00e9ration pourrait \u00eatre valoris\u00e9e \u00e0 1,5 milliard d&rsquo;euros.<\/p>\n<p><b> Stef<\/b> (-3,84% \u00e0 125,20 euros) a enregistr\u00e9 un\u00a0r\u00e9sultat net part du groupe au premier semestre qui s&rsquo;est repli\u00e9 de 76,7% \u00e0 15,8 millions d&rsquo;euros. Le free cash flow est toujours n\u00e9gatif \u00e0 24,5 millions d&rsquo;euros contre &#8211; 94,5 millions d&rsquo;euros au premier semestre 2024.Le r\u00e9sultat op\u00e9rationnel a recul\u00e9 de 47,6% \u00e0 55,9 millions d&rsquo;euros sur cette p\u00e9riode.<\/p>\n<p><b>Les chiffres macro\u00e9conomiques du jour<\/b><\/p>\n<p>En Allemagne, les commandes \u00e0 l&rsquo;industrie ont recul\u00e9 de 2,9% en juillet contre une hausse de 0,5% attendue. Elles \u00e9taient en baisse de 0,2% en juin.<\/p>\n<p>En juillet, le solde commercial de la France s\u2019am\u00e9liore (+0,2 milliard d\u2019euros) pour s\u2019\u00e9tablir \u00e0 -6,5 milliards d\u2019euros, indique l&rsquo;Insee ce vendredi. Sur le mois, les importations augmentent de 0,3 milliard d\u2019euros pour atteindre 57,7 milliards d\u2019euros. Les exportations progressent de 0,5 milliard d\u2019euros et s\u2019\u00e9tablissent \u00e0 51,2 milliards d\u2019euros.\u00a0<\/p>\n<p>Au cours du deuxi\u00e8me trimestre, le PIB corrig\u00e9 des variations saisonni\u00e8res a augment\u00e9 de 0,1% dans la zone euro et de 0,2% dans l&rsquo;UE, par rapport au trimestre pr\u00e9c\u00e9dent, selon une estimation publi\u00e9e par Eurostat, l&rsquo;office statistique de l&rsquo;Union europ\u00e9enne. Au cours du premier trimestre 2025, le PIB avait augment\u00e9 de 0,6% dans la zone euro et de 0,5% dans l&rsquo;UE.<\/p>\n<p>Aux Etats-Unis, le rapport sur l&#8217;emploi pour ao\u00fbt sera communiqu\u00e9 \u00e0 14h30.<\/p>\n<p>A la mi-s\u00e9ance, l&rsquo;euro progresse de 0,35% \u00e0 1,1684 dollar.<\/p>\n","protected":false},"excerpt":{"rendered":"Les march\u00e9s europ\u00e9ens \u00e9voluent en territoire positif dans l&rsquo;attente de la publication du rapport mensuel sur l&#8217;emploi am\u00e9ricain&hellip;\n","protected":false},"author":2,"featured_media":48534,"comment_status":"","ping_status":"","sticky":false,"template":"","format":"standard","meta":{"footnotes":""},"categories":[1586],"tags":[11,340,1777,674,1011,27,12,25],"class_list":{"0":"post-367917","1":"post","2":"type-post","3":"status-publish","4":"format-standard","5":"has-post-thumbnail","7":"category-europe","8":"tag-actualites","9":"tag-bourse","10":"tag-eu","11":"tag-europe","12":"tag-fr","13":"tag-france","14":"tag-news","15":"tag-republique-francaise"},"share_on_mastodon":{"url":"https:\/\/pubeurope.com\/@fr\/115151214024732514","error":""},"_links":{"self":[{"href":"https:\/\/www.europesays.com\/fr\/wp-json\/wp\/v2\/posts\/367917","targetHints":{"allow":["GET"]}}],"collection":[{"href":"https:\/\/www.europesays.com\/fr\/wp-json\/wp\/v2\/posts"}],"about":[{"href":"https:\/\/www.europesays.com\/fr\/wp-json\/wp\/v2\/types\/post"}],"author":[{"embeddable":true,"href":"https:\/\/www.europesays.com\/fr\/wp-json\/wp\/v2\/users\/2"}],"replies":[{"embeddable":true,"href":"https:\/\/www.europesays.com\/fr\/wp-json\/wp\/v2\/comments?post=367917"}],"version-history":[{"count":0,"href":"https:\/\/www.europesays.com\/fr\/wp-json\/wp\/v2\/posts\/367917\/revisions"}],"wp:featuredmedia":[{"embeddable":true,"href":"https:\/\/www.europesays.com\/fr\/wp-json\/wp\/v2\/media\/48534"}],"wp:attachment":[{"href":"https:\/\/www.europesays.com\/fr\/wp-json\/wp\/v2\/media?parent=367917"}],"wp:term":[{"taxonomy":"category","embeddable":true,"href":"https:\/\/www.europesays.com\/fr\/wp-json\/wp\/v2\/categories?post=367917"},{"taxonomy":"post_tag","embeddable":true,"href":"https:\/\/www.europesays.com\/fr\/wp-json\/wp\/v2\/tags?post=367917"}],"curies":[{"name":"wp","href":"https:\/\/api.w.org\/{rel}","templated":true}]}}