{"id":367924,"date":"2025-09-05T10:30:16","date_gmt":"2025-09-05T10:30:16","guid":{"rendered":"https:\/\/www.europesays.com\/fr\/367924\/"},"modified":"2025-09-05T10:30:16","modified_gmt":"2025-09-05T10:30:16","slug":"tanguy-les-tgv-paul-et-moi","status":"publish","type":"post","link":"https:\/\/www.europesays.com\/fr\/367924\/","title":{"rendered":"Tanguy, les TGV, Paul et moi"},"content":{"rendered":"<p class=\"PopSlotParagraph qg-tx2 qg-xtra-lh svelte-1r0pyek\">La semaine derni\u00e8re, j\u2019ai pris un train. Comme vous le savez, j\u2019ai une passion pour les TGV. Les TGV, c\u2019est assez pratique, et ce qui \u00e9tait tr\u00e8s dr\u00f4le dans ce TGV\u2026<\/p>\n<p class=\"PopSlotParagraph qg-tx2 qg-xtra-lh svelte-1r0pyek\">Pardon, je m\u2019arr\u00eate, mais je sais pas si vous voyez ce que j\u2019ai voulu faire.<\/p>\n<p class=\"PopSlotParagraph qg-tx2 qg-xtra-lh svelte-1r0pyek\">J\u2019ai essay\u00e9 de faire un d\u00e9but \u00e0 la Tanguy Pastureau.<br \/>La recette est assez simple\u00a0: au d\u00e9but de chronique, ni bonjour ni merde, et on en a rien \u00e0 foutre des salamalecs, il trace notre Tanguy national, notre vedette, notre MBAPP\u00c9 des ondes. \u00c7a rigole, \u00e7a rigole pas, rien \u00e0 foutre, c\u2019est la m\u00eame chose. Franchement, Tanguy, c\u2019est mon id\u00e9al.<\/p>\n<p class=\"PopSlotParagraph qg-tx2 qg-xtra-lh svelte-1r0pyek\">Passion Tanguy, les auditeurs et auditrices, ne nous voient pas dans le studio et donc ne voient pas qu\u2019il n\u2019est pas l\u00e0 avec nous autour de la table. Mais soyez rassur\u00e9es, dans quelques minutes, il sera bien dans la Bande Originale. C\u2019est aussi \u00e7a ce que conf\u00e8re le statut de vedette\u00a0: venir quand c\u2019est son moment.<br \/>Hey oh, c\u2019est la f\u00eate \u00e0 Tanguy ou quoi\u00a0?<\/p>\n<p class=\"PopSlotParagraph qg-tx2 qg-xtra-lh svelte-1r0pyek\">Allez, je commence. La semaine derni\u00e8re, pour le coup, c\u2019est vrai, je suis dans un TGV.<\/p>\n<p class=\"PopSlotParagraph qg-tx2 qg-xtra-lh svelte-1r0pyek\">Quand tout \u00e0 coup, entendu dans le train quelqu\u2019un dire\u00a0: \u00ab\u00a0il s\u2019est mis en maladie\u00a0\u00bb<br \/>Et une personne de lui r\u00e9pondre\u00a0: \u00ab\u00a0jusqu\u2019en septembre\u00a0? \u00bb<br \/>Oh que \u00e7a m\u2019a \u00e9nerv\u00e9, brrrrrrrrhhhhhhh.<\/p>\n<p class=\"PopSlotParagraph qg-tx2 qg-xtra-lh svelte-1r0pyek\">D\u00e9j\u00e0, ce n\u2019est pas fran\u00e7ais comme expression\u00a0: \u00ab\u00a0Il s\u2019est mis en maladie\u00a0\u00bb.<br \/>Et puis, je voyais d\u00e9j\u00e0 ces gens critiquer leur coll\u00e8gue \u00eatre en cong\u00e9 maladie.<\/p>\n<p class=\"PopSlotParagraph qg-tx2 qg-xtra-lh svelte-1r0pyek\">On oublie souvent que quand les gens obtiennent un arr\u00eat de travail, ce n\u2019est pas eux qui l\u2019ont r\u00e9dig\u00e9.<br \/>C\u2019est un m\u00e9decin qui les a re\u00e7us, a relev\u00e9 une incapacit\u00e9 de travail et puis voil\u00e0.<\/p>\n<p class=\"PopSlotParagraph qg-tx2 qg-xtra-lh svelte-1r0pyek\">Je ne suis pas s\u00fbre que tout le monde comprenne la teneur de mon analyse, alors je vais la poursuivre.<\/p>\n<p class=\"PopSlotParagraph qg-tx2 qg-xtra-lh svelte-1r0pyek\">En disant \u00ab\u00a0il s\u2019est mis en maladie\u00a0\u00bb, \u00e7a \u00e9clipse toute autorit\u00e9 ext\u00e9rieure (m\u00e9dicale en l\u2019occurrence).<br \/>Et ce, pardon, mais j\u2019ai l\u2019impression d\u2019\u00eatre Cl\u00e9ment Victorovitch, j\u2019adore. Vous voyez qui c\u2019est\u00a0?<br \/>Un analyste du langage, il d\u00e9crypte tout (l\u2019imite) : \u00ab\u00a0lorsque Bayrou dit oui \u2026 alors \u2026 le d\u00e9ficit \u2026 bref\u00a0\u00bb.<\/p>\n<p class=\"PopSlotParagraph qg-tx2 qg-xtra-lh svelte-1r0pyek\">Je misais des blagues sur limitation, mais je vais plut\u00f4t reprendre mon analyse.<br \/>Ce qui est sous-entendu dans \u00ab\u00a0il s\u2019est mis en maladie\u00a0\u00bb, c\u2019est \u00ab\u00a0il avait pas envie de venir au travail, arr\u00eat de complaisance, comprenez, il n\u2019a rien\u00a0\u00bb.<\/p>\n<p class=\"PopSlotParagraph qg-tx2 qg-xtra-lh svelte-1r0pyek\">Alors que le gars qui s\u2019est mis en maladie\u2026 (j\u2019ai vraiment l\u2019impression que c\u2019est un peu long ce passage, mais c\u2019est fou parce que \u00e7a fait \u00e0 peine une minute, peut-\u00eatre que je suis \u00e0 l\u2019antenne, il m\u2019en reste deux et je dois d\u00e9gager).<br \/>Nan, mais c\u2019est fou parce que,<br \/>En plus, moi, je le connais M\u00caME PAS, le gars.<\/p>\n<p class=\"PopSlotParagraph qg-tx2 qg-xtra-lh svelte-1r0pyek\">Mais le SIMPLE fait de savoir que deux de ses coll\u00e8gues de travail qui font du lachonara, la m\u00e9disance, le pire, de savoir que deux de ses coll\u00e8gues le critiquent, \u00e7a me donne envie de le d\u00e9fendre et de l\u2019aimer d\u2019un amour inconditionnel.<br \/>Amore e Pasquale Paoli, u babbu di a patria.<\/p>\n<p class=\"PopSlotParagraph qg-tx2 qg-xtra-lh svelte-1r0pyek\">Au moment o\u00f9 j\u2019entends les deux m\u00e9disants, qui iront en enfer, le sheitan, je re\u00e7ois un mail de France Travail, qui pense \u00e0 moi, pense \u00e0 nous. Dans un mail du 28 ao\u00fbt dernier \u00e0 13h22, c\u2019est une proposition de figuration, tenez-vous bien, pour je cite\u00a0: \u00ab\u00a0un long m\u00e9trage avec un r\u00e9alisateur de r\u00e9putation internationale\u00a0\u00bb.<br \/>Pas plus d\u2019indications sur le nom.<br \/>Dis donc, a-t-il les mains propres, ce r\u00e9alisateur\u00a0?<br \/>C\u2019est un projet secret\u00a0?<\/p>\n<p class=\"PopSlotParagraph qg-tx2 qg-xtra-lh svelte-1r0pyek\">Est-ce que France Travail est d\u00e9connect\u00e9 \u00e0 ce point du r\u00e9el\u00a0?<br \/>D\u00e9j\u00e0, est-ce qu\u2019ils pensent premier degr\u00e9 lorsqu\u2019on exerce le m\u00e9tier de com\u00e9dien que figurant c\u2019est g\u00e9nial\u00a0? Moi, je suis tr\u00e8s content qu\u2019il y ait des annonces pour les figurants, j\u2019aimerais juste qu\u2019il y en ait tout autant pour les r\u00f4les. Mais surtout, qu\u2019est-ce qu\u2019ils se sont dit \u00e0 la table de r\u00e9union\u00a0: \u00ab\u00a0il faut savoir app\u00e2ter le chaland, si on leur dit que ce r\u00e9alisateur est de r\u00e9putation internationale, alors de fa\u00e7on in\u00e9luctable, c\u2019est certain, ils vont mordre, car ces allocataires ne sont qu\u2019avides d\u2019une chose, \u00e0 savoir la reconnaissance mondiale\u00a0\u00bb.<\/p>\n<p class=\"PopSlotParagraph qg-tx2 qg-xtra-lh svelte-1r0pyek\">Leur ego est d\u00e9mesur\u00e9, surtout Santini le fris\u00e9, c\u2019est une merde, pardon, je me suis emball\u00e9.<\/p>\n<p class=\"PopSlotParagraph qg-tx2 qg-xtra-lh svelte-1r0pyek\">On n\u2019a pas d\u2019ego d\u00e9mesur\u00e9.<br \/>On veut juste un travail \u00e0 la hauteur de notre talent, la figuration pour les petites gens et les r\u00f4les pour ceux qui ont \u00e9t\u00e9 \u00e9lus, pour ceux qui ont \u00e9t\u00e9 choisis, en l\u2019occurrence pour moi, car je suis l\u2019\u00e9lu, \u00e0 double titre, me semble-t-il, de surcro\u00eet, bezratachem.<\/p>\n<p class=\"PopSlotParagraph qg-tx2 qg-xtra-lh svelte-1r0pyek\">Et puisqu\u2019on parle de cin\u00e9ma, j\u2019ai eu la chance au cours de cet \u00e9t\u00e9 de pouvoir tourner dans la s\u00e9rie de Paul Mirabel, et j\u2019ai \u00e0 ce titre-l\u00e0 une petite anecdote exceptionnelle.<br \/>Sur le tournage, \u00e0 un moment, je lui demande son salaire journalier et il me r\u00e9pond\u00a0: \u00ab\u00a0je ne vais pas te le donner mais toi, si tu veux, tu peux me donner le tien. \u00bb<br \/>J\u2019ai trouv\u00e9 que le deal \u00e9tait assez \u00e9quitable. Du coup, je lui dis le mien.<\/p>\n<p class=\"PopSlotParagraph qg-tx2 qg-xtra-lh svelte-1r0pyek\"><strong>La suite \u00e0 \u00e9couter et \u00e0 d\u00e9couvrir en vid\u00e9o\u2026<\/strong><\/p>\n","protected":false},"excerpt":{"rendered":"La semaine derni\u00e8re, j\u2019ai pris un train. Comme vous le savez, j\u2019ai une passion pour les TGV. Les&hellip;\n","protected":false},"author":2,"featured_media":367925,"comment_status":"","ping_status":"","sticky":false,"template":"","format":"standard","meta":{"footnotes":""},"categories":[4],"tags":[11,1011,27,12,25],"class_list":{"0":"post-367924","1":"post","2":"type-post","3":"status-publish","4":"format-standard","5":"has-post-thumbnail","7":"category-france","8":"tag-actualites","9":"tag-fr","10":"tag-france","11":"tag-news","12":"tag-republique-francaise"},"share_on_mastodon":{"url":"https:\/\/pubeurope.com\/@fr\/115151229606385224","error":""},"_links":{"self":[{"href":"https:\/\/www.europesays.com\/fr\/wp-json\/wp\/v2\/posts\/367924","targetHints":{"allow":["GET"]}}],"collection":[{"href":"https:\/\/www.europesays.com\/fr\/wp-json\/wp\/v2\/posts"}],"about":[{"href":"https:\/\/www.europesays.com\/fr\/wp-json\/wp\/v2\/types\/post"}],"author":[{"embeddable":true,"href":"https:\/\/www.europesays.com\/fr\/wp-json\/wp\/v2\/users\/2"}],"replies":[{"embeddable":true,"href":"https:\/\/www.europesays.com\/fr\/wp-json\/wp\/v2\/comments?post=367924"}],"version-history":[{"count":0,"href":"https:\/\/www.europesays.com\/fr\/wp-json\/wp\/v2\/posts\/367924\/revisions"}],"wp:featuredmedia":[{"embeddable":true,"href":"https:\/\/www.europesays.com\/fr\/wp-json\/wp\/v2\/media\/367925"}],"wp:attachment":[{"href":"https:\/\/www.europesays.com\/fr\/wp-json\/wp\/v2\/media?parent=367924"}],"wp:term":[{"taxonomy":"category","embeddable":true,"href":"https:\/\/www.europesays.com\/fr\/wp-json\/wp\/v2\/categories?post=367924"},{"taxonomy":"post_tag","embeddable":true,"href":"https:\/\/www.europesays.com\/fr\/wp-json\/wp\/v2\/tags?post=367924"}],"curies":[{"name":"wp","href":"https:\/\/api.w.org\/{rel}","templated":true}]}}