{"id":367928,"date":"2025-09-05T10:33:12","date_gmt":"2025-09-05T10:33:12","guid":{"rendered":"https:\/\/www.europesays.com\/fr\/367928\/"},"modified":"2025-09-05T10:33:12","modified_gmt":"2025-09-05T10:33:12","slug":"face-a-brive-il-est-primordial-pour-lus-dax-de-faire-un-resultat","status":"publish","type":"post","link":"https:\/\/www.europesays.com\/fr\/367928\/","title":{"rendered":"face \u00e0 Brive, il est \u00ab\u00a0primordial\u00a0\u00bb pour l\u2019US Dax de faire un r\u00e9sultat"},"content":{"rendered":"<p>L\u2019US Dax (16e\/-5pts) fait sa rentr\u00e9e \u00e0 Maurice-Boyau ce vendredi (19\u00a0h\u00a030) face au CA Brive (7e\/2\u00a0pts). Ce sera la premi\u00e8re de Vincent Etcheto devant le public dacquois. Malgr\u00e9 la d\u00e9faite \u00ab\u00a0frustrante\u00a0\u00bb contre Valence-Romans (36-23), le nouveau manager a confiance en son groupe. \u00ab\u00a0On sait que \u00e7a va \u00eatre compliqu\u00e9. Tout le monde nous pr\u00e9dit l\u2019enfer, mais il ne faut pas qu\u2019on panique. C\u2019est primordial de faire un r\u00e9sultat face \u00e0 Brive.\u00a0\u00bb<\/p>\n<p>Pour y parvenir, l\u2019ensemble du groupe a travaill\u00e9 sur l\u2019efficacit\u00e9 dans les zones cl\u00e9s et la gestion des temps faibles. \u00ab\u00a0On est rentr\u00e9s 11 ou 12 fois dans leur zone de marque, on marque une fois. Eux, ils marquent quatre fois sur leurs neuf tentatives.\u00a0\u00bb Dans la rencontre jusqu\u2019\u00e0 la 65e minute face au VRDR, les Landais ont craqu\u00e9 dans les derni\u00e8res minutes de la partie. \u00ab\u00a0Il faut \u00eatre un peu plus calme. Il y a des moments o\u00f9 l\u2019on n\u2019est pas en place, il y a de la fatigue ou un carton. Il ne faut pas compenser une connerie par une autre connerie.\u00a0\u00bb Le Bayonnais estime que le banc \u00ab\u00a0ne nous a pas apport\u00e9 ce qu\u2019il aurait d\u00fb\u00a0\u00bb\u00a0: \u00ab\u00a0il n\u2019y a pas eu de s\u00e9r\u00e9nit\u00e9.\u00a0\u00bb<\/p>\n<p>Une \u00e9quipe \u00ab\u00a0dense\u00a0\u00bb<\/p>\n<p>Face aux Corr\u00e9ziens, Vincent Etcheto esp\u00e8re que ses joueurs parviendront \u00e0 \u00e9liminer certaines scories. \u00ab\u00a0Il ne faut pas qu\u2019on s\u2019affole dans notre zone interm\u00e9diaire. Il faut \u00eatre plus pragmatiques.\u00a0\u00bb Il souhaite \u00e9galement que ses hommes utilisent davantage les ext\u00e9rieurs, avec plus de vitesse.<\/p>\n<p>Le manager promet de la continuit\u00e9 dans l\u2019effectif align\u00e9 ce vendredi. \u00ab\u00a0Brive est une \u00e9quipe dense. On a des joueurs comme Lolohea, Nacika ou Wasley qui poss\u00e8dent eux aussi cette densit\u00e9.\u00a0\u00bb Contrairement \u00e0 Jeff Dubois, le nouveau manager se refuse \u00e0 instaurer une \u00ab\u00a0rotation cadenc\u00e9e\u00a0\u00bb. \u00ab\u00a0La r\u00e8gle, c\u2019est vraiment de faire l\u2019\u00e9quipe que je pense la plus adapt\u00e9e par rapport \u00e0 ce qu\u2019on veut faire et \u00e0 l\u2019adversaire.\u00a0\u00bb Les rouge et blanc devraient se passer de leur embl\u00e9matique capitaine, Jean-Baptiste Barr\u00e8re, touch\u00e9 \u00e0 l\u2019ischio-jambier droit lors du dernier entra\u00eenement avant le match.<\/p>\n<p>        <img decoding=\"async\" id=\"25792069\" src=\"https:\/\/www.europesays.com\/fr\/wp-content\/uploads\/2025\/09\/usdd-cabb.jpg\" itemprop=\"contentURL\"\/><\/p>\n<p>De leur c\u00f4t\u00e9, les Brivistes se rendront dans les Landes avec l\u2019envie de s\u2019imposer, apr\u00e8s le match nul conc\u00e9d\u00e9 face \u00e0 Vannes la semaine derni\u00e8re (30-30). Les Corr\u00e9ziens auront \u00e0 c\u0153ur de prendre leur revanche sur le match de janvier, au cours duquel les Landais avaient d\u00e9croch\u00e9 une victoire bonifi\u00e9e dans les derniers instants.<\/p>\n","protected":false},"excerpt":{"rendered":"L\u2019US Dax (16e\/-5pts) fait sa rentr\u00e9e \u00e0 Maurice-Boyau ce vendredi (19\u00a0h\u00a030) face au CA Brive (7e\/2\u00a0pts). Ce sera&hellip;\n","protected":false},"author":2,"featured_media":367929,"comment_status":"","ping_status":"","sticky":false,"template":"","format":"standard","meta":{"footnotes":""},"categories":[1416],"tags":[1011,27,479,1468,60],"class_list":{"0":"post-367928","1":"post","2":"type-post","3":"status-publish","4":"format-standard","5":"has-post-thumbnail","7":"category-rugby","8":"tag-fr","9":"tag-france","10":"tag-rugby","11":"tag-rugby-football","12":"tag-sports"},"share_on_mastodon":{"url":"https:\/\/pubeurope.com\/@fr\/115151241526349661","error":""},"_links":{"self":[{"href":"https:\/\/www.europesays.com\/fr\/wp-json\/wp\/v2\/posts\/367928","targetHints":{"allow":["GET"]}}],"collection":[{"href":"https:\/\/www.europesays.com\/fr\/wp-json\/wp\/v2\/posts"}],"about":[{"href":"https:\/\/www.europesays.com\/fr\/wp-json\/wp\/v2\/types\/post"}],"author":[{"embeddable":true,"href":"https:\/\/www.europesays.com\/fr\/wp-json\/wp\/v2\/users\/2"}],"replies":[{"embeddable":true,"href":"https:\/\/www.europesays.com\/fr\/wp-json\/wp\/v2\/comments?post=367928"}],"version-history":[{"count":0,"href":"https:\/\/www.europesays.com\/fr\/wp-json\/wp\/v2\/posts\/367928\/revisions"}],"wp:featuredmedia":[{"embeddable":true,"href":"https:\/\/www.europesays.com\/fr\/wp-json\/wp\/v2\/media\/367929"}],"wp:attachment":[{"href":"https:\/\/www.europesays.com\/fr\/wp-json\/wp\/v2\/media?parent=367928"}],"wp:term":[{"taxonomy":"category","embeddable":true,"href":"https:\/\/www.europesays.com\/fr\/wp-json\/wp\/v2\/categories?post=367928"},{"taxonomy":"post_tag","embeddable":true,"href":"https:\/\/www.europesays.com\/fr\/wp-json\/wp\/v2\/tags?post=367928"}],"curies":[{"name":"wp","href":"https:\/\/api.w.org\/{rel}","templated":true}]}}