{"id":367930,"date":"2025-09-05T10:34:12","date_gmt":"2025-09-05T10:34:12","guid":{"rendered":"https:\/\/www.europesays.com\/fr\/367930\/"},"modified":"2025-09-05T10:34:12","modified_gmt":"2025-09-05T10:34:12","slug":"un-adversaire-que-je-ne-peux-pas-controler-cette-legende-du-tennis-brise-le-silence-sur-sa-sante-diminuee","status":"publish","type":"post","link":"https:\/\/www.europesays.com\/fr\/367930\/","title":{"rendered":"\u00ab\u00a0Un adversaire que je ne peux pas contr\u00f4ler\u00a0\u00bb : Cette l\u00e9gende du tennis brise le silence sur sa sant\u00e9 diminu\u00e9e"},"content":{"rendered":"<p>            <img loading=\"lazy\" decoding=\"async\" src=\"https:\/\/www.europesays.com\/fr\/wp-content\/uploads\/2025\/04\/144-64f8c016610ee-35x35-1.jpg\" class=\"author-article-picture\" width=\"35\" height=\"35\"\/><\/p>\n<p>                Par<br \/>\n                                    <a class=\"author-article-bio-link\" href=\"https:\/\/www.purepeople.com\/auteur\/louise-martin_a144\" rel=\"nofollow noopener\" target=\"_blank\">Louise Martin<\/a><br \/>\n                                                    | R\u00e9dactrice<\/p>\n<p>\n                Koh Lanta, Les Marseillais mais aussi Mari\u00e9s au Premier regards\u2026 Louise Martin est une t\u00e9l\u00e9vore qui essaye, \u00e0 ses heures perdues, de refaire les g\u00e2teaux qu\u2019elle admire devant le Meilleur P\u00e2tissier\u2026 mais elle ne risque pas de gagner le tablier bleu ! Les r\u00e9seaux sociaux n\u2019ont pas de secret pour elle, les derniers scoops, les derni\u00e8res \u00e9missions, elle les conna\u00eet tous.\n            <\/p>\n<p>\n    \u00c0 l\u2019occasion de la publication de ses m\u00e9moires dans les prochains jours, cette grande star du tennis masculin a partag\u00e9 une terrible nouvelle. Depuis plusieurs mois, cette derni\u00e8re se bat contre la maladie. Cette l\u00e9gende de la raquette est atteinte d\u2019une forme tr\u00e8s agressive de cancer. Dans son livre, elle donne plus de pr\u00e9cisions \u00e0 ce sujet.\n<\/p>\n<p>                            <img loading=\"lazy\" decoding=\"async\" class=\"player-thumbnail\" src=\"https:\/\/www.europesays.com\/fr\/wp-content\/uploads\/2025\/09\/381b9bb5fb21bf46-580x326-1.jpg\" width=\"580\" height=\"326\"\/><\/p>\n<p>                    \u00ab\u00a0Un adversaire que je ne peux pas contr\u00f4ler\u00a0\u00bb : Cette l\u00e9gende du tennis brise le silence sur sa sant\u00e9 diminu\u00e9e<\/p>\n<p>La suite apr\u00e8s la publicit\u00e9<\/p>\n<p>Le <a href=\"https:\/\/www.purepeople.com\/article\/mariage-dune-ancienne-numero-1-francaise-de-tennis-alize-cornet-filme-les-festivites_a540601\/1\" rel=\"nofollow noopener\" target=\"_blank\">tennis international<\/a> et ses ic\u00f4nes vivent des heures difficiles depuis plusieurs semaines. Et pour cause\u2026 En ao\u00fbt 2025, Monica Seles annon\u00e7ait \u00eatre atteinte d\u2019une<a href=\"https:\/\/www.purepeople.com\/article\/mourad-tsimpou-le-jeune-prodige-du-piano-disparait-a-19-ans-une-maladie-rare-en-cause_a524781\/1\" rel=\"nofollow noopener\" target=\"_blank\"> maladie rare<\/a> d\u2019origine immunitaire, appel\u00e9e myasth\u00e9nie auto-immune. Aujourd\u2019hui, <strong>c\u2019est une autre ic\u00f4ne du tennis qui vient de lever le voile sur son \u00e9tat de sant\u00e9<\/strong>. D\u2019apr\u00e8s les informations partag\u00e9es par l\u2019AFP, le Su\u00e9dois <strong>Bj\u00f6rn Borg<\/strong> traverse une <strong>p\u00e9riode difficile<\/strong>. L\u2019ancien sportif de haut niveau souffre actuellement d\u2019une <a href=\"https:\/\/www.purepeople.com\/article\/joe-biden-atteint-dun-cancer-de-niveau-9-sur-le-score-de-gleason-la-reaction-du-fils-de-donald-trump-ne-passe-pas-inapercue_a538253\/1\" rel=\"nofollow noopener\" target=\"_blank\">forme agressive de cancer<\/a>.\u00a0<\/p>\n<p>Cette annonce a d\u2019abord \u00e9t\u00e9 faite dans les colonnes du journal Expressen, puis <strong>confirm\u00e9e par la l\u00e9gende du tennis mondial elle-m\u00eame<\/strong>. \u201cJ\u2019ai maintenant un nouvel adversaire, le cancer, un adversaire que je ne peux pas contr\u00f4ler. Mais je vais le vaincre. Je n\u2019abandonnerai pas. Je me battrai chaque jour comme si c\u2019\u00e9tait la finale de Wimbledon. Et avant, \u00e7a se passait plut\u00f4t bien pour moi, non ?\u201d, a-t-il d\u00e9clar\u00e9 aupr\u00e8s de l\u2019Associated Press. Pour rappel, l&rsquo;homme avait remport\u00e9 six fois <a href=\"https:\/\/www.purepeople.com\/article\/lois-boisson-apres-roland-garros-sa-vie-dans-la-venise-des-alpes-elle-nhabite-pas-seule-et-est-tres-bien-entouree_a539177\/1\" rel=\"nofollow noopener\" target=\"_blank\">Roland-Garros<\/a> et cinq fois le <a href=\"https:\/\/www.purepeople.com\/article\/ils-sont-la-a-wimbledon-kate-middleton-et-le-prince-william-reunis-avec-leurs-enfants-charlotte-et-george-leurs-tenues-sont-impeccables_a540362\/1\" rel=\"nofollow noopener\" target=\"_blank\">tournoi de Wimbledon<\/a>, avant de prendre sa retraite \u00e0 cause d&rsquo;un \u00e9puisement mental.<br \/>\u00a0<\/p>\n<p>Bj\u00f6rn Borg, d\u00e9j\u00e0 op\u00e9r\u00e9 d\u2019un cancer de la prostate par le pass\u00e9<\/p>\n<p>Effectivement, dans ses m\u00e9moires dont la publication est pr\u00e9vue le 16 septembre prochain, l\u2019ex-num\u00e9ro 1 du tennis mondial a fait des <strong>r\u00e9v\u00e9lations <\/strong>pour le moins inattendues. En 2023, <strong>les m\u00e9decins lui ont diagnostiqu\u00e9 un cancer de la prostate<\/strong>. Ce n\u2019est qu\u2019un an plus tard que l\u2019homme de 69 ans a pu \u00eatre op\u00e9r\u00e9. Une attente longue et <strong>\u201ctr\u00e8s difficile psychologiquement\u201d<\/strong>, selon les propos de Bj\u00f6rn Borg. \u00c0 pr\u00e9sent, l\u2019ancien tennisman professionnel semble \u00eatre parti pour \u00eatre <a href=\"https:\/\/www.purepeople.com\/article\/francis-lalanne-a-perdu-35-kilos-et-est-en-remission-il-a-choisi-de-se-soigner-de-facon-differente-et-non-agressive_a540659\/1\" rel=\"nofollow noopener\" target=\"_blank\">en r\u00e9mission<\/a>. \u201cJe n\u2019ai rien pour l\u2019instant. Mais tous les six mois, je dois me faire examiner. Ce n\u2019est pas une partie de plaisir. Mais je vais bien. Je vais bien. Et je me sens tr\u00e8s bien.\u201d, a-t-il pr\u00e9cis\u00e9. Malgr\u00e9 ces \u00e9preuves, Bj\u00f6rn Borg reste d\u00e9termin\u00e9 \u00e0 profiter de la vie et \u00e0 garder une attitude positive en toutes circonstances. On lui souhaite tout le courage n\u00e9cessaire pour venir \u00e0 bout de ce cancer.\u00a0<\/p>\n","protected":false},"excerpt":{"rendered":"Par Louise Martin | R\u00e9dactrice Koh Lanta, Les Marseillais mais aussi Mari\u00e9s au Premier regards\u2026 Louise Martin est&hellip;\n","protected":false},"author":2,"featured_media":367931,"comment_status":"","ping_status":"","sticky":false,"template":"","format":"standard","meta":{"footnotes":""},"categories":[1415],"tags":[1011,27,60,1467],"class_list":{"0":"post-367930","1":"post","2":"type-post","3":"status-publish","4":"format-standard","5":"has-post-thumbnail","7":"category-tennis","8":"tag-fr","9":"tag-france","10":"tag-sports","11":"tag-tennis"},"share_on_mastodon":{"url":"https:\/\/pubeurope.com\/@fr\/115151245346137524","error":""},"_links":{"self":[{"href":"https:\/\/www.europesays.com\/fr\/wp-json\/wp\/v2\/posts\/367930","targetHints":{"allow":["GET"]}}],"collection":[{"href":"https:\/\/www.europesays.com\/fr\/wp-json\/wp\/v2\/posts"}],"about":[{"href":"https:\/\/www.europesays.com\/fr\/wp-json\/wp\/v2\/types\/post"}],"author":[{"embeddable":true,"href":"https:\/\/www.europesays.com\/fr\/wp-json\/wp\/v2\/users\/2"}],"replies":[{"embeddable":true,"href":"https:\/\/www.europesays.com\/fr\/wp-json\/wp\/v2\/comments?post=367930"}],"version-history":[{"count":0,"href":"https:\/\/www.europesays.com\/fr\/wp-json\/wp\/v2\/posts\/367930\/revisions"}],"wp:featuredmedia":[{"embeddable":true,"href":"https:\/\/www.europesays.com\/fr\/wp-json\/wp\/v2\/media\/367931"}],"wp:attachment":[{"href":"https:\/\/www.europesays.com\/fr\/wp-json\/wp\/v2\/media?parent=367930"}],"wp:term":[{"taxonomy":"category","embeddable":true,"href":"https:\/\/www.europesays.com\/fr\/wp-json\/wp\/v2\/categories?post=367930"},{"taxonomy":"post_tag","embeddable":true,"href":"https:\/\/www.europesays.com\/fr\/wp-json\/wp\/v2\/tags?post=367930"}],"curies":[{"name":"wp","href":"https:\/\/api.w.org\/{rel}","templated":true}]}}