{"id":367938,"date":"2025-09-05T10:39:11","date_gmt":"2025-09-05T10:39:11","guid":{"rendered":"https:\/\/www.europesays.com\/fr\/367938\/"},"modified":"2025-09-05T10:39:11","modified_gmt":"2025-09-05T10:39:11","slug":"selections-les-compositions-dukraine-france-selon-la-presse-avec-3-joueurs-du-psg","status":"publish","type":"post","link":"https:\/\/www.europesays.com\/fr\/367938\/","title":{"rendered":"S\u00e9lections : Les compositions d&rsquo;Ukraine\/France selon la presse avec 3 joueurs du PSG"},"content":{"rendered":"<p>L&rsquo;\u00e9quipe de France lance sa campagne de qualification \u00e0 la Coupe du monde 2026 ce vendredi soir en Pologne face \u00e0 l&rsquo;Ukraine et la presse fran\u00e7aise se rejoint totalement sur les compositions de cet Ukraine\/France. Trois joueurs du PSG devraient d\u00e9marrer la rencontre.<\/p>\n<p>Trois mois apr\u00e8s leur troisi\u00e8me place en Ligue des nations, les Bleus lancent leur campagne de qualification \u00e0 la Coupe du monde 2026 ce vendredi soir (20h45) \u00e0 Wroclaw, en Pologne, face \u00e0 l&rsquo;Ukraine d&rsquo;Illia Zabarnyi, qui \u00e9tait en conf\u00e9rence de presse jeudi \u00e0 la veille du match et sera bien titulaire ce soir face \u00e0 l&rsquo;\u00e9quipe de France.<\/p>\n<p>La presse fran\u00e7aise du jour se rejoint totalement sur la composition d&rsquo;\u00e9quipe de Didier Deschamps, dont la derni\u00e8re s\u00e9ance \u00e0 huis clos jeudi a confirm\u00e9 son intention d&rsquo;\u00e9voluer en 4-2-3-1. Pr\u00e9serv\u00e9 mardi et mercredi apr\u00e8s son alerte musculaire \u00e0 Toulouse, Ousmane <strong>Demb\u00e9l\u00e9 <\/strong>a particip\u00e9 \u00e0 la l\u00e9g\u00e8re s\u00e9ance collective jeudi et est disponible pour ce soir.<\/p>\n<p>Demb\u00e9l\u00e9 disponible, mais rempla\u00e7ant face \u00e0 l&rsquo;Ukraine<\/p>\n<p>Le num\u00e9ro 10 du PSG sera toutefois rempla\u00e7ant et c&rsquo;est bien son co\u00e9quipier en club D\u00e9sir\u00e9 <strong>Dou\u00e9 <\/strong>qui devrait d\u00e9marrer sur l&rsquo;aile droite de l&rsquo;attaque tricolore \u00e0 sa place, avec Bradley <strong>Barcola <\/strong>\u00e0 gauche, Michale <strong>Olise <\/strong>en meneur de jeu et Kylian <strong>Mbapp\u00e9 <\/strong>en pointe. Dans l&rsquo;entrejeu, pas d&rsquo;Adrien <strong>Rabiot<\/strong>, mais un duo <strong>Tchouam\u00e9ni<\/strong>&#8211;<strong>Kon\u00e9<\/strong>.<\/p>\n<p>Enfin en d\u00e9fense, Mike <strong>Maignan <\/strong>sera titulaire dans les buts plut\u00f4t que Lucas <strong>Chevalier <\/strong>et prot\u00e9gera une d\u00e9fense \u00e0 quatre compos\u00e9e de Jules <strong>Kound\u00e9<\/strong>, Ibrahima <strong>Konat\u00e9<\/strong>, Dayot <strong>Upamecano <\/strong>et Lucas <strong>Digne<\/strong>, pr\u00e9f\u00e9r\u00e9 aux deux fr\u00e8res <strong>Hernandez<\/strong>.<\/p>\n<p><strong>La composition de la France contre l&rsquo;Ukraine selon la presse : <\/strong>Maignan &#8211; Kound\u00e9, Upamecano, Konat\u00e9, Digne &#8211; Tchouam\u00e9ni, Kon\u00e9 &#8211; <strong>Dou\u00e9<\/strong>, Olise, <strong>Barcola <\/strong>&#8211; Mbapp\u00e9 (c)<\/p>\n<p>Zabarnyi titulaire face \u00e0 l&rsquo;\u00e9quipe de France<\/p>\n<p>S&rsquo;il y aura donc deux Fran\u00e7ais du PSG titulaire ce vendredi soir, il y aura trois Parisiens au coup d&rsquo;envoi sur le terrain puisque le d\u00e9fenseur central Illia Zabarnyi sera bien titulaire c\u00f4t\u00e9 ukrainien. L&rsquo;Ukraine devrait \u00e9voluer en 3-5-2 face aux Bleus avec Zabarnyi dans l&rsquo;axe de la d\u00e9fense \u00e0 trois selon L&rsquo;Equipe ou dans l&rsquo;axe droit selon Le Parisien.<\/p>\n<p>L&rsquo;Ukraine sera en revanche priv\u00e9e de son gardien madril\u00e8ne\u00a0Andriy <strong>Lunin<\/strong>, bless\u00e9 et remplac\u00e9 par\u00a0Anatoliy <strong>Trubin<\/strong>, le portier de Benfica. En attaque, on devrait retrouver un duo compos\u00e9 d&rsquo;Artem <strong>Dovbyk<\/strong>, l&rsquo;avant-centre de l&rsquo;AS Roma, et Georgiy <strong>Sudakov<\/strong>, qui vient d&rsquo;\u00eatre transf\u00e9r\u00e9 \u00e0 Benfica.<\/p>\n<p><strong>La composition de l&rsquo;Ukraine contre la\u00a0France\u00a0selon la presse : <\/strong>Trubin &#8211; Matviienko (c), <strong>Zabarnyi<\/strong>, Bondar\u00a0 &#8211; Konoplya,\u00a0Yarmolyuk, Gutsulyak, Kalyuzhnyi,\u00a0Dubinchak &#8211; Sudakov, Dovbyk<\/p>\n","protected":false},"excerpt":{"rendered":"L&rsquo;\u00e9quipe de France lance sa campagne de qualification \u00e0 la Coupe du monde 2026 ce vendredi soir en&hellip;\n","protected":false},"author":2,"featured_media":367939,"comment_status":"","ping_status":"","sticky":false,"template":"","format":"standard","meta":{"footnotes":""},"categories":[1410],"tags":[63,1011,27,60],"class_list":{"0":"post-367938","1":"post","2":"type-post","3":"status-publish","4":"format-standard","5":"has-post-thumbnail","7":"category-football","8":"tag-football","9":"tag-fr","10":"tag-france","11":"tag-sports"},"share_on_mastodon":{"url":"https:\/\/pubeurope.com\/@fr\/115151265146641002","error":""},"_links":{"self":[{"href":"https:\/\/www.europesays.com\/fr\/wp-json\/wp\/v2\/posts\/367938","targetHints":{"allow":["GET"]}}],"collection":[{"href":"https:\/\/www.europesays.com\/fr\/wp-json\/wp\/v2\/posts"}],"about":[{"href":"https:\/\/www.europesays.com\/fr\/wp-json\/wp\/v2\/types\/post"}],"author":[{"embeddable":true,"href":"https:\/\/www.europesays.com\/fr\/wp-json\/wp\/v2\/users\/2"}],"replies":[{"embeddable":true,"href":"https:\/\/www.europesays.com\/fr\/wp-json\/wp\/v2\/comments?post=367938"}],"version-history":[{"count":0,"href":"https:\/\/www.europesays.com\/fr\/wp-json\/wp\/v2\/posts\/367938\/revisions"}],"wp:featuredmedia":[{"embeddable":true,"href":"https:\/\/www.europesays.com\/fr\/wp-json\/wp\/v2\/media\/367939"}],"wp:attachment":[{"href":"https:\/\/www.europesays.com\/fr\/wp-json\/wp\/v2\/media?parent=367938"}],"wp:term":[{"taxonomy":"category","embeddable":true,"href":"https:\/\/www.europesays.com\/fr\/wp-json\/wp\/v2\/categories?post=367938"},{"taxonomy":"post_tag","embeddable":true,"href":"https:\/\/www.europesays.com\/fr\/wp-json\/wp\/v2\/tags?post=367938"}],"curies":[{"name":"wp","href":"https:\/\/api.w.org\/{rel}","templated":true}]}}