{"id":367942,"date":"2025-09-05T10:41:12","date_gmt":"2025-09-05T10:41:12","guid":{"rendered":"https:\/\/www.europesays.com\/fr\/367942\/"},"modified":"2025-09-05T10:41:12","modified_gmt":"2025-09-05T10:41:12","slug":"caussade-c-carpentier-une-part-delle-meme","status":"publish","type":"post","link":"https:\/\/www.europesays.com\/fr\/367942\/","title":{"rendered":"Caussade. C. Carpentier, une part d\u2019elle-m\u00eame"},"content":{"rendered":"<p>Dans le cadre des expositions initi\u00e9es par l\u2019association Pigment 82 Art-Quercy, \u00e0 la suite d\u2019Angel Kieffert, alias Kieff, au restaurant la Table d\u2019Alice, Christiane Carpentier expose une s\u00e9lection bien cibl\u00e9e de ses cr\u00e9ations originales. Cette artiste peintre amateur a commenc\u00e9 \u00e0 s\u2019int\u00e9resser s\u00e9rieusement \u00e0 l\u2019art, il y a une douzaine d\u2019ann\u00e9es, d\u2019abord en d\u00e9corant au pinceau les meubles en carton con\u00e7us par quelques-uns de ses amis. Enti\u00e8rement autodidacte, elle choisit cependant de se perfectionner en suivant des cours d\u2019abord chez Art\u00e9\u00efs, \u00e0 Montauban, ainsi que des stages aupr\u00e8s de Carole Assi\u00e9, artiste peintre professionnelle avant de s\u2019inscrire au sein de l\u2019association Art\u2019Causs \u00e0 Caussade guid\u00e9e par Charles Pertuzio, puis Genevi\u00e8ve et Jean-Pierre Condette et Jean-Marc Nadalin. Parmi ses sujets de pr\u00e9dilection, le visiteur retrouvera des personnages et des animaux, notamment des visages de femmes et d\u2019enfants aux traits bien marqu\u00e9s, dans un m\u00e9lange de gaiet\u00e9 et de couleurs vives et un certain \u00e9clectisme. \u00ab\u00a0C\u2019est une part d\u2019elle-m\u00eame qu\u2019elle exprime par sa cr\u00e9ativit\u00e9 en se l\u00e2chant compl\u00e8tement pour aller encore plus loin dans l\u2019interpr\u00e9tation\u00a0\u00bb, commente Genevi\u00e8ve Condette qui encourage Christiane \u00e0 poursuivre dans cette voie. L\u2019exposition reste visible jusqu\u2019au 30 octobre, \u00e0 La Table d\u2019Alice, rue Moissagaise \u00e0 Caussade.<\/p>\n<p><b>Bient\u00f4t Art-Quercy 2025. <\/b>L\u2019exposition Art-Quercy 2025 se d\u00e9roulera du jeudi 18 septembre \u00e0 15 heures au dimanche 28 septembre \u00e0 18 heures, \u00e0 l\u2019espace Bonna\u00efs, pour retrouver ou d\u00e9couvrir soixante artistes talentueux de la r\u00e9gion. \u00ab\u00a0Il s\u2019agit d\u2019une ouverture vers la sensibilit\u00e9 artistique et la pens\u00e9e esth\u00e9tique propres \u00e0 chacun d\u2019entre nous en cr\u00e9ant des parenth\u00e8ses ludiques\u00a0\u00bb, commente Jean-Pierre Condette, l\u2019instigation de cette manifestation majeure d\u00e9di\u00e9e \u00e0 l\u2019art. Art-Quercy est organis\u00e9e par l\u2019association Pigment 82\/Art-Quercy qui poursuit l\u2019objectif de promouvoir l\u2019art et les artistes de la r\u00e9gion.<\/p>\n","protected":false},"excerpt":{"rendered":"Dans le cadre des expositions initi\u00e9es par l\u2019association Pigment 82 Art-Quercy, \u00e0 la suite d\u2019Angel Kieffert, alias Kieff,&hellip;\n","protected":false},"author":2,"featured_media":367943,"comment_status":"","ping_status":"","sticky":false,"template":"","format":"standard","meta":{"footnotes":""},"categories":[1358],"tags":[1348,1384,1385,1386,58,59,1011,27],"class_list":{"0":"post-367942","1":"post","2":"type-post","3":"status-publish","4":"format-standard","5":"has-post-thumbnail","7":"category-arts-et-design","8":"tag-arts","9":"tag-arts-and-design","10":"tag-arts-et-design","11":"tag-design","12":"tag-divertissement","13":"tag-entertainment","14":"tag-fr","15":"tag-france"},"share_on_mastodon":{"url":"https:\/\/pubeurope.com\/@fr\/115151272928917943","error":""},"_links":{"self":[{"href":"https:\/\/www.europesays.com\/fr\/wp-json\/wp\/v2\/posts\/367942","targetHints":{"allow":["GET"]}}],"collection":[{"href":"https:\/\/www.europesays.com\/fr\/wp-json\/wp\/v2\/posts"}],"about":[{"href":"https:\/\/www.europesays.com\/fr\/wp-json\/wp\/v2\/types\/post"}],"author":[{"embeddable":true,"href":"https:\/\/www.europesays.com\/fr\/wp-json\/wp\/v2\/users\/2"}],"replies":[{"embeddable":true,"href":"https:\/\/www.europesays.com\/fr\/wp-json\/wp\/v2\/comments?post=367942"}],"version-history":[{"count":0,"href":"https:\/\/www.europesays.com\/fr\/wp-json\/wp\/v2\/posts\/367942\/revisions"}],"wp:featuredmedia":[{"embeddable":true,"href":"https:\/\/www.europesays.com\/fr\/wp-json\/wp\/v2\/media\/367943"}],"wp:attachment":[{"href":"https:\/\/www.europesays.com\/fr\/wp-json\/wp\/v2\/media?parent=367942"}],"wp:term":[{"taxonomy":"category","embeddable":true,"href":"https:\/\/www.europesays.com\/fr\/wp-json\/wp\/v2\/categories?post=367942"},{"taxonomy":"post_tag","embeddable":true,"href":"https:\/\/www.europesays.com\/fr\/wp-json\/wp\/v2\/tags?post=367942"}],"curies":[{"name":"wp","href":"https:\/\/api.w.org\/{rel}","templated":true}]}}