{"id":367946,"date":"2025-09-05T10:43:14","date_gmt":"2025-09-05T10:43:14","guid":{"rendered":"https:\/\/www.europesays.com\/fr\/367946\/"},"modified":"2025-09-05T10:43:14","modified_gmt":"2025-09-05T10:43:14","slug":"le-premier-invite-danne-sophie-lapix-pour-son-interview-du-dimanche-soir-sur-m6-sera-kylian-mbappe","status":"publish","type":"post","link":"https:\/\/www.europesays.com\/fr\/367946\/","title":{"rendered":"Le premier invit\u00e9 d&rsquo;Anne-Sophie Lapix pour son interview du dimanche soir sur M6 sera\u2026 Kylian Mbapp\u00e9"},"content":{"rendered":"<p>La suite apr\u00e8s la publicit\u00e9<\/p>\n<p>Ce dimanche 7 septembre, <a href=\"https:\/\/www.ozap.com\/personnalite\/anne-sophie-lapix_e121\" rel=\"nofollow noopener\" target=\"_blank\">Anne-Sophie Lapix<\/a> lancera sur M6 sa nouvelle \u00e9mission d&rsquo;interviews, \u00ab\u00a0Le 20 20\u00a0\u00bb. Et pour ouvrir le bal, la journaliste de 53 ans a d\u00e9croch\u00e9 un invit\u00e9 de prestige : <a href=\"https:\/\/www.ozap.com\/personnalite\/kylian-mbappe_e550771\" rel=\"nofollow noopener\" target=\"_blank\">Kylian Mbapp\u00e9<\/a>. L&rsquo;annonce a \u00e9t\u00e9 faite ce vendredi 5 septembre par la cha\u00eene \u00e0 l&rsquo;AFP. \u00ab\u00a0Nous voulions une personnalit\u00e9 exceptionnelle, dont la parole est rare et qui rassemble les g\u00e9n\u00e9rations pour ce premier num\u00e9ro du &rsquo;20 20&prime;. Le nom de Kylian Mbapp\u00e9 s&rsquo;est impos\u00e9 comme une \u00e9vidence \u00e0 quelques mois de <a href=\"https:\/\/www.ozap.com\/actu\/nicolas-de-tavernost-officialise-la-diffusion-des-coupes-du-monde-2026-et-2030-sur-m6\/642793\" rel=\"nofollow noopener\" target=\"_blank\">la Coupe du monde que diffusera M6&Prime;<\/a>, a expliqu\u00e9 la pr\u00e9sentatrice.<\/p>\n<p>\u00ab\u00a0L&rsquo;interview est moins structur\u00e9e, l&rsquo;\u00e9change est beaucoup plus informel\u00a0\u00bb<\/p>\n<p>Chaque dimanche \u00e0 20h20, juste apr\u00e8s le journal, elle proposera une interview de dix minutes enregistr\u00e9e \u00ab\u00a0dans les conditions du direct\u00a0\u00bb, avec des invit\u00e9s issus de la politique, de la culture ou du sport. Selon nos informations, une s\u00e9quence suppl\u00e9mentaire, plus informelle, sera r\u00e9serv\u00e9e \u00e0 la plateforme num\u00e9rique M6+. \u00ab\u00a0Le ton change. Comme on est en debrief, l&rsquo;interview est moins structur\u00e9e, l&rsquo;\u00e9change est beaucoup plus informel. Les invit\u00e9s pourront m\u00eame me dire : pourquoi vous ne m&rsquo;avez pas pos\u00e9 cette question (&#8230;) ? Ce va \u00eatre assez amusant\u00a0\u00bb, a confi\u00e9 la journaliste \u00e0 <strong>Purem\u00e9dias<\/strong>.<\/p>\n<p>Ce premier num\u00e9ro intervient alors que Kylian Mbapp\u00e9 s&rsquo;appr\u00eate \u00e0 disputer deux rencontres cruciales avec l&rsquo;\u00e9quipe de France, vendredi contre l&rsquo;Ukraine puis mardi face \u00e0 l&rsquo;Islande, dans le cadre des qualifications au Mondial 2026. Devenu capitaine des Bleus apr\u00e8s la retraite internationale d&rsquo;Hugo Lloris, le champion du monde 2018 se fait rare dans les m\u00e9dias, ce qui conf\u00e8re \u00e0 cette apparition une dimension particuli\u00e8re. Sa derni\u00e8re apparition interview t\u00e9l\u00e9vis\u00e9e remonte au mois de mars, <a href=\"https:\/\/www.ozap.com\/actu\/audiences-access-20h-le-20-heures-de-tf1-a-t-il-ete-booste-avec-linterview-de-kylian-mbappe-par-gilles-bouleau\/649167\" rel=\"nofollow noopener\" target=\"_blank\">face \u00e0 Gilles Bouleau dans le \u00ab\u00a020H\u00a0\u00bb de TF1<\/a>.\u00a0<\/p>\n<p><a href=\"https:\/\/www.ozap.com\/actu\/le-2020-apres-son-interview-du-dimanche-sur-m6-anne-sophie-lapix-va-lancer-un-debrief-sur-m6\/651456\" rel=\"nofollow noopener\" target=\"_blank\"><strong>\u00c0 LIRE AUSSI : \u00ab\u00a0Le 2020\u00a0\u00bb : Apr\u00e8s son interview du dimanche sur M6, Anne-Sophie Lapix va lancer un \u00ab\u00a0d\u00e9brief\u00a0\u00bb sur M6+<\/strong><\/a><\/p>\n<p>Avant cela, il avait accord\u00e9 <a href=\"https:\/\/www.ozap.com\/actu\/on-le-relancait-tous-les-six-mois-et-par-tous-les-canaux-possibles-mouloud-achour-revele-les-coulisses-de-son-entretien-avec-kylian-mbappe-dans-clique\/647913\" rel=\"nofollow noopener\" target=\"_blank\">un grand entretien exceptionnel \u00e0 Mouloud Achour en d\u00e9cembre 2024,<\/a> sur Canal+, dans \u00ab\u00a0Clique\u00a0\u00bb, diffus\u00e9 exceptionnellement dans le \u00ab\u00a0Canal football club\u00a0\u00bb. C&rsquo;\u00e9tait onze mois apr\u00e8s ses confidences \u00e0 <a href=\"https:\/\/www.ozap.com\/personnalite\/elise-lucet_e937\" rel=\"nofollow noopener\" target=\"_blank\">\u00c9lise Lucet<\/a> en janvier 2024 <a href=\"https:\/\/www.ozap.com\/actu\/-des-annees-de-negociations-elise-lucet-devoile-les-coulisses-de-l-interview-exceptionnelle-de-kylian-mbappe-dans-envoye-special\/641980\" rel=\"nofollow noopener\" target=\"_blank\">dans l&rsquo;\u00e9mission \u00ab\u00a0Envoy\u00e9 Sp\u00e9cial\u00a0\u00bb<\/a> \u00e0 la suite d&rsquo;un reportage sur l&rsquo;association caritative de l&rsquo;attaquant.\u00a0Mouloud Achour et \u00c9lise Lucet ont tous les deux r\u00e9v\u00e9l\u00e9 que ces interviews avaient \u00e9t\u00e9 d\u00e9croch\u00e9es apr\u00e8s de longues n\u00e9gociations.\u00a0<\/p>\n<p>L&rsquo;arriv\u00e9e d&rsquo;Anne-Sophie Lapix sur M6 et RTL marque un nouveau chapitre pour la journaliste, \u00e9vinc\u00e9e l&rsquo;an dernier du \u00ab\u00a020 Heures\u00a0\u00bb de France 2 apr\u00e8s huit saisons. Depuis le 25 ao\u00fbt, elle anime la tranche 18h-20h sur RTL. Avec \u00ab\u00a0Le 20 20\u00a0\u00bb, elle esp\u00e8re s\u00e9duire un public plus jeune que celui du JT. \u00ab\u00a0J&rsquo;ai des enfants de 20 et 23 ans, ils ne regardaient pas forc\u00e9ment ce que je faisais auparavant et j&rsquo;esp\u00e8re les int\u00e9resser\u00a0\u00bb, souligne-t-elle.<\/p>\n<p>En cas d&rsquo;actualit\u00e9 br\u00fblante, l&rsquo;interview pourra m\u00eame \u00eatre propos\u00e9e en direct. \u00ab\u00a0\u00c9videmment avec certains politiques, il va falloir la faire en direct. Parce que si on est dans une p\u00e9riode sans Premier ministre, par exemple\u2026\u00a0\u00bb, glisse-t-elle. Mais pour le lancement, c&rsquo;est le football et son plus grand ambassadeur fran\u00e7ais qui donneront le ton. Un coup d&rsquo;\u00e9clat m\u00e9diatique dont M6 esp\u00e8re bien tirer profit, \u00e0 l&rsquo;approche d&rsquo;une Coupe du monde tr\u00e8s attendue.<\/p>\n","protected":false},"excerpt":{"rendered":"La suite apr\u00e8s la publicit\u00e9 Ce dimanche 7 septembre, Anne-Sophie Lapix lancera sur M6 sa nouvelle \u00e9mission d&rsquo;interviews,&hellip;\n","protected":false},"author":2,"featured_media":367947,"comment_status":"","ping_status":"","sticky":false,"template":"","format":"standard","meta":{"footnotes":""},"categories":[1356],"tags":[58,59,1011,27,252,1364],"class_list":{"0":"post-367946","1":"post","2":"type-post","3":"status-publish","4":"format-standard","5":"has-post-thumbnail","7":"category-television","8":"tag-divertissement","9":"tag-entertainment","10":"tag-fr","11":"tag-france","12":"tag-television","13":"tag-tv"},"share_on_mastodon":{"url":"https:\/\/pubeurope.com\/@fr\/115151280871148828","error":""},"_links":{"self":[{"href":"https:\/\/www.europesays.com\/fr\/wp-json\/wp\/v2\/posts\/367946","targetHints":{"allow":["GET"]}}],"collection":[{"href":"https:\/\/www.europesays.com\/fr\/wp-json\/wp\/v2\/posts"}],"about":[{"href":"https:\/\/www.europesays.com\/fr\/wp-json\/wp\/v2\/types\/post"}],"author":[{"embeddable":true,"href":"https:\/\/www.europesays.com\/fr\/wp-json\/wp\/v2\/users\/2"}],"replies":[{"embeddable":true,"href":"https:\/\/www.europesays.com\/fr\/wp-json\/wp\/v2\/comments?post=367946"}],"version-history":[{"count":0,"href":"https:\/\/www.europesays.com\/fr\/wp-json\/wp\/v2\/posts\/367946\/revisions"}],"wp:featuredmedia":[{"embeddable":true,"href":"https:\/\/www.europesays.com\/fr\/wp-json\/wp\/v2\/media\/367947"}],"wp:attachment":[{"href":"https:\/\/www.europesays.com\/fr\/wp-json\/wp\/v2\/media?parent=367946"}],"wp:term":[{"taxonomy":"category","embeddable":true,"href":"https:\/\/www.europesays.com\/fr\/wp-json\/wp\/v2\/categories?post=367946"},{"taxonomy":"post_tag","embeddable":true,"href":"https:\/\/www.europesays.com\/fr\/wp-json\/wp\/v2\/tags?post=367946"}],"curies":[{"name":"wp","href":"https:\/\/api.w.org\/{rel}","templated":true}]}}