{"id":367955,"date":"2025-09-05T10:48:12","date_gmt":"2025-09-05T10:48:12","guid":{"rendered":"https:\/\/www.europesays.com\/fr\/367955\/"},"modified":"2025-09-05T10:48:12","modified_gmt":"2025-09-05T10:48:12","slug":"marie-portolano-mise-en-examen-pour-diffamation-apres-une-plainte-de-pierre-menes","status":"publish","type":"post","link":"https:\/\/www.europesays.com\/fr\/367955\/","title":{"rendered":"Marie Portolano mise en examen pour diffamation apr\u00e8s une plainte de Pierre M\u00e9n\u00e8s"},"content":{"rendered":"<p>Le site Les Jours r\u00e9v\u00e8le que la journaliste Marie Portolano a \u00e9t\u00e9 mise en examen cet \u00e9t\u00e9 \u00e0 la suite d&rsquo;une plainte pour diffamation d\u00e9pos\u00e9e par Pierre M\u00e9n\u00e8s.<\/p>\n<p><a href=\"https:\/\/rmcsport.bfmtv.com\/societe\/victime-d-une-douleur-au-ventre-atroce-pierre-menes-opere-d-urgence-d-une-eventration-stomacale_AN-202405020481.html\" title=\"Victime d\u2019une &quot;douleur au ventre atroce&quot;, Pierre M\u00e9n\u00e8s op\u00e9r\u00e9 d\u2019urgence d\u2019une &quot;\u00e9ventration stomacale&quot;\" class=\"internal_link\" rel=\"nofollow noopener\" target=\"_blank\">Pierre M\u00e9n\u00e8s<\/a> contre-attaque. Selon une information r\u00e9v\u00e9l\u00e9e jeudi par le site <a href=\"https:\/\/lesjours.fr\/obsessions\/l-empire\/ep231-plainte-menes-portolano\/\" target=\"_blank\" class=\"external_link\" rel=\"nofollow noopener\">Les Jours<\/a>, l\u2019ancien chroniqueur de Canal+ a d\u00e9pos\u00e9 plainte le 11 juin dernier \u00e0 Paris, avec constitution de partie civile pour diffamation publique \u00e0 l\u2019encontre de <a href=\"https:\/\/rmcsport.bfmtv.com\/medias\/enquete-visant-pierre-menes-marie-portolano-entendue-par-les-enqueteurs_AD-202204200715.html\" title=\"Enqu\u00eate visant Pierre M\u00e9n\u00e8s: Marie Portolano entendue par les enqu\u00eateurs\" class=\"internal_link\" rel=\"nofollow noopener\" target=\"_blank\">Marie Portolano<\/a> et de son \u00e9diteur. En r\u00e9action, la journaliste a \u00e9t\u00e9 mise en examen le 15 ao\u00fbt. Une proc\u00e9dure habituelle et quasi-automatique dans le cadre d\u2019une plainte pour diffamation.<\/p>\n<p>Un livre sur les violences sexistes et sexuelles<\/p>\n<p>Selon Les Jours, Pierre M\u00e9n\u00e8s reproche pr\u00e9cis\u00e9ment \u00e0 Marie Portolano deux passages de son livre Je suis la femme du plateau, paru l\u2019an dernier aux \u00e9ditions Stock, dans lequel elle \u00e9voque les violences sexistes et sexuelles dont elle dit avoir \u00e9t\u00e9 victime au cours de sa carri\u00e8re.<\/p>\n<p>D\u00e9but 2021, elle avait d\u00e9j\u00e0 abord\u00e9 le poids des violences sexistes dans le journalisme sportif en donnant la parole \u00e0 plusieurs cons\u0153urs dans le documentaire Je ne suis pas une salope, je suis une journaliste !, qui avait eu d&rsquo;importantes r\u00e9percussions et notamment pouss\u00e9 \u00e0 l\u2019\u00e9poque Canal+ \u00e0 diligenter une enqu\u00eate interne. L&rsquo;inspection du travail des Hauts-de-Seine (d\u00e9partement o\u00f9 est bas\u00e9 le si\u00e8ge de Canal+) avait d\u00e9cid\u00e9 de saisir la justice et le parquet de Nanterre avait ouvert une enqu\u00eate pr\u00e9liminaire pour des faits d&rsquo;agressions sexuelles et de harc\u00e8lements sexuels.<\/p>\n<p>Marie Portolano, qui accusait Pierre M\u00e9n\u00e8s d&rsquo;agressions sexuelles survenues lors d&rsquo;une \u00e9mission du Canal Football Club en 2016, avait aussi \u00e9t\u00e9 entendue par les enqu\u00eateurs dans le cadre d\u2019une enqu\u00eate visant l\u2019ex-consultant de Canal+.<\/p>\n","protected":false},"excerpt":{"rendered":"Le site Les Jours r\u00e9v\u00e8le que la journaliste Marie Portolano a \u00e9t\u00e9 mise en examen cet \u00e9t\u00e9 \u00e0&hellip;\n","protected":false},"author":2,"featured_media":367956,"comment_status":"","ping_status":"","sticky":false,"template":"","format":"standard","meta":{"footnotes":""},"categories":[8],"tags":[58,59,1011,27],"class_list":{"0":"post-367955","1":"post","2":"type-post","3":"status-publish","4":"format-standard","5":"has-post-thumbnail","7":"category-divertissement","8":"tag-divertissement","9":"tag-entertainment","10":"tag-fr","11":"tag-france"},"share_on_mastodon":{"url":"https:\/\/pubeurope.com\/@fr\/115151300493430345","error":""},"_links":{"self":[{"href":"https:\/\/www.europesays.com\/fr\/wp-json\/wp\/v2\/posts\/367955","targetHints":{"allow":["GET"]}}],"collection":[{"href":"https:\/\/www.europesays.com\/fr\/wp-json\/wp\/v2\/posts"}],"about":[{"href":"https:\/\/www.europesays.com\/fr\/wp-json\/wp\/v2\/types\/post"}],"author":[{"embeddable":true,"href":"https:\/\/www.europesays.com\/fr\/wp-json\/wp\/v2\/users\/2"}],"replies":[{"embeddable":true,"href":"https:\/\/www.europesays.com\/fr\/wp-json\/wp\/v2\/comments?post=367955"}],"version-history":[{"count":0,"href":"https:\/\/www.europesays.com\/fr\/wp-json\/wp\/v2\/posts\/367955\/revisions"}],"wp:featuredmedia":[{"embeddable":true,"href":"https:\/\/www.europesays.com\/fr\/wp-json\/wp\/v2\/media\/367956"}],"wp:attachment":[{"href":"https:\/\/www.europesays.com\/fr\/wp-json\/wp\/v2\/media?parent=367955"}],"wp:term":[{"taxonomy":"category","embeddable":true,"href":"https:\/\/www.europesays.com\/fr\/wp-json\/wp\/v2\/categories?post=367955"},{"taxonomy":"post_tag","embeddable":true,"href":"https:\/\/www.europesays.com\/fr\/wp-json\/wp\/v2\/tags?post=367955"}],"curies":[{"name":"wp","href":"https:\/\/api.w.org\/{rel}","templated":true}]}}