{"id":367959,"date":"2025-09-05T10:50:11","date_gmt":"2025-09-05T10:50:11","guid":{"rendered":"https:\/\/www.europesays.com\/fr\/367959\/"},"modified":"2025-09-05T10:50:11","modified_gmt":"2025-09-05T10:50:11","slug":"pas-de-projet-de-relance-le-fabricant-des-cachou-lajaunie-acte-la-fin-des-celebres-pastilles-toulousaines-le-figaro","status":"publish","type":"post","link":"https:\/\/www.europesays.com\/fr\/367959\/","title":{"rendered":"\u00abPas de projet de relance\u00bb : le fabricant des Cachou Lajaunie acte la fin des c\u00e9l\u00e8bres pastilles toulousaines &#8211; Le Figaro"},"content":{"rendered":"<ol>\n<li><a href=\"https:\/\/news.google.com\/rss\/articles\/CBMi3AFBVV95cUxOOF83NE5aaUNYT1h4d25oaGQ2blRRS2JGS2IwRkNHN0RtT3Z2R3RLRnRIcXJFMzVRVk1tQUg5Z203bU1BcW0wYTZKaHU5Wnk2QW1rbkZFUXV5SXBNOExUX05kelJGMU9zZ1g3Rk1XQnBtVm1GMEJKMi1OcktxcC1KbWhiU2tBeHNkQ1FFcHhLV3AtYWQxQ1c0MnNrZ0QzUnZ2MDJ1U1hFZGRaNlVBTHdNRnNvazU5ZEplWjZfeDhNSWVPRlpJVHc2b2RDZmo4bUFnY2NmbTNKZGo3dndj?oc=5\" target=\"_blank\" rel=\"noopener\">\u00abPas de projet de relance\u00bb : le fabricant des Cachou Lajaunie acte la fin des c\u00e9l\u00e8bres pastilles toulousaines<\/a>&nbsp;&nbsp;Le Figaro<\/li>\n<li><a href=\"https:\/\/news.google.com\/rss\/articles\/CBMiygFBVV95cUxNeGpvZnp2Q0M1dUFIWHVMSld1Rl9VRGFEZUxqSTFjU1hnTlBvSzdXMWZSMlpVWlNvXzFkdW9OemdfQlg4UF9lN0VaLU1kbE9FMG5aektKNFk1bmpfdjNYck5FN1JpT25PTlQtekVKeGtIbmRCS0oxakoway1hdXZPTjdyREpFVUotY0hYM0w5ODZLNTFKWTZZMkJXNWd3V1JYbEhGaTczZ1lRam5KYTNzdkpsXzFyNlVUbDlzakd2aGxaMG1uU1B3ZGVR?oc=5\" target=\"_blank\" rel=\"noopener\">Consommation. Pourquoi vous ne trouvez pas (et ne trouverez sans doute plus&#8230;) de cachous Lajaunie ?<\/a>&nbsp;&nbsp;Le Dauphin\u00e9 Lib\u00e9r\u00e9<\/li>\n<li><a href=\"https:\/\/news.google.com\/rss\/articles\/CBMi6AFBVV95cUxNTWJpSFdCZjhRQTRPOTJuNFhua0hBajluNVRzNVMtMFRjUktYWTJuQzhqZldzbzk4aXVtUzQ2VDRVNXpsSDk2M2xJRlBnWkg5dmk5dEZIMmtfc2NBY1lWQTdfeDZ3azFsQS1meWwyZXREQlZJV0J3MHdEaGdpajE3V2F2R2tiTDVnYzZXN0VFbG10dWJrWGhQWXRRamdnMy1rN3REZjZzRHZxQlZlcHBTbFl2NktSTFJwaWxUU2hWbVBlM3gxQU5iYVo5dFp5U1UyMEtpOVNCNzUtWUZYTGlSeVRoUDRaN3ZS?oc=5\" target=\"_blank\" rel=\"noopener\">INFO ACTU TOULOUSE. Fin de la production du Cachou Lajaunie, friandise embl\u00e9matique de la Ville rose<\/a>&nbsp;&nbsp;Actu.fr<\/li>\n<li><a href=\"https:\/\/news.google.com\/rss\/articles\/CBMi0AFBVV95cUxPUndoeldPN3dBd1V3dHhzRm9LYmZaMzZfWVVtWDctSU1nWHJ0WTdfVGYyNy02d2s4d18yY3FlMHdrbVUzaXYwLWhKOXZJeFZKb2pONnlrTHVsdHRGUXNRSzM1bGJjcl9JcU9zN1dFTnluS1d2QUNvQi1NWWZ5MFVmVmhCMWFJemZLelRVNWhZb1ZpaVJSOGQwWGRfd3hvYUlYN0dOUlJ1bWNOOXdabjZFUjF6bHBrNjBPZjMwbHpMNGU4Mm1VV0hUY2RUR2otU01p?oc=5\" target=\"_blank\" rel=\"noopener\">Cachou Lajaunie : o\u00f9 sont pass\u00e9es les c\u00e9l\u00e8bres pastilles originaires de Toulouse ?<\/a>&nbsp;&nbsp;RTL.fr<\/li>\n<li><a href=\"https:\/\/news.google.com\/rss\/articles\/CBMi2AFBVV95cUxPZHNubXVTNWJDVGNxN3RrLTVBQ2NHSHdVWUxmTy1oeEEwUDBBX1l3NDNEeTk5OHN1LWtGVjFFanh1QkdHVGRZMmd4LWNhdFhHTXFSbWc1aExWZHRSMFBQeWszMkV6S1RnOWUtVHlCZDJjSy13M2FjNy1kbVFQSWVGbmQzdmxha01RbWlsQnhlVzgySWtrLTRKUVBxTlJ0bTdCdS1TZmFaOUdKc1RZMXdaelloTVBRaVp4cUFBNUtIUzB4eFdST1BPanA2ZFA3OFh1TkZRdHVVWWU?oc=5\" target=\"_blank\" rel=\"noopener\">Votez Lajaunie<\/a>&nbsp;&nbsp;Radio France<\/li>\n<\/ol>\n","protected":false},"excerpt":{"rendered":"\u00abPas de projet de relance\u00bb : le fabricant des Cachou Lajaunie acte la fin des c\u00e9l\u00e8bres pastilles toulousaines&nbsp;&nbsp;Le&hellip;\n","protected":false},"author":2,"featured_media":367960,"comment_status":"","ping_status":"","sticky":false,"template":"","format":"standard","meta":{"footnotes":""},"categories":[6],"tags":[5825,35,33,34,1011,27],"class_list":{"0":"post-367959","1":"post","2":"type-post","3":"status-publish","4":"format-standard","5":"has-post-thumbnail","7":"category-economie","8":"tag-agroalimentaire","9":"tag-business","10":"tag-economie","11":"tag-economy","12":"tag-fr","13":"tag-france"},"share_on_mastodon":{"url":"https:\/\/pubeurope.com\/@fr\/115151308323772055","error":""},"_links":{"self":[{"href":"https:\/\/www.europesays.com\/fr\/wp-json\/wp\/v2\/posts\/367959","targetHints":{"allow":["GET"]}}],"collection":[{"href":"https:\/\/www.europesays.com\/fr\/wp-json\/wp\/v2\/posts"}],"about":[{"href":"https:\/\/www.europesays.com\/fr\/wp-json\/wp\/v2\/types\/post"}],"author":[{"embeddable":true,"href":"https:\/\/www.europesays.com\/fr\/wp-json\/wp\/v2\/users\/2"}],"replies":[{"embeddable":true,"href":"https:\/\/www.europesays.com\/fr\/wp-json\/wp\/v2\/comments?post=367959"}],"version-history":[{"count":0,"href":"https:\/\/www.europesays.com\/fr\/wp-json\/wp\/v2\/posts\/367959\/revisions"}],"wp:featuredmedia":[{"embeddable":true,"href":"https:\/\/www.europesays.com\/fr\/wp-json\/wp\/v2\/media\/367960"}],"wp:attachment":[{"href":"https:\/\/www.europesays.com\/fr\/wp-json\/wp\/v2\/media?parent=367959"}],"wp:term":[{"taxonomy":"category","embeddable":true,"href":"https:\/\/www.europesays.com\/fr\/wp-json\/wp\/v2\/categories?post=367959"},{"taxonomy":"post_tag","embeddable":true,"href":"https:\/\/www.europesays.com\/fr\/wp-json\/wp\/v2\/tags?post=367959"}],"curies":[{"name":"wp","href":"https:\/\/api.w.org\/{rel}","templated":true}]}}