{"id":367961,"date":"2025-09-05T10:51:11","date_gmt":"2025-09-05T10:51:11","guid":{"rendered":"https:\/\/www.europesays.com\/fr\/367961\/"},"modified":"2025-09-05T10:51:11","modified_gmt":"2025-09-05T10:51:11","slug":"attaque-au-couteau-dans-un-lycee-un-enseignant-blesse-lassaillant-neutralise","status":"publish","type":"post","link":"https:\/\/www.europesays.com\/fr\/367961\/","title":{"rendered":"Attaque au couteau dans un lyc\u00e9e\u00a0: un enseignant bless\u00e9, l\u2019assaillant neutralis\u00e9"},"content":{"rendered":"<p>\n                                                                Un enseignant a \u00e9t\u00e9 attaqu\u00e9 au couteau dans un \u00e9tablissement de formation professionnelle en Allemagne, vendredi 5\u00a0septembre. L\u2019assaillant a \u00e9t\u00e9 arr\u00eat\u00e9.\n                            <\/p>\n<p>Un enseignant a \u00e9t\u00e9 bless\u00e9, vendredi 5\u00a0septembre 2025 au matin, dans une attaque au couteau dans un \u00e9tablissement de formation professionnelle \u00e0 Essen, dans l\u2019Ouest de l\u2019Allemagne, a annonc\u00e9 la police qui a dit mener une \u00ab\u00a0intervention d\u2019ampleur\u00a0\u00bb.<\/p>\n<p>\u00ab\u00a0L\u2019enseignant a subi des blessures par arme blanche lors de l\u2019attaque\u00a0\u00bb, a indiqu\u00e9 sur X la police de la r\u00e9gion de Rh\u00e9nanie-du-Nord-Westphalie, pr\u00e9cisant \u00eatre d\u00e9ploy\u00e9e en nombre sur place mais sans apporter de pr\u00e9cision sur l\u2019attaque ou l\u2019assaillant.<\/p>\n<p>Les policiers ont fait usage de leur arme<\/p>\n<p>L\u2019assaillant a finalement\u00a0\u00e9t\u00e9 arr\u00eat\u00e9 et bless\u00e9 par balles, a annonc\u00e9 la police.\u00a0\u00ab\u00a0Lors de l\u2019arrestation, les agents ont fait usage de leur arme \u00e0 feu. Le suspect a \u00e9t\u00e9 bless\u00e9 et re\u00e7oit actuellement des soins m\u00e9dicaux\u00a0\u00bb, a indiqu\u00e9 sur les r\u00e9seaux sociaux la police de la r\u00e9gion de Rh\u00e9nanie-du-Nord-Westphalie.<\/p>\n","protected":false},"excerpt":{"rendered":"Un enseignant a \u00e9t\u00e9 attaqu\u00e9 au couteau dans un \u00e9tablissement de formation professionnelle en Allemagne, vendredi 5\u00a0septembre. L\u2019assaillant&hellip;\n","protected":false},"author":2,"featured_media":367962,"comment_status":"","ping_status":"","sticky":false,"template":"","format":"standard","meta":{"footnotes":""},"categories":[5],"tags":[11,1011,27,14,12,28],"class_list":{"0":"post-367961","1":"post","2":"type-post","3":"status-publish","4":"format-standard","5":"has-post-thumbnail","7":"category-international","8":"tag-actualites","9":"tag-fr","10":"tag-france","11":"tag-international","12":"tag-news","13":"tag-world"},"share_on_mastodon":{"url":"https:\/\/pubeurope.com\/@fr\/115151312260685592","error":""},"_links":{"self":[{"href":"https:\/\/www.europesays.com\/fr\/wp-json\/wp\/v2\/posts\/367961","targetHints":{"allow":["GET"]}}],"collection":[{"href":"https:\/\/www.europesays.com\/fr\/wp-json\/wp\/v2\/posts"}],"about":[{"href":"https:\/\/www.europesays.com\/fr\/wp-json\/wp\/v2\/types\/post"}],"author":[{"embeddable":true,"href":"https:\/\/www.europesays.com\/fr\/wp-json\/wp\/v2\/users\/2"}],"replies":[{"embeddable":true,"href":"https:\/\/www.europesays.com\/fr\/wp-json\/wp\/v2\/comments?post=367961"}],"version-history":[{"count":0,"href":"https:\/\/www.europesays.com\/fr\/wp-json\/wp\/v2\/posts\/367961\/revisions"}],"wp:featuredmedia":[{"embeddable":true,"href":"https:\/\/www.europesays.com\/fr\/wp-json\/wp\/v2\/media\/367962"}],"wp:attachment":[{"href":"https:\/\/www.europesays.com\/fr\/wp-json\/wp\/v2\/media?parent=367961"}],"wp:term":[{"taxonomy":"category","embeddable":true,"href":"https:\/\/www.europesays.com\/fr\/wp-json\/wp\/v2\/categories?post=367961"},{"taxonomy":"post_tag","embeddable":true,"href":"https:\/\/www.europesays.com\/fr\/wp-json\/wp\/v2\/tags?post=367961"}],"curies":[{"name":"wp","href":"https:\/\/api.w.org\/{rel}","templated":true}]}}