{"id":367967,"date":"2025-09-05T10:54:16","date_gmt":"2025-09-05T10:54:16","guid":{"rendered":"https:\/\/www.europesays.com\/fr\/367967\/"},"modified":"2025-09-05T10:54:16","modified_gmt":"2025-09-05T10:54:16","slug":"a-100-ans-il-continue-de-bichonner-son-jardin","status":"publish","type":"post","link":"https:\/\/www.europesays.com\/fr\/367967\/","title":{"rendered":"\u00e0 100 ans, il continue de bichonner son jardin"},"content":{"rendered":"<p>Il est n\u00e9 sept ans apr\u00e8s la fin de la Premi\u00e8re Guerre mondiale et il avait 20 ans \u00e0 la fin de la seconde.\u00a0Ce vendredi 5\u00a0septembre, Cataldo Falzone souffle ses 100 bougies.\u00a0Chez lui. Entour\u00e9 de sa famille. Dans son jardin et au milieu de ses tournesols. Ce n\u2019est pas un hasard si cette fleur, qui\u00a0est symbole de lumi\u00e8re, r\u00e9silience et espoir, est la pr\u00e9f\u00e9r\u00e9e du nouveau centenaire.\u00a0<\/p>\n<p>Ses p\u00e9tales dor\u00e9s et son c\u0153ur imposant rappellent le soleil \u00e0 Cataldo Falzone. Celui de sa Sicile natale. Une \u00eele qu\u2019il a quitt\u00e9e, il y a cinquante-sept ans, pour venir s\u2019installer \u00e0 Saint-Etienne.<\/p>\n<p>La vie de Cataldo est loin d\u2019avoir \u00e9t\u00e9 un long fleuve tranquille. N\u00e9 en 1925 dans une famille d\u2019agriculteurs dans ce bout de terre encercl\u00e9 par la mer, au sud de l\u2019Italie, il a exerc\u00e9 le dur labeur de paysan jusqu\u2019\u00e0 l\u2019\u00e2ge de 43 ans.<\/p>\n<p>  Main verte et des doigts en or<\/p>\n<p>Mais les fins de mois sont difficiles et la mis\u00e8re n\u2019est pas moins p\u00e9nible au soleil.\u00a0Il prend la d\u00e9cision en 1968 de venir avec sa femme et ses quatre enfants \u00e0 Saint-Etienne o\u00f9 vit son beau-fr\u00e8re pour trouver un emploi. Il travaille six mois \u00e0 la fonderie du Furan avant de faire toute sa carri\u00e8re au sein des \u00e9tablissements Ramone \u00e0 Saint-Etienne jusqu\u2019\u00e0 l\u2019\u00e2ge de sa retraite \u00e0 65 ans. \u00ab\u00a0J\u2019ai occup\u00e9 pendant plus de 20 ans le poste de tourneur dans la m\u00e9canique g\u00e9n\u00e9rale\u00a0\u00bb, raconte-t-il.<\/p>\n<p>Il a habit\u00e9 successivement dans le quartier de Bellevue et de Badouill\u00e8re avant de d\u00e9m\u00e9nager dans celui du Soleil, o\u00f9 il demeure depuis vingt-sept ans.<\/p>\n<p>Durant son activit\u00e9 professionnelle et surtout pendant sa retraite, Cataldo a pass\u00e9 la majeure partie de son temps libre dans son jardin. Il en a bichonn\u00e9 plusieurs, y semant \u00e0 chaque fois des graines de tournesol. \u00ab\u00a0C\u2019est sa passion, t\u00e9moigne Isabelle, sa petite-fille. Il y met tout son c\u0153ur, il a vraiment la main verte.\u00a0\u00bb<\/p>\n<p>Mais depuis quelques ann\u00e9es, en raison de ses probl\u00e8mes de mobilit\u00e9, il a d\u00fb se r\u00e9soudre \u00e0 \u00eatre moins pr\u00e9sent dans son potager. En d\u00e9couvrant son petit paradis vert, soigneusement entretenu, on se demande ce que cela devait \u00eatre avant.<\/p>\n<p>  Il se dit \u00e0 moiti\u00e9 Sicilien, \u00e0 moiti\u00e9 St\u00e9phanois<\/p>\n<p>Autre corde \u00e0 son arc, Cataldo \u00e9tait un as du bricolage. \u00ab\u00a0Il avait des doigts en or, capable de\u00a0tout r\u00e9parer\u00a0\u00bb, assure sa petite-fille. Lorsqu\u2019on lui demande quel est son secret de long\u00e9vit\u00e9, il r\u00e9pond pudiquement\u00a0: \u00ab\u00a0Je ne sais pas, je ne pensais pas du tout arriver jusque-l\u00e0.\u00a0\u00bb La maison de retraite, il n\u2019y songe pas. \u00ab\u00a0Tant que je peux rester chez moi, j\u2019y reste.\u00a0\u00bb<\/p>\n<p>Malgr\u00e9 son \u00e2ge avanc\u00e9, Cataldo continue \u00e0 pr\u00e9parer ses repas. Il se dit \u00e0 moiti\u00e9 Sicilien, \u00e0 moiti\u00e9 St\u00e9phanois. \u00ab\u00a0Cela fait une vingtaine d\u2019ann\u00e9es que je ne suis pas retourn\u00e9 sur mon \u00eele. \u00bb<\/p>\n<p>Veuf depuis deux ans, il va f\u00eater son si\u00e8cle d\u2019existence, ce samedi, entour\u00e9 d\u2019une partie de ses enfants, de ses six petits-enfants et 12 arri\u00e8re-petits-enfants. \u00ab\u00a0La famille est \u00e9parpill\u00e9e un peu partout\u00a0\u00bb, confie-t-il.<\/p>\n","protected":false},"excerpt":{"rendered":"Il est n\u00e9 sept ans apr\u00e8s la fin de la Premi\u00e8re Guerre mondiale et il avait 20 ans&hellip;\n","protected":false},"author":2,"featured_media":367968,"comment_status":"","ping_status":"","sticky":false,"template":"","format":"standard","meta":{"footnotes":""},"categories":[9653],"tags":[1111,11,7476,2430,7539,1777,674,1011,27,12,25,4001,7538,104],"class_list":{"0":"post-367967","1":"post","2":"type-post","3":"status-publish","4":"format-standard","5":"has-post-thumbnail","7":"category-saint-etienne","8":"tag-actu","9":"tag-actualites","10":"tag-anniversaires","11":"tag-auvergne-rhone-alpes","12":"tag-edition-loire-sud","13":"tag-eu","14":"tag-europe","15":"tag-fr","16":"tag-france","17":"tag-news","18":"tag-republique-francaise","19":"tag-saint-etienne","20":"tag-saint-etienne-ville","21":"tag-societe"},"share_on_mastodon":{"url":"https:\/\/pubeurope.com\/@fr\/115151324092391008","error":""},"_links":{"self":[{"href":"https:\/\/www.europesays.com\/fr\/wp-json\/wp\/v2\/posts\/367967","targetHints":{"allow":["GET"]}}],"collection":[{"href":"https:\/\/www.europesays.com\/fr\/wp-json\/wp\/v2\/posts"}],"about":[{"href":"https:\/\/www.europesays.com\/fr\/wp-json\/wp\/v2\/types\/post"}],"author":[{"embeddable":true,"href":"https:\/\/www.europesays.com\/fr\/wp-json\/wp\/v2\/users\/2"}],"replies":[{"embeddable":true,"href":"https:\/\/www.europesays.com\/fr\/wp-json\/wp\/v2\/comments?post=367967"}],"version-history":[{"count":0,"href":"https:\/\/www.europesays.com\/fr\/wp-json\/wp\/v2\/posts\/367967\/revisions"}],"wp:featuredmedia":[{"embeddable":true,"href":"https:\/\/www.europesays.com\/fr\/wp-json\/wp\/v2\/media\/367968"}],"wp:attachment":[{"href":"https:\/\/www.europesays.com\/fr\/wp-json\/wp\/v2\/media?parent=367967"}],"wp:term":[{"taxonomy":"category","embeddable":true,"href":"https:\/\/www.europesays.com\/fr\/wp-json\/wp\/v2\/categories?post=367967"},{"taxonomy":"post_tag","embeddable":true,"href":"https:\/\/www.europesays.com\/fr\/wp-json\/wp\/v2\/tags?post=367967"}],"curies":[{"name":"wp","href":"https:\/\/api.w.org\/{rel}","templated":true}]}}