{"id":367975,"date":"2025-09-05T10:58:13","date_gmt":"2025-09-05T10:58:13","guid":{"rendered":"https:\/\/www.europesays.com\/fr\/367975\/"},"modified":"2025-09-05T10:58:13","modified_gmt":"2025-09-05T10:58:13","slug":"bouygues-immobilier-se-renforce-dans-le-var","status":"publish","type":"post","link":"https:\/\/www.europesays.com\/fr\/367975\/","title":{"rendered":"Bouygues Immobilier se renforce dans le Var"},"content":{"rendered":"<p><img loading=\"lazy\" decoding=\"async\" alt=\"\u00a9 D. R. - Damien Di Martino occupait depuis 2020 le poste de directeur r\u00e9gional de l\u2019ing\u00e9nierie pour le Sud.\" data-zoom-src=\"https:\/\/www.europesays.com\/fr\/wp-content\/uploads\/2025\/09\/initial-bouygues-immobilier-toulon-damien-di-martino.jpg\" data-zoomable=\"\" height=\"702\" src=\"https:\/\/www.europesays.com\/fr\/wp-content\/uploads\/2025\/09\/initial-bouygues-immobilier-toulon-damien-di-martino.jpg\" width=\"1248\"\/>  <\/p>\n<p class=\"article-desc\">\u00a9 D. R. &#8211; Damien Di Martino occupait depuis 2020 le poste de directeur r\u00e9gional de l\u2019ing\u00e9nierie pour le Sud. <\/p>\n<p>Alors que <strong>Bouygues Immobilier <\/strong>vient de livrer <a href=\"https:\/\/mesinfos.fr\/83000-toulon\/livraison-de-deux-residences-a-toulon-par-bouygues-immobilier-227526.html\" rel=\"noopener\" target=\"_blank\">deux programmes<\/a> \u00e0 Toulon, le promoteur annonce l\u2019arriv\u00e9e de <strong>Damien Di Martino<\/strong> en tant que directeur de l\u2019agence Var Ouest, situ\u00e9e au sein de la capitale varoise. <\/p>\n<p>En fonction depuis le 1er septembre, il aura pour mission \u00ab\u00a0de piloter la strat\u00e9gie de d\u00e9veloppement de Bouygues Immobilier\u00a0\u00bb sur <strong>la m\u00e9tropole Toulon Provence M\u00e9diterran\u00e9e<\/strong>, \u00ab\u00a0un territoire strat\u00e9gique et en pleine dynamique\u00a0\u00bb qui \u00ab\u00a0constitue un levier cl\u00e9 pour le d\u00e9veloppement de l\u2019entreprise dans le sud de la France\u00a0\u00bb. <\/p>\n<p>Affirmer le positionnement de Bouygues Immobilier dans l\u2019ouest Var <\/p>\n<p>Entr\u00e9 chez Bouygues Immobilier en 2017, Damien Di Martino occupait <strong>depuis 2020 le poste de directeur r\u00e9gional de l\u2019ing\u00e9nierie pour le Sud<\/strong>. <\/p>\n<p>\u00ab Son exp\u00e9rience et son engagement seront des leviers essentiels pour consolider la performance de l\u2019agence Var Ouest et affirmer le positionnement de leader de Bouygues Immobilier sur ce territoire auquel je suis particuli\u00e8rement attach\u00e9 \u00bb, indique dans un communiqu\u00e9 <a href=\"https:\/\/mesinfos.fr\/provence-alpes-cote-d-azur\/olivier-durix-directeur-general-adjoint-en-charge-de-la-promotion-france-sud-de-bouygues-immobilier-200518.html\" rel=\"noopener\" target=\"_blank\">Olivier Durix<\/a>, directeur g\u00e9n\u00e9ral adjoint Promotion France Sud chez Bouygues Immobilier.<\/p>\n","protected":false},"excerpt":{"rendered":"\u00a9 D. R. &#8211; Damien Di Martino occupait depuis 2020 le poste de directeur r\u00e9gional de l\u2019ing\u00e9nierie pour&hellip;\n","protected":false},"author":2,"featured_media":367976,"comment_status":"","ping_status":"","sticky":false,"template":"","format":"standard","meta":{"footnotes":""},"categories":[9619],"tags":[1111,11,16306,1777,674,1011,27,12,882,25,2310],"class_list":{"0":"post-367975","1":"post","2":"type-post","3":"status-publish","4":"format-standard","5":"has-post-thumbnail","7":"category-toulon","8":"tag-actu","9":"tag-actualites","10":"tag-bouygues-immobilier","11":"tag-eu","12":"tag-europe","13":"tag-fr","14":"tag-france","15":"tag-news","16":"tag-provence-alpes-cote-dazur","17":"tag-republique-francaise","18":"tag-toulon"},"share_on_mastodon":{"url":"https:\/\/pubeurope.com\/@fr\/115151341010762229","error":""},"_links":{"self":[{"href":"https:\/\/www.europesays.com\/fr\/wp-json\/wp\/v2\/posts\/367975","targetHints":{"allow":["GET"]}}],"collection":[{"href":"https:\/\/www.europesays.com\/fr\/wp-json\/wp\/v2\/posts"}],"about":[{"href":"https:\/\/www.europesays.com\/fr\/wp-json\/wp\/v2\/types\/post"}],"author":[{"embeddable":true,"href":"https:\/\/www.europesays.com\/fr\/wp-json\/wp\/v2\/users\/2"}],"replies":[{"embeddable":true,"href":"https:\/\/www.europesays.com\/fr\/wp-json\/wp\/v2\/comments?post=367975"}],"version-history":[{"count":0,"href":"https:\/\/www.europesays.com\/fr\/wp-json\/wp\/v2\/posts\/367975\/revisions"}],"wp:featuredmedia":[{"embeddable":true,"href":"https:\/\/www.europesays.com\/fr\/wp-json\/wp\/v2\/media\/367976"}],"wp:attachment":[{"href":"https:\/\/www.europesays.com\/fr\/wp-json\/wp\/v2\/media?parent=367975"}],"wp:term":[{"taxonomy":"category","embeddable":true,"href":"https:\/\/www.europesays.com\/fr\/wp-json\/wp\/v2\/categories?post=367975"},{"taxonomy":"post_tag","embeddable":true,"href":"https:\/\/www.europesays.com\/fr\/wp-json\/wp\/v2\/tags?post=367975"}],"curies":[{"name":"wp","href":"https:\/\/api.w.org\/{rel}","templated":true}]}}