{"id":367977,"date":"2025-09-05T10:59:11","date_gmt":"2025-09-05T10:59:11","guid":{"rendered":"https:\/\/www.europesays.com\/fr\/367977\/"},"modified":"2025-09-05T10:59:11","modified_gmt":"2025-09-05T10:59:11","slug":"lubb-toulon-et-la-rochelle-revent-de-renverser-toulouse","status":"publish","type":"post","link":"https:\/\/www.europesays.com\/fr\/367977\/","title":{"rendered":"L&rsquo;UBB, Toulon et La Rochelle r\u00eavent de renverser Toulouse"},"content":{"rendered":"\n<p data-start=\"71\" data-end=\"607\">Le palpitant des amoureux de rugby a eu deux mois pour retrouver un rythme normal, et il fallait bien \u00e7a dans la foul\u00e9e d\u2019une finale de Top 14 \u00e9bouriffante, remport\u00e9e au bout du suspense et de la prolongation par les Rouge et Noir face \u00e0 leur plus grand rival actuel, l\u2019Union Bordeaux-B\u00e8gles (39-33). Amoindri par les nombreuses blessures et secou\u00e9 dans son amour-propre par un revers face \u00e0 ces m\u00eames bordelo-b\u00e9glais en demi-finale de Champions Cup d\u00e9but mai, <a href=\"https:\/\/www.rugbypass.com\/teams\/toulouse\/\" rel=\"nofollow noopener\" target=\"_blank\">Toulouse<\/a> a puis\u00e9 dans ses ressources pour s\u2019offrir un 24e titre national.<\/p>\n<p data-start=\"609\" data-end=\"960\">Un peu plus de deux mois plus tard, une question se pose : mais qui pourra bien stopper le Stade Toulousain ? Alors qu\u2019une nouvelle saison de <a href=\"https:\/\/www.rugbypass.com\/top-14\/\" rel=\"nofollow noopener\" target=\"_blank\">Top 14<\/a> d\u00e9bute samedi, le triple champion de <a href=\"https:\/\/www.rugbypass.com\/teams\/france\/\" rel=\"nofollow noopener\" target=\"_blank\">France<\/a> en titre s\u2019avance une nouvelle fois en grand favori \u00e0 sa propre succession, m\u00eame s\u2019il devra ferrailler avec une concurrence d\u00e9sireuse de renverser la table.<\/p>\n<blockquote class=\"twitter-tweet\">\n<p dir=\"ltr\" lang=\"fr\">????? ? ?? ????? ! \ud83c\udfc6\ud83c\udfc6\ud83c\udfc6<br \/>Le Stade Toulousain d\u00e9croche son 3e Brennus d\u2019affil\u00e9e, le 24e de son Histoire !!!<a href=\"https:\/\/twitter.com\/hashtag\/FinaleTOP14?src=hash&amp;ref_src=twsrc%5Etfw\" rel=\"nofollow noopener\" target=\"_blank\">#FinaleTOP14<\/a> <a href=\"https:\/\/t.co\/nS4RQXZRrg\" rel=\"nofollow\">pic.twitter.com\/nS4RQXZRrg<\/a><\/p>\n<p>\u2014 TOP 14 Rugby (@top14rugby) <a href=\"https:\/\/twitter.com\/top14rugby\/status\/1939073224198775235?ref_src=twsrc%5Etfw\" rel=\"nofollow noopener\" target=\"_blank\">June 28, 2025<\/a><\/p>\n<\/blockquote>\n<p data-start=\"1163\" data-end=\"1412\">Et le probl\u00e8me pour cette dite concurrence, c\u2019est que les ouailles d\u2019Ugo Mola ne semblent pas moins bien arm\u00e9es au moment de lancer leur op\u00e9ration \u00ab quadrupl\u00e9 \u00bb, une prouesse plus r\u00e9alis\u00e9e depuis le milieu des ann\u00e9es 1990 par\u2026 le Stade Toulousain.<\/p>\n<p data-start=\"1414\" data-end=\"1818\">Pire, le manager haut-garonnais verra revenir au fil des semaines ses bless\u00e9s de longue date : d\u2019abord le virevoltant international italien <a href=\"https:\/\/www.rugbypass.com\/players\/ange-capuozzo\/\" rel=\"nofollow noopener\" target=\"_blank\">Ange Capuozzo<\/a> (p\u00e9ron\u00e9), puis le meilleur joueur fran\u00e7ais <a href=\"https:\/\/www.rugbypass.com\/players\/antoine-dupont\/\" rel=\"nofollow noopener\" target=\"_blank\">Antoine Dupont<\/a>, attendu fin novembre apr\u00e8s sa rupture des ligaments crois\u00e9s du genou droit. Le talonneur des Bleus <a href=\"https:\/\/www.rugbypass.com\/players\/peato-mauvaka\/\" rel=\"nofollow noopener\" target=\"_blank\">Peato Mauvaka<\/a>, victime de la m\u00eame blessure que \u00ab Toto \u00bb, fera son retour un peu plus tard.<\/p>\n<p data-start=\"1820\" data-end=\"2039\">\u00ab Il n\u2019y qu\u2019une \u00e9quipe qui peut se projeter dans 11 mois dans ce championnat \u00bb, estimait mardi l\u2019entra\u00eeneur du <a href=\"https:\/\/www.rugbypass.com\/teams\/racing-92\/\" rel=\"nofollow noopener\" target=\"_blank\">Racing 92<\/a> Patrice Collazo, dans une r\u00e9f\u00e9rence claire \u00e0 Toulouse que nul n\u2019imagine hors de la phase finale.<\/p>\n<p>L\u2019UBB principal rival, <a href=\"https:\/\/www.rugbypass.com\/teams\/toulon\/\" rel=\"nofollow noopener\" target=\"_blank\">Toulon<\/a> en embuscade ?<\/p>\n<p data-start=\"2093\" data-end=\"2496\">Alors pour contrer une telle armada, les autres ont cherch\u00e9 \u00e0 se renforcer. L\u2019UBB a voulu continuer \u00e0 densifier son pack avec l\u2019arriv\u00e9e pr\u00e9vue en d\u00e9cembre du n\u00b08 sud-africain Jean-Luc Du Preez ou le retour de Cameron Woki. Et l\u2019\u00e9quipe entra\u00een\u00e9e par <a href=\"https:\/\/www.rugbypass.com\/players\/yannick-bru\/\" rel=\"nofollow noopener\" target=\"_blank\">Yannick Bru<\/a> a \u00e9galement conserv\u00e9 son impressionnante ligne arri\u00e8re o\u00f9 <a href=\"https:\/\/www.rugbypass.com\/players\/damian-penaud\/\" rel=\"nofollow noopener\" target=\"_blank\">Damian Penaud<\/a> et <a href=\"https:\/\/www.rugbypass.com\/players\/louis-bielle-biarrey\/\" rel=\"nofollow noopener\" target=\"_blank\">Louis Bielle-Biarrey<\/a> ont \u00e9t\u00e9 si tranchants ces derni\u00e8res saisons.<\/p>\n<p data-start=\"2498\" data-end=\"2709\">Les deux formations des bords de la Garonne font figure d\u2019\u00e9pouvantail dans la course aux deux premi\u00e8res places, directement qualificatives pour les demi-finales qui se d\u00e9rouleront \u00e0 Marseille en juin prochain.<\/p>\n<p data-start=\"2711\" data-end=\"2886\">Derri\u00e8re, la meute, emmen\u00e9e par Toulon la saison pass\u00e9e, essayera de se rapprocher, \u00e0 l\u2019image de Varois en progr\u00e8s constant mais encore trop justes pour s\u2019inviter en finale.<\/p>\n<blockquote class=\"twitter-tweet\">\n<p dir=\"ltr\" lang=\"fr\">Tout donner pour \u00eatre pr\u00eat quand tout compte \ud83d\udc4a<a href=\"https:\/\/twitter.com\/hashtag\/ParceQueToulon?src=hash&amp;ref_src=twsrc%5Etfw\" rel=\"nofollow noopener\" target=\"_blank\">#ParceQueToulon<\/a> <a href=\"https:\/\/t.co\/7J0MVNkO8O\" rel=\"nofollow\">pic.twitter.com\/7J0MVNkO8O<\/a><\/p>\n<p>\u2014 RCT \u2013 Rugby Club Toulonnais (@RCTofficiel) <a href=\"https:\/\/twitter.com\/RCTofficiel\/status\/1963153548285223411?ref_src=twsrc%5Etfw\" rel=\"nofollow noopener\" target=\"_blank\">September 3, 2025<\/a><\/p>\n<\/blockquote>\n<p data-start=\"3050\" data-end=\"3278\">En attendant le retour proche de <a href=\"https:\/\/www.rugbypass.com\/players\/charles-ollivon\/\" rel=\"nofollow noopener\" target=\"_blank\">Charles Ollivon<\/a>, le RCT s\u2019est attach\u00e9 les services de <a href=\"https:\/\/www.rugbypass.com\/players\/zach-mercer\/\" rel=\"nofollow noopener\" target=\"_blank\">Zach Mercer<\/a>, champion de France en 2022 avec Montpellier, pour au moins maintenir l\u2019\u00e9cart avec le reste des pr\u00e9tendants aux phases finales.<\/p>\n<p data-start=\"3280\" data-end=\"3738\">Quatri\u00e8me et qualifi\u00e9 en demi-finales pour la premi\u00e8re fois depuis 43 ans, l\u2019Aviron Bayonnais avait surpris son monde lors d\u2019une saison remarquable. La retraite du maestro <a href=\"https:\/\/www.rugbypass.com\/players\/camille-lopez\/\" rel=\"nofollow noopener\" target=\"_blank\">Camille Lopez<\/a>, d\u00e9sormais dans le staff, et les secousses internes provoqu\u00e9es par l\u2019arriv\u00e9e de Laurent Travers comme directeur du rugby, m\u00eal\u00e9e \u00e0 la prolongation tumultueuse du manager Gr\u00e9gory Patat, laissent planer l\u2019incertitude sur la capacit\u00e9 des Basques \u00e0 r\u00e9\u00e9diter une telle saison.<\/p>\n<p>La Rochelle en qu\u00eate de renaissance<\/p>\n<p>D\u2019autant que certains rivaux voudront \u00e9jecter les Ciel et Blanc du dernier carr\u00e9. Emp\u00eatr\u00e9e dans une fin de cycle difficile \u00e0 dig\u00e9rer, La Rochelle a l\u2019occasion de r\u00e9enclencher la marche avant apr\u00e8s sa d\u00e9cevante septi\u00e8me place. Pour y arriver, les Maritimes ont frapp\u00e9 fort sur le march\u00e9 des transferts, en faisant signer le demi de m\u00eal\u00e9e du Racing 92 <a href=\"https:\/\/www.rugbypass.com\/players\/nolann-le-garrec\/\" rel=\"nofollow noopener\" target=\"_blank\">Nolann Le Garrec<\/a> et l\u2019arri\u00e8re g\u00e9orgien du Lou Davit Niniashvili.<\/p>\n<p>Dans un championnat o\u00f9 le ventre mou n\u2019existe quasiment plus, <a href=\"https:\/\/www.rugbypass.com\/teams\/castres\/\" rel=\"nofollow noopener\" target=\"_blank\">Castres<\/a> et son effectif quasi inchang\u00e9, <a href=\"https:\/\/www.rugbypass.com\/teams\/clermont\/\" rel=\"nofollow noopener\" target=\"_blank\">Clermont<\/a> emmen\u00e9 par Christophe Urios ou la Section Paloise pourraient se m\u00ealer \u00e0 la lutte pour les phases finales, ainsi que Montpellier, dernier club \u00e0 avoir enlev\u00e9 le Brennus avant l\u2019h\u00e9g\u00e9monie toulousaine.<\/p>\n<blockquote class=\"twitter-tweet\">\n<p dir=\"ltr\" lang=\"fr\">La \u00ab Causerie de rentr\u00e9e \u00bb, c\u2019\u00e9tait aujourd\u2019hui \ud83c\udf99\ufe0f<br \/>Un moment d\u2019\u00e9changes et de partage autour des ambitions des nouvelles saisons de <a href=\"https:\/\/twitter.com\/hashtag\/TOP14?src=hash&amp;ref_src=twsrc%5Etfw\" rel=\"nofollow noopener\" target=\"_blank\">#TOP14<\/a> et de <a href=\"https:\/\/twitter.com\/hashtag\/PROD2?src=hash&amp;ref_src=twsrc%5Etfw\" rel=\"nofollow noopener\" target=\"_blank\">#PROD2<\/a>, mais aussi l\u2019occasion de se tourner ensemble vers l\u2019avenir du rugby fran\u00e7ais. <a href=\"https:\/\/t.co\/ucPfTLhKZJ\" rel=\"nofollow\">pic.twitter.com\/ucPfTLhKZJ<\/a><\/p>\n<p>\u2014 TOP 14 Rugby (@top14rugby) <a href=\"https:\/\/twitter.com\/top14rugby\/status\/1962525703028564399?ref_src=twsrc%5Etfw\" rel=\"nofollow noopener\" target=\"_blank\">September 1, 2025<\/a><\/p>\n<\/blockquote>\n<p>Revanchards apr\u00e8s une saison difficile, le Stade fran\u00e7ais et Racing 92 voudront aussi retrouver une place plus conforme \u00e0 leurs ambitions et moyens financiers et s\u2019\u00e9viter des crises \u00e0 r\u00e9p\u00e9tition.<\/p>\n<p>En bas, le promu surprise Montauban et son budget loin des standards du Top 14 (13,8 millions d\u2019euros) devra r\u00e9aliser un immense exploit pour parvenir \u00e0 se maintenir alors que Perpignan, 13e et victorieux de <a href=\"https:\/\/www.rugbypass.com\/teams\/grenoble\/\" rel=\"nofollow noopener\" target=\"_blank\">Grenoble<\/a> en barrage d\u2019accession, s\u2019est renforc\u00e9 et r\u00eave de s\u2019\u00e9viter un nouveau gros stress dans le money-time.<\/p>\n<p> <script async src=\"https:\/\/platform.twitter.com\/widgets.js\" charset=\"utf-8\"><\/script><\/p>\n","protected":false},"excerpt":{"rendered":"Le palpitant des amoureux de rugby a eu deux mois pour retrouver un rythme normal, et il fallait&hellip;\n","protected":false},"author":2,"featured_media":367978,"comment_status":"","ping_status":"","sticky":false,"template":"","format":"standard","meta":{"footnotes":""},"categories":[9619],"tags":[1111,11,1777,674,1011,27,12,882,25,2310],"class_list":{"0":"post-367977","1":"post","2":"type-post","3":"status-publish","4":"format-standard","5":"has-post-thumbnail","7":"category-toulon","8":"tag-actu","9":"tag-actualites","10":"tag-eu","11":"tag-europe","12":"tag-fr","13":"tag-france","14":"tag-news","15":"tag-provence-alpes-cote-dazur","16":"tag-republique-francaise","17":"tag-toulon"},"share_on_mastodon":{"url":"https:\/\/pubeurope.com\/@fr\/115151343682918105","error":""},"_links":{"self":[{"href":"https:\/\/www.europesays.com\/fr\/wp-json\/wp\/v2\/posts\/367977","targetHints":{"allow":["GET"]}}],"collection":[{"href":"https:\/\/www.europesays.com\/fr\/wp-json\/wp\/v2\/posts"}],"about":[{"href":"https:\/\/www.europesays.com\/fr\/wp-json\/wp\/v2\/types\/post"}],"author":[{"embeddable":true,"href":"https:\/\/www.europesays.com\/fr\/wp-json\/wp\/v2\/users\/2"}],"replies":[{"embeddable":true,"href":"https:\/\/www.europesays.com\/fr\/wp-json\/wp\/v2\/comments?post=367977"}],"version-history":[{"count":0,"href":"https:\/\/www.europesays.com\/fr\/wp-json\/wp\/v2\/posts\/367977\/revisions"}],"wp:featuredmedia":[{"embeddable":true,"href":"https:\/\/www.europesays.com\/fr\/wp-json\/wp\/v2\/media\/367978"}],"wp:attachment":[{"href":"https:\/\/www.europesays.com\/fr\/wp-json\/wp\/v2\/media?parent=367977"}],"wp:term":[{"taxonomy":"category","embeddable":true,"href":"https:\/\/www.europesays.com\/fr\/wp-json\/wp\/v2\/categories?post=367977"},{"taxonomy":"post_tag","embeddable":true,"href":"https:\/\/www.europesays.com\/fr\/wp-json\/wp\/v2\/tags?post=367977"}],"curies":[{"name":"wp","href":"https:\/\/api.w.org\/{rel}","templated":true}]}}