{"id":367981,"date":"2025-09-05T11:01:13","date_gmt":"2025-09-05T11:01:13","guid":{"rendered":"https:\/\/www.europesays.com\/fr\/367981\/"},"modified":"2025-09-05T11:01:13","modified_gmt":"2025-09-05T11:01:13","slug":"lhymne-officiel-du-mhb-desormais-dans-votre-playlist","status":"publish","type":"post","link":"https:\/\/www.europesays.com\/fr\/367981\/","title":{"rendered":"l&rsquo;hymne officiel du MHB d\u00e9sormais dans votre playlist"},"content":{"rendered":"<p>            Par<br \/>\n        <strong><br \/>\n            <a href=\"https:\/\/actu.fr\/auteur\/metropoop\" title=\"Consulter tous les articles de R\u00e9daction M\u00e9tropolitain\" rel=\"nofollow noopener\" target=\"_blank\">R\u00e9daction M\u00e9tropolitain<\/a><br \/>\n        <\/strong><\/p>\n<p>        Publi\u00e9 le<\/p>\n<p>            5 sept. 2025 \u00e0 12h01        <\/p>\n<p>Apr\u00e8s pr\u00e8s de deux ans d\u2019attente, <strong>l\u2019hymne officiel du MHB<\/strong> est enfin disponible sur les plateformes de streaming musical, telles que <a href=\"https:\/\/open.spotify.com\/intl-fr\/track\/797asP7ExHMePYZMjqpz7A?si=gK46WiR9QDm4K6qBVyW1ug&amp;fbclid=IwY2xjawMnlsBleHRuA2FlbQIxMABicmlkETFmSzZRWnEwdnNqajhVYVZTAR6ewbCSvsRwKZxMPcUJpRfBBHIs5cpyHnFcc36C9lQ52Jxv-4tRAuEoAG6enA_aem_9rPheQkg-6f8IXUVOna9cQ&amp;nd=1&amp;dlsi=7b3c2c6f5cbf4311\" rel=\"nofollow noopener\" target=\"_blank\"><strong>Spotify<\/strong><\/a>, <a href=\"https:\/\/www.deezer.com\/fr\/track\/3481924121?host=0&amp;utm_campaign=clipboard-generic&amp;utm_source=user_sharing&amp;utm_content=track-3481924121&amp;deferredFl=1&amp;universal_link=1\" rel=\"nofollow noopener\" target=\"_blank\"><strong>Deezer<\/strong><\/a>, <a href=\"https:\/\/music.apple.com\/fr\/album\/allez-allez-mhb-hymne-officiel-du-montpellier-handball\/1829607264\" rel=\"nofollow noopener\" target=\"_blank\"><strong>Apple<\/strong> <strong>Music<\/strong><\/a> et <strong>Amazon<\/strong> <strong>Music<\/strong>. En 2023, les amoureux du club avaient d\u00e9j\u00e0 pu d\u00e9couvrir les premi\u00e8res notes de cette musique, qui allait devenir la chanson officielle du <strong>MHB<\/strong>. Baptis\u00e9 \u00ab\u202fAllez Allez MHB\u202f\u00bb, ce morceau voit <strong>Paco<\/strong> <strong>Baliardo<\/strong>, petit-fils de la l\u00e9gende gitane <strong>Manitas<\/strong> <strong>de<\/strong> <strong>Plata<\/strong>, exprimer \u00e0 travers sa guitare toute sa passion et son amour pour le club de handball.<\/p>\n<p class=\" wall-content\">Le refrain, entra\u00eenant et f\u00e9d\u00e9rateur, incite le public \u00e0 reprendre en ch\u0153ur les paroles : \u00ab\u00a0Ici, ici, c\u2019est Montpellier (x2). Allez, allez, le MHB ! Tous unis pour gagner.\u00a0\u00bb Il invite ainsi tous les supporters \u00e0 s\u2019unir dans un chant qui refl\u00e8te parfaitement l\u2019esprit du club : \u00ab\u00a0D\u2019une seule voix et d\u2019un seul \u00e9lan, sur tous les terrains r\u00e9sonnent nos chants. Ici, c\u2019est Montpellier. Montpellier Handball. Allez, allez MHB !\u00a0\u00bb<\/p>\n<p>    <a href=\"https:\/\/www.facebook.com\/plugins\/post.php?href=https%3A%2F%2Fwww.facebook.com%2Fmontpellierhandball%2Fposts%2Fpfbid0aSyjqJzsyHNRanfywwJTQ4ehEm84XUCtojxHxG31ZA2vwMSmk4HSBGFWgAghTsGzl&amp;show_text=true&amp;width=350\" title=\"Ouvrie le lien\" rel=\"nofollow noopener\" target=\"_blank\">Cliquez ici pour visualiser le contenu<\/a><\/p>\n<p class=\" wall-content\">En s\u2019appuyant sur ses racines artistiques, Paco Baliardo conf\u00e8re \u00e0 ce single une ambiance chaleureuse, festive et r\u00e9solument gypsy, m\u00ealant virtuosit\u00e9 \u00e0 la guitare et passion sportive. Ce style musical r\u00e9sonne comme une v\u00e9ritable repr\u00e9sentation de la r\u00e9gion, permettant aux supporters de s\u2019identifier pleinement au club de la capitale h\u00e9raultaise.<\/p>\n<p class=\" wall-content\">D\u00e9sormais, vous pouvez l\u2019ajouter \u00e0 votre playlist motivation pour apprendre les paroles et vous pr\u00e9parer \u00e0 encourager les joueurs au stade.<\/p>\n<p class=\" wall-content\">Personnalisez votre actualit\u00e9 en ajoutant vos villes et m\u00e9dias en favori avec <a href=\"https:\/\/moncompte.actu.fr\" title=\"D\u00e9couvez Mon Actu\" rel=\"nofollow noopener\" data-trk=\"{&quot;cta&quot;:{&quot;action&quot;:&quot;https:\\\/\\\/moncompte.actu.fr&quot;,&quot;category&quot;:&quot;mon compte&quot;,&quot;from&quot;:&quot;article footer&quot;,&quot;name&quot;:&quot;Mon actu&quot;,&quot;type&quot;:&quot;cta&quot;}}\" target=\"_blank\">Mon Actu<\/a>.<\/p>\n","protected":false},"excerpt":{"rendered":"Par R\u00e9daction M\u00e9tropolitain Publi\u00e9 le 5 sept. 2025 \u00e0 12h01 Apr\u00e8s pr\u00e8s de deux ans d\u2019attente, l\u2019hymne officiel&hellip;\n","protected":false},"author":2,"featured_media":367982,"comment_status":"","ping_status":"","sticky":false,"template":"","format":"standard","meta":{"footnotes":""},"categories":[9599],"tags":[1111,11,1777,674,1011,27,2208,12,2680,25,104],"class_list":{"0":"post-367981","1":"post","2":"type-post","3":"status-publish","4":"format-standard","5":"has-post-thumbnail","7":"category-montpellier","8":"tag-actu","9":"tag-actualites","10":"tag-eu","11":"tag-europe","12":"tag-fr","13":"tag-france","14":"tag-montpellier","15":"tag-news","16":"tag-occitanie","17":"tag-republique-francaise","18":"tag-societe"},"share_on_mastodon":{"url":"https:\/\/pubeurope.com\/@fr\/115151351715410019","error":""},"_links":{"self":[{"href":"https:\/\/www.europesays.com\/fr\/wp-json\/wp\/v2\/posts\/367981","targetHints":{"allow":["GET"]}}],"collection":[{"href":"https:\/\/www.europesays.com\/fr\/wp-json\/wp\/v2\/posts"}],"about":[{"href":"https:\/\/www.europesays.com\/fr\/wp-json\/wp\/v2\/types\/post"}],"author":[{"embeddable":true,"href":"https:\/\/www.europesays.com\/fr\/wp-json\/wp\/v2\/users\/2"}],"replies":[{"embeddable":true,"href":"https:\/\/www.europesays.com\/fr\/wp-json\/wp\/v2\/comments?post=367981"}],"version-history":[{"count":0,"href":"https:\/\/www.europesays.com\/fr\/wp-json\/wp\/v2\/posts\/367981\/revisions"}],"wp:featuredmedia":[{"embeddable":true,"href":"https:\/\/www.europesays.com\/fr\/wp-json\/wp\/v2\/media\/367982"}],"wp:attachment":[{"href":"https:\/\/www.europesays.com\/fr\/wp-json\/wp\/v2\/media?parent=367981"}],"wp:term":[{"taxonomy":"category","embeddable":true,"href":"https:\/\/www.europesays.com\/fr\/wp-json\/wp\/v2\/categories?post=367981"},{"taxonomy":"post_tag","embeddable":true,"href":"https:\/\/www.europesays.com\/fr\/wp-json\/wp\/v2\/tags?post=367981"}],"curies":[{"name":"wp","href":"https:\/\/api.w.org\/{rel}","templated":true}]}}