{"id":368006,"date":"2025-09-05T11:16:13","date_gmt":"2025-09-05T11:16:13","guid":{"rendered":"https:\/\/www.europesays.com\/fr\/368006\/"},"modified":"2025-09-05T11:16:13","modified_gmt":"2025-09-05T11:16:13","slug":"un-vrai-vent-de-fraicheur-ecoresponsable-sur-bordeaux","status":"publish","type":"post","link":"https:\/\/www.europesays.com\/fr\/368006\/","title":{"rendered":"un vrai vent de fra\u00eecheur \u00e9coresponsable sur Bordeaux ?"},"content":{"rendered":"<p>Le <a href=\"https:\/\/canopia-bordeaux.fr\/\" rel=\"nofollow noopener\" target=\"_blank\">projet <strong>Canopia<\/strong><\/a> transforme un ancien secteur de 4 hectares, situ\u00e9 entre la gare Saint-Jean et la Garonne, en un quartier durable innovant. Inspir\u00e9 par l\u2019architecture bordelaise, il allie patrimoine, nature et confort thermique pour m\u00e9tamorphoser la ville d\u2019ici 2027.<\/p>\n<p>Une trame verte apaisante : la rue-parc<\/p>\n<p><img fetchpriority=\"high\" decoding=\"async\" width=\"1024\" height=\"649\" src=\"https:\/\/www.bougerabordeaux.com\/wp-content\/uploads\/2025\/09\/canopia-bordeaux-2-1024x649.webp\" alt=\"\" class=\"wp-image-83220\"  \/>Canopia, futur quartier \u00e9coresponsable de Bordeaux, promet confort thermique, biodiversit\u00e9, logements, bureaux et mobilit\u00e9s douces au c\u0153ur de l\u2019op\u00e9ration urbaine Euratlantique. Cr\u00e9dit : Projet Canopia<\/p>\n<p><a href=\"https:\/\/www.bougerabordeaux.com\/actu\/bordeaux-canopia-le-quartier-du-futur-prend-forme-pres-de-la-gare-saint-jean\/\" rel=\"nofollow noopener\" target=\"_blank\">Au c\u0153ur du projet se trouve une <strong>rue-parc<\/strong> pi\u00e9tonne de <strong>600 m\u00e8tres de long sur 19 m\u00e8tres de large<\/strong><\/a>, o\u00f9 une canop\u00e9e v\u00e9g\u00e9tale dense offrira ombre, fra\u00eecheur et convivialit\u00e9. Cet axe reliera directement la gare \u00e0 la Garonne \u00e0 travers un chemin v\u00e9g\u00e9talis\u00e9 travers\u00e9 par un cours d\u2019eau apaisant.<\/p>\n<p>Une fra\u00eecheur urbaine notable : jusqu\u2019\u00e0 -12 \u00b0C ressentis<\/p>\n<p>Gr\u00e2ce \u00e0 une conception bioclimatique, Canopia devrait g\u00e9n\u00e9rer un <strong>\u00e9cart thermique ressenti allant jusqu\u2019\u00e0 12 \u00b0C de moins<\/strong> que dans les rues voisines. L\u2019efficacit\u00e9 du design repose sur l\u2019action combin\u00e9e des arbres, de l\u2019eau et d\u2019un syst\u00e8me innovant de rafra\u00eechissement \u00e0 faible empreinte carbone.<\/p>\n<p>Refroidissement par l\u2019eau de la Garonne : une premi\u00e8re en France<\/p>\n<p>Une caract\u00e9ristique ambitieuse du projet est l\u2019\u00e9tude d\u2019un <strong>r\u00e9seau de froid renouvelable<\/strong>, utilisant l\u2019eau de la Garonne pour refroidir les installations techniques du quartier (syst\u00e8mes de production de froid). Ce dispositif vise \u00e0 remplacer les rejets de chaleur souvent g\u00e9n\u00e9r\u00e9s par ces syst\u00e8mes, tout en garantissant une performance thermique optimale.<\/p>\n<p>Engagement \u00e9cologique et mixit\u00e9 fonctionnelle<\/p>\n<p><img loading=\"lazy\" decoding=\"async\" width=\"1024\" height=\"721\" src=\"https:\/\/www.bougerabordeaux.com\/wp-content\/uploads\/2025\/09\/canopia-bordeaux-3-1024x721.webp\" alt=\"\" class=\"wp-image-83221\"  \/>D\u00e9couvrez Canopia \u00e0 Bordeaux, un \u00eelot de fra\u00eecheur innovant m\u00ealant v\u00e9g\u00e9tation, architecture durable, r\u00e9seau de froid renouvelable et espaces de vie modernes et conviviaux. Cr\u00e9dit : Projet Canopia<\/p>\n<p>Canopia se distingue par son exigence environnementale : r\u00e9emploi de 95 % des mat\u00e9riaux issus des d\u00e9molitions, plantation de plus de <strong>600 arbres<\/strong>, v\u00e9g\u00e9talisation de <strong>13 400 m\u00b2<\/strong> de fa\u00e7ades et toitures, cr\u00e9ation d\u2019un <strong>parc de 2 hectares<\/strong> en bord de Garonne et <strong>1 400 places de stationnement pour v\u00e9los<\/strong> afin de favoriser les mobilit\u00e9s douces.<\/p>\n<p>Le quartier int\u00e8grera \u00e9galement un programme mixte ambitieux : logements, bureaux, commerce, h\u00f4tellerie, restauration, loisirs et espaces verts r\u00e9partis sur pr\u00e8s de <strong>70 000 m\u00b2<\/strong>.<\/p>\n<p>Un projet ambitieux au c\u0153ur de l\u2019op\u00e9ration Euratlantique<\/p>\n<p>Port\u00e9 par Apsys et Bordeaux Euratlantique, avec les architectes Maison \u00c9douard Fran\u00e7ois et Michel Desvigne Paysagiste, Canopia fait partie de la strat\u00e9gie urbaine de transformation du secteur autour de la gare Saint-Jean. D\u2019ici 2040, ce lieu deviendra un hub majeur de mobilit\u00e9s douces, accueillant un flux croissant de voyageurs avec RER, bus express ou prolongements du TGV.<\/p>\n<p><img loading=\"lazy\" decoding=\"async\" width=\"930\" height=\"1024\" src=\"https:\/\/www.bougerabordeaux.com\/wp-content\/uploads\/2025\/09\/canopia-bordeaux-930x1024.webp\" alt=\"\" class=\"wp-image-83222\"  \/>Canopia \u00e0 Bordeaux transforme 4 hectares en quartier durable : rue-parc, fra\u00eecheur bioclimatique, eau de la Garonne, mixit\u00e9 fonctionnelle et engagement \u00e9cologique exemplaire. Cr\u00e9dit : Projet Canopia<\/p>\n<p><strong>Canopia<\/strong> promet de devenir une vitrine de l\u2019urbanisme durable, combinant fra\u00eecheur thermique, r\u00e9emploi, mixit\u00e9 et nature en c\u0153ur de ville. Bient\u00f4t, ce nouveau quartier ne sera pas seulement un lieu de vie, mais un exemple concret de r\u00e9silience climatique et d\u2019innovation urbaine \u00e0 Bordeaux.<\/p>\n<p>A lire aussi : <a href=\"https:\/\/www.bougerabordeaux.com\/actu\/la-population-de-bordeaux-en-chiffres-demographie-familles-et-evolutions\/\" rel=\"nofollow noopener\" target=\"_blank\">La population de Bordeaux en chiffres : d\u00e9mographie, familles et \u00e9volutions<\/a><\/p>\n","protected":false},"excerpt":{"rendered":"Le projet Canopia transforme un ancien secteur de 4 hectares, situ\u00e9 entre la gare Saint-Jean et la Garonne,&hellip;\n","protected":false},"author":2,"featured_media":368007,"comment_status":"","ping_status":"","sticky":false,"template":"","format":"standard","meta":{"footnotes":""},"categories":[2817],"tags":[1111,11,1997,1777,674,1011,27,12,2219,25],"class_list":{"0":"post-368006","1":"post","2":"type-post","3":"status-publish","4":"format-standard","5":"has-post-thumbnail","7":"category-bordeaux","8":"tag-actu","9":"tag-actualites","10":"tag-bordeaux","11":"tag-eu","12":"tag-europe","13":"tag-fr","14":"tag-france","15":"tag-news","16":"tag-nouvelle-aquitaine","17":"tag-republique-francaise"},"share_on_mastodon":{"url":"https:\/\/pubeurope.com\/@fr\/115151410754418922","error":""},"_links":{"self":[{"href":"https:\/\/www.europesays.com\/fr\/wp-json\/wp\/v2\/posts\/368006","targetHints":{"allow":["GET"]}}],"collection":[{"href":"https:\/\/www.europesays.com\/fr\/wp-json\/wp\/v2\/posts"}],"about":[{"href":"https:\/\/www.europesays.com\/fr\/wp-json\/wp\/v2\/types\/post"}],"author":[{"embeddable":true,"href":"https:\/\/www.europesays.com\/fr\/wp-json\/wp\/v2\/users\/2"}],"replies":[{"embeddable":true,"href":"https:\/\/www.europesays.com\/fr\/wp-json\/wp\/v2\/comments?post=368006"}],"version-history":[{"count":0,"href":"https:\/\/www.europesays.com\/fr\/wp-json\/wp\/v2\/posts\/368006\/revisions"}],"wp:featuredmedia":[{"embeddable":true,"href":"https:\/\/www.europesays.com\/fr\/wp-json\/wp\/v2\/media\/368007"}],"wp:attachment":[{"href":"https:\/\/www.europesays.com\/fr\/wp-json\/wp\/v2\/media?parent=368006"}],"wp:term":[{"taxonomy":"category","embeddable":true,"href":"https:\/\/www.europesays.com\/fr\/wp-json\/wp\/v2\/categories?post=368006"},{"taxonomy":"post_tag","embeddable":true,"href":"https:\/\/www.europesays.com\/fr\/wp-json\/wp\/v2\/tags?post=368006"}],"curies":[{"name":"wp","href":"https:\/\/api.w.org\/{rel}","templated":true}]}}