{"id":368008,"date":"2025-09-05T11:17:12","date_gmt":"2025-09-05T11:17:12","guid":{"rendered":"https:\/\/www.europesays.com\/fr\/368008\/"},"modified":"2025-09-05T11:17:12","modified_gmt":"2025-09-05T11:17:12","slug":"une-vue-inedite-de-la-future-fnac-dont-une-facade-typique-de-la-ville-rose-se-dessine","status":"publish","type":"post","link":"https:\/\/www.europesays.com\/fr\/368008\/","title":{"rendered":"une vue in\u00e9dite de la future FNAC, dont une fa\u00e7ade typique de la Ville rose se dessine"},"content":{"rendered":"<p>            Par<br \/>\n        <strong><br \/>\n            <a href=\"https:\/\/actu.fr\/auteur\/guillaume-laurens\" title=\"Consulter tous les articles de Guillaume Laurens\" rel=\"nofollow noopener\" target=\"_blank\">Guillaume Laurens<\/a><br \/>\n        <\/strong><\/p>\n<p>        Publi\u00e9 le<\/p>\n<p>            5 sept. 2025 \u00e0 12h47        <\/p>\n<p>C\u2019est un pan m\u00e9connu du <a href=\"https:\/\/actu.fr\/occitanie\/toulouse_31555\/toulouse-les-spectaculaires-travaux-de-la-future-fnac-qui-doit-ouvrir-en-2026-en-centre-ville_62718356.html\" rel=\"nofollow noopener\" target=\"_blank\">chantier de la <strong>future FNAC<\/strong>, dans l\u2019immeuble des Vari\u00e9t\u00e9s<\/a>, en plein c\u0153ur de <a href=\"https:\/\/actu.fr\/toulouse\/\" rel=\"nofollow noopener\" target=\"_blank\"><strong>Toulouse<\/strong><\/a>. Si la fa\u00e7ade Art D\u00e9co class\u00e9e aux Monuments historiques ne passe pas inaper\u00e7ue puisqu\u2019elle donne sur Jean-Jaur\u00e8s, \u00e9picentre du m\u00e9tro de la Ville rose, celle situ\u00e9e du c\u00f4t\u00e9 de la rue d\u2019Austerlitz est \u00e0 l\u2019abri des regards. Or, le chantier y a bien avanc\u00e9 ces derni\u00e8res semaines. Voici ce qu\u2019il s\u2019y passe.<\/p>\n<p>\u00ab\u2009Recr\u00e9er la continuit\u00e9 des arches et des corniches\u2009\u00bb typiques de Toulouse<\/p>\n<p class=\" wall-content\">\u00ab\u2009Les premi\u00e8res fa\u00e7ades pr\u00e9fabriqu\u00e9es de la rue Austerlitz ont \u00e9t\u00e9 pos\u00e9es cet \u00e9t\u00e9\u2009\u00bb, glisse <strong>Julien Berjaud<\/strong>, ing\u00e9nieur d\u00e9veloppement chez GreenCity Immobilier, promoteur charg\u00e9 de l\u2019assistance ma\u00eetrise d\u2019ouvrage pour le compte de la fonci\u00e8re Caso Patrimoine, propri\u00e9taire du site. Il\u00a0d\u00e9voile une <strong>image spectaculaire<\/strong> capt\u00e9e par une cam\u00e9ra perch\u00e9e sur les toits de l\u2019H\u00f4tel de France, rue d\u2019Austerlitz. De quoi \u00ab\u2009offrir aux Toulousains <strong>un premier aper\u00e7u<\/strong> de l\u2019architecture mise en avant par Taillandier Architectes Associ\u00e9s de ce c\u00f4t\u00e9 de l\u2019op\u00e9ration\u2009\u00bb.<\/p>\n<blockquote class=\"ac-article-quote wall-content\">\n<p>Vous pourrez distinguer la volont\u00e9 de recr\u00e9er la continuit\u00e9 des arches et des corniches d\u00e9j\u00e0 pr\u00e9sentes sur les immeubles historiques de la rue. \u00c0 terme, des \u00e9l\u00e9ments en terre cuite viendront renforcer cette int\u00e9gration.\n<\/p>\n<p>    <strong>Julien Berjaud<\/strong><br \/>\n        Ing\u00e9nieur d\u00e9veloppement chez GreenCity Immobilier    <\/p><\/blockquote>\n<p>Une \u00ab\u2009vieille architecture typiquement toulousaine\u2009\u00bb<\/p>\n<p class=\" wall-content\">\u00ab\u2009Ces murs en b\u00e9ton de la rue d\u2019Austerlitz ont \u00e9t\u00e9 pr\u00e9fabriqu\u00e9s en usine, aplat, avec les moulures et les arches\u2009\u00bb, d\u00e9taille Julien Berjaud. \u00ab\u2009Ils seront ensuite recouverts par des <strong>plaquettes de parement en terre cuite,<\/strong> pour donner \u00e0 l\u2019immeuble un aspect typiquement toulousain\u2009\u00bb.<\/p>\n<blockquote class=\"ac-article-quote wall-content\">\n<p>Cette fa\u00e7ade refl\u00e8tera une vieille architecture toulousaine des b\u00e2timents du centre-ville, avec des arches en rez-de-chauss\u00e9e, ainsi que des corniches au-dessus de ces arches et juste au-dessous du toit. On a voulu recr\u00e9er cet aspect du patrimoine de mani\u00e8re plus moderne.<\/p>\n<p>    <strong>Julien Berjaud<\/strong>\n            <\/p><\/blockquote>\n<p class=\" wall-content\">Un <strong>sacr\u00e9 changement<\/strong> se profile \u00e0 terme pour la rue d\u2019Austerlitz, o\u00f9 il y a deux ans seulement, <strong>quatre immeubles extr\u00eamement v\u00e9tustes<\/strong> et soutenus par des poutres m\u00e9talliques (trois d\u2019entre eux \u00e9taient m\u00eame en arr\u00eat\u00e9 de p\u00e9ril) ont disparu du paysage, afin de former avec les locaux de l\u2019ex-cin\u00e9ma UGC c\u00f4t\u00e9 all\u00e9es Roosevelt ceux de la future FNAC.<\/p>\n<p>    <img   decoding=\"async\" loading=\"lazy\" src=\"https:\/\/www.europesays.com\/fr\/wp-content\/uploads\/2025\/09\/immeubles-peril-rue-austerlitz-toulouse-960x640.jpg\" alt=\"Voici \u00e0 quoi ressemblaient les fa\u00e7ades de la rue d'Austerlitz avant leur destruction : quatre immeubles, dont trois qui mena\u00e7aient de s\u2019effondrer, ont disparu du paysage\" width=\"960\" height=\"640\"\/><br \/>\n    Voici \u00e0 quoi ressemblaient les immeubles de la rue d\u2019Austerlitz avant leur destruction\u2009: quatre d\u2019entre eux (dont trois qui mena\u00e7aient de s\u2019effondrer) ont \u00e9t\u00e9 ras\u00e9s sur 30\u00a0m de fa\u00e7ades\u2026 (\u00a9Archives \/ Guillaume Laurens \/ Actu Toulouse)<\/p>\n<p>Votre r\u00e9gion, votre actu !<\/p>\n<p>Recevez chaque jour les infos qui comptent pour vous.<\/p>\n<p>\t<a href=\"https:\/\/actu.fr\/newsletter\" class=\"ac-btn ac-btn--corner ac-btn--medium ac-btn--blue800\" rel=\"nofollow noopener\" target=\"_blank\">S&rsquo;incrire<\/a><br \/>\nQui s\u2019installera avec la Fnac\u2009?<\/p>\n<p class=\" wall-content\">Derri\u00e8re ces murs, les <strong>trois premiers niveaux<\/strong> de cet immense immeuble de pr\u00e8s de 6\u2009000 m\u00b2 seront occup\u00e9s par, la <strong>Fnac<\/strong>, qui va donc traverser la rue. Outre l\u2019enseigne culturelle pr\u00e9f\u00e9r\u00e9e des Fran\u00e7ais, Caso Patrimoine s\u2019appr\u00eate \u00e0 <strong>ouvrir la commercialisation<\/strong>\u00a0pour deux parties du futur b\u00e2timent\u2009: les <strong>bureaux<\/strong> qui occuperont le 3e \u00e9tage sur environ 800 m\u00b2, et le <strong>restaurant<\/strong> qui sera install\u00e9, avec son <strong>rooftop<\/strong>, au 4e et dernier \u00e9tage de la b\u00e2tisse.<\/p>\n<p>    <img   decoding=\"async\" loading=\"lazy\" src=\"https:\/\/www.europesays.com\/fr\/wp-content\/uploads\/2025\/09\/face-fnac-jean-jaures-toulouse-la-960x640.jpg\" alt=\"La fa\u00e7ade Art-D\u00e9co, class\u00e9e aux Monuments historiques, a \u00e9t\u00e9 pr\u00e9serv\u00e9e\" width=\"960\" height=\"640\"\/><br \/>\n    La fa\u00e7ade Art-D\u00e9co, class\u00e9e aux Monuments historiques, a \u00e9t\u00e9 pr\u00e9serv\u00e9e (\u00a9L\u00e9a Afonso \/ Actu Toulouse)\u00ab\u2009Un haut-lieu de l\u2019art de vivre \u00e0 la toulousaine\u2009\u00bb<\/p>\n<p class=\" wall-content\">Qui tiendra ce restaurant dont le <strong>panorama<\/strong> s\u2019annonce exceptionnel\u2009? \u00ab\u2009Nous allons lancer la commercialisation \u00e0 la rentr\u00e9e\u2009\u00bb, soufflait <strong>Sophie Monn\u00e9<\/strong>, cog\u00e9rante de Caso Patrimoine avec sa s\u0153ur Caroline, <a href=\"https:\/\/actu.fr\/occitanie\/toulouse_31555\/toulouse-sur-le-chantier-le-plus-visible-du-centre-ville-un-immeuble-se-construit-il-va-monter-tres-vite_62890607.html\" rel=\"nofollow noopener\" target=\"_blank\">d\u00e9but juillet<\/a>. \u00ab\u2009On attend de pouvoir sortir le b\u00e2timent. Pour le moment, nous n\u2019avons <strong>rien sign\u00e9<\/strong> avec personne\u2009\u00bb.<\/p>\n<blockquote class=\"ac-article-quote wall-content\">\n<p>Le lieu reprendra la forme de l\u2019ancienne salle du Th\u00e9\u00e2tre des Vari\u00e9t\u00e9s. L\u2019acteur qui voudra se positionner devra y \u00eatre sensible.<\/p>\n<p>    <strong>Sophie Monn\u00e9<\/strong><br \/>\n        Cog\u00e9rante de Caso Patrimoine\u00a0    <\/p><\/blockquote>\n<p class=\" wall-content\">\u00ab\u2009Celui-ci sera compos\u00e9 d\u2019une grande salle b\u00e9n\u00e9ficiant du charme et de la <strong>hauteur sous plafond<\/strong> de la future charpente apparente de l\u2019immeuble, ainsi que d\u2019une <strong>immense terrasse v\u00e9g\u00e9talis\u00e9e\u2009\u00bb<\/strong> de 400 m\u00b2, d\u00e9peint Julien Berjaud, qui y voit \u00ab\u2009un futur haut lieu de l\u2019art de vivre \u00e0 la toulousaine\u2009\u00bb \u00e0 deux pas du march\u00e9 Victor-Hugo.<\/p>\n<p class=\" wall-content\">Pour ce qui est des travaux, \u00ab\u2009la <strong>phase critique<\/strong> \u00e9tait au niveau du sous-sol (notamment avec un tunnel de service de la station de m\u00e9tro Jean-Jaur\u00e8s qui passe sous le site, NDLR), elle est pass\u00e9e sans encombre\u2009\u00bb, souligne Julien Berjaud. Apr\u00e8s<a href=\"https:\/\/actu.fr\/occitanie\/toulouse_31555\/toulouse-la-fnac-investit-un-site-historique-du-centre-ville-comment-s-organise-son-grand-demenagement_62886608.html\" rel=\"nofollow noopener\" target=\"_blank\"> la pose de la premi\u00e8re pierre avec le grand patron de la Fnac<\/a> en juillet, les travaux ont avanc\u00e9 bon train cet \u00e9t\u00e9, et le calendrier est tenu. La livraison du chantier est pr\u00e9vue l\u2019\u00e9t\u00e9 prochain et l\u2019ouverture de la Fnac au <strong>second semestre 2026.<\/strong><\/p>\n<p class=\" wall-content\">Personnalisez votre actualit\u00e9 en ajoutant vos villes et m\u00e9dias en favori avec <a href=\"https:\/\/moncompte.actu.fr\" title=\"D\u00e9couvez Mon Actu\" rel=\"nofollow noopener\" data-trk=\"{&quot;cta&quot;:{&quot;action&quot;:&quot;https:\\\/\\\/moncompte.actu.fr&quot;,&quot;category&quot;:&quot;mon compte&quot;,&quot;from&quot;:&quot;article footer&quot;,&quot;name&quot;:&quot;Mon actu&quot;,&quot;type&quot;:&quot;cta&quot;}}\" target=\"_blank\">Mon Actu<\/a>.<\/p>\n","protected":false},"excerpt":{"rendered":"Par Guillaume Laurens Publi\u00e9 le 5 sept. 2025 \u00e0 12h47 C\u2019est un pan m\u00e9connu du chantier de la&hellip;\n","protected":false},"author":2,"featured_media":368009,"comment_status":"","ping_status":"","sticky":false,"template":"","format":"standard","meta":{"footnotes":""},"categories":[2816],"tags":[1111,11,1777,674,1011,27,12,2680,25,104,2312],"class_list":{"0":"post-368008","1":"post","2":"type-post","3":"status-publish","4":"format-standard","5":"has-post-thumbnail","7":"category-toulouse","8":"tag-actu","9":"tag-actualites","10":"tag-eu","11":"tag-europe","12":"tag-fr","13":"tag-france","14":"tag-news","15":"tag-occitanie","16":"tag-republique-francaise","17":"tag-societe","18":"tag-toulouse"},"share_on_mastodon":{"url":"https:\/\/pubeurope.com\/@fr\/115151414554468129","error":""},"_links":{"self":[{"href":"https:\/\/www.europesays.com\/fr\/wp-json\/wp\/v2\/posts\/368008","targetHints":{"allow":["GET"]}}],"collection":[{"href":"https:\/\/www.europesays.com\/fr\/wp-json\/wp\/v2\/posts"}],"about":[{"href":"https:\/\/www.europesays.com\/fr\/wp-json\/wp\/v2\/types\/post"}],"author":[{"embeddable":true,"href":"https:\/\/www.europesays.com\/fr\/wp-json\/wp\/v2\/users\/2"}],"replies":[{"embeddable":true,"href":"https:\/\/www.europesays.com\/fr\/wp-json\/wp\/v2\/comments?post=368008"}],"version-history":[{"count":0,"href":"https:\/\/www.europesays.com\/fr\/wp-json\/wp\/v2\/posts\/368008\/revisions"}],"wp:featuredmedia":[{"embeddable":true,"href":"https:\/\/www.europesays.com\/fr\/wp-json\/wp\/v2\/media\/368009"}],"wp:attachment":[{"href":"https:\/\/www.europesays.com\/fr\/wp-json\/wp\/v2\/media?parent=368008"}],"wp:term":[{"taxonomy":"category","embeddable":true,"href":"https:\/\/www.europesays.com\/fr\/wp-json\/wp\/v2\/categories?post=368008"},{"taxonomy":"post_tag","embeddable":true,"href":"https:\/\/www.europesays.com\/fr\/wp-json\/wp\/v2\/tags?post=368008"}],"curies":[{"name":"wp","href":"https:\/\/api.w.org\/{rel}","templated":true}]}}