{"id":368010,"date":"2025-09-05T11:18:14","date_gmt":"2025-09-05T11:18:14","guid":{"rendered":"https:\/\/www.europesays.com\/fr\/368010\/"},"modified":"2025-09-05T11:18:14","modified_gmt":"2025-09-05T11:18:14","slug":"il-se-retrouve-enleve-et-abandonne-a-200-km-de-chez-lui","status":"publish","type":"post","link":"https:\/\/www.europesays.com\/fr\/368010\/","title":{"rendered":"il se retrouve enlev\u00e9 et abandonn\u00e9 \u00e0 200 km de chez lui"},"content":{"rendered":"<p>Dans la nuit du 8 au 9 ao\u00fbt, un jeune homme de 20 ans a \u00e9t\u00e9 enlev\u00e9 en plein centre-ville de Toulouse avant d\u2019\u00eatre d\u00e9pouill\u00e9. Comment une simple rencontre a-t-elle pu d\u00e9g\u00e9n\u00e9rer en enl\u00e8vement et en une s\u00e9rie d\u2019actes violents\u00a0?<\/p>\n<p class=\"fig-paragraph\">Une soir\u00e9e qui bascule en cauchemar. \u00c0\u00a0<a href=\"https:\/\/www.lefigaro.fr\/tag\/toulouse?msockid=0891325508ba61e90d202409091460ed\" target=\"_blank\" rel=\"sponsored noopener\" data-gtm-custom-categorie=\"navigation\" data-gtm-custom-action=\"crossclick\" data-gtm-custom-label=\"Contextuel\" data-gtm-event=\"customEventSPE\">Toulouse<\/a>, la fin de l\u2019\u00e9t\u00e9 rime avec le retour en fanfare des soir\u00e9es nocturnes. Les \u00e9tudiants reviennent et les nombreux bars\u00a0<a href=\"https:\/\/www.google.com\/maps\/place\/Pl.+Saint-Pierre,+31000+Toulouse\/@43.6037093,1.4333249,17z\/data=!3m1!4b1!4m6!3m5!1s0x12aebb65c7d66a45:0xcc9b4e2f2246551f!8m2!3d43.6037093!4d1.4358998!16s%2Fg%2F1tjcrj95?entry=ttu&amp;g_ep=EgoyMDI1MDkwMi4wIKXMDSoASAFQAw%3D%3D\" target=\"_blank\" rel=\"sponsored noopener\" data-gtm-custom-categorie=\"navigation\" data-gtm-custom-action=\"crossclick\" data-gtm-custom-label=\"Contextuel\" data-gtm-event=\"customEventSPE\">place Saint-Pierre<\/a>\u00a0s\u2019animent. Dans la nuit du 8 au 9 ao\u00fbt, l\u2019atmosph\u00e8re a d\u00e9j\u00e0 ce go\u00fbt de retour \u00e0 la f\u00eate. Dans ce d\u00e9cor familier de la jeunesse toulousaine, un homme de 20 ans croise deux individus \u00e0 la sortie d\u2019un bar qui, selon une source polici\u00e8re, lui \u00ab auraient mis un couteau dans le dos en lui ordonnant de les suivre\u00a0\u00bb. Sous la menace, il est forc\u00e9 de monter dans un v\u00e9hicule. \u00abOn ignore encore si ces hommes se connaissaient mais ils avaient eu une altercation quelques minutes plus t\u00f4t. Mais j\u2019imagine qu\u2019ils ont d\u00fb profiter de sa vuln\u00e9rabilit\u00e9\u00bb. Commence alors un p\u00e9riple ponctu\u00e9 de violences, d\u2019humiliations et de retraits bancaires impos\u00e9s. \u00abIls le forcent \u00e0 donner ses codes bancaires puis se dirigent aux environs de Perpignan pensant ne pas se faire rattraper. Il le d\u00e9pose puis l\u2019attache\u00bb. Le lendemain matin, la victime parvient \u00e0 se lib\u00e9rer de ses liens et \u00e0 trouver refuge aupr\u00e8s de la gendarmerie de\u00a0<a href=\"https:\/\/www.google.com\/maps\/place\/Saint-Laurent-de-la-Salanque\/@42.8072685,2.9169432,12z\/data=!3m1!4b1!4m6!3m5!1s0x12b0674100047d55:0x407882116676530!8m2!3d42.773217!4d2.989793!16s%2Fm%2F03qlrbd?entry=ttu&amp;g_ep=EgoyMDI1MDkwMi4wIKXMDSoASAFQAw%3D%3D\" target=\"_blank\" rel=\"sponsored noopener\" data-gtm-custom-categorie=\"navigation\" data-gtm-custom-action=\"crossclick\" data-gtm-custom-label=\"Contextuel\" data-gtm-event=\"customEventSPE\">Saint-Laurent-de-la-Salanque<\/a>, \u00e0 plus de 200 kilom\u00e8tres de la Ville rose.<\/p>\n<p>Des suspects vite identifi\u00e9s<\/p>\n<p class=\"fig-paragraph\">L\u2019affaire a \u00e9t\u00e9 confi\u00e9e \u00e0 la division de la criminalit\u00e9 organis\u00e9e et sp\u00e9cialis\u00e9e de la DIPN 31 (Direction Interd\u00e9partementale de la Police Nationale). Les enqu\u00eateurs ont reconstitu\u00e9 le parcours des ravisseurs assez rapidement\u00a0: \u00abOn se f\u00e9licite de ces arrestations rapides, moins d\u2019un mois apr\u00e8s les faits\u00bb, affirme le Procureur de la R\u00e9publique de Toulouse,\u00a0<a href=\"https:\/\/www.lefigaro.fr\/tag\/david-charmatz?msockid=0891325508ba61e90d202409091460ed\" target=\"_blank\" rel=\"sponsored noopener\" data-gtm-custom-categorie=\"navigation\" data-gtm-custom-action=\"crossclick\" data-gtm-custom-label=\"Contextuel\" data-gtm-event=\"customEventSPE\">David Charmatz<\/a>. Il faut dire que \u00ab ce ne sont pas des bandits de grand chemin\u00a0\u00bb, souligne la m\u00eame source polici\u00e8re. Les \u00e9l\u00e9ments se sont accumul\u00e9s\u00a0: \u00absur les cam\u00e9ras de surveillance, on les voit s\u2019arr\u00eater faire le plein d\u2018essence, tr\u00e8s vite les enqu\u00eateurs ont d\u00fb relever leur plaque d\u2019immatriculation\u00bb.<\/p>\n<p>                                    <a class=\"fig-a11y-skip a11y-hidden\" href=\"#fig-a11y-skip-main-inarticle\"><br \/>\n        Passer la publicit\u00e9<br \/>\n    <\/a><\/p>\n<p class=\"fig-paragraph\">C\u2019est ce jeudi 4 septembre que les deux suspects ont \u00e9t\u00e9 interpell\u00e9s\u00a0: deux hommes dont un mineur. Pr\u00e9sent\u00e9s jeudi devant un juge d\u2019instruction, ils ont \u00e9t\u00e9 mis en examen pour \u00ab enl\u00e8vement et s\u00e9questration pour faciliter un crime\u00a0\u00bb, \u00ab extorsion et escroquerie en bande organis\u00e9e\u00a0\u00bb, ainsi que pour \u00ab violences aggrav\u00e9es suivies d\u2019incapacit\u00e9 sup\u00e9rieure \u00e0 huit jours\u00a0\u00bb, pr\u00e9cise le parquet de Toulouse. Ils ont \u00e9t\u00e9 plac\u00e9s en d\u00e9tention provisoire.<\/p>\n<p>\u00abUne d\u00e9rive inqui\u00e9tante\u00bb<\/p>\n<p class=\"fig-paragraph\">Selon notre source polici\u00e8re, ce rapt rel\u00e8ve avant tout d\u2019un \u00ab coup d\u2019opportunit\u00e9\u00a0\u00bb. \u00ab Ils croisent ce gamin, ils se disent\u00a0: tiens, on le prend et on prend sa carte bleue\u00a0\u00bb, explique ce dernier avant de continuer\u00a0: \u00ab personnellement, je pense que c\u2019est le reflet d\u2019<a href=\"https:\/\/www.lefigaro.fr\/tag\/petite-delinquance?msockid=0891325508ba61e90d202409091460ed\" target=\"_blank\" rel=\"sponsored noopener\" data-gtm-custom-categorie=\"navigation\" data-gtm-custom-action=\"crossclick\" data-gtm-custom-label=\"Contextuel\" data-gtm-event=\"customEventSPE\">une g\u00e9n\u00e9ration qui s\u2019invente une vie de grands brigands<\/a> . Ce sont des gamins qui jouent avec des allumettes.\u00bb Sur la place Saint-Pierre, \u00e9picentre des soir\u00e9es nocturnes, \u00ab on sait qu\u2019\u00e0 partir d\u2019une certaine heure, on trouve des gens vuln\u00e9rables. C\u2019est un th\u00e9\u00e2tre de jeu pour d\u00e9pouiller les f\u00eatards\u00a0\u00bb.<\/p>\n","protected":false},"excerpt":{"rendered":"Dans la nuit du 8 au 9 ao\u00fbt, un jeune homme de 20 ans a \u00e9t\u00e9 enlev\u00e9 en&hellip;\n","protected":false},"author":2,"featured_media":368011,"comment_status":"","ping_status":"","sticky":false,"template":"","format":"standard","meta":{"footnotes":""},"categories":[2816],"tags":[1111,11,2716,1777,674,1011,27,12,2680,25,2312,809],"class_list":{"0":"post-368010","1":"post","2":"type-post","3":"status-publish","4":"format-standard","5":"has-post-thumbnail","7":"category-toulouse","8":"tag-actu","9":"tag-actualites","10":"tag-enlevement","11":"tag-eu","12":"tag-europe","13":"tag-fr","14":"tag-france","15":"tag-news","16":"tag-occitanie","17":"tag-republique-francaise","18":"tag-toulouse","19":"tag-violence"},"share_on_mastodon":{"url":"https:\/\/pubeurope.com\/@fr\/115151418708940663","error":""},"_links":{"self":[{"href":"https:\/\/www.europesays.com\/fr\/wp-json\/wp\/v2\/posts\/368010","targetHints":{"allow":["GET"]}}],"collection":[{"href":"https:\/\/www.europesays.com\/fr\/wp-json\/wp\/v2\/posts"}],"about":[{"href":"https:\/\/www.europesays.com\/fr\/wp-json\/wp\/v2\/types\/post"}],"author":[{"embeddable":true,"href":"https:\/\/www.europesays.com\/fr\/wp-json\/wp\/v2\/users\/2"}],"replies":[{"embeddable":true,"href":"https:\/\/www.europesays.com\/fr\/wp-json\/wp\/v2\/comments?post=368010"}],"version-history":[{"count":0,"href":"https:\/\/www.europesays.com\/fr\/wp-json\/wp\/v2\/posts\/368010\/revisions"}],"wp:featuredmedia":[{"embeddable":true,"href":"https:\/\/www.europesays.com\/fr\/wp-json\/wp\/v2\/media\/368011"}],"wp:attachment":[{"href":"https:\/\/www.europesays.com\/fr\/wp-json\/wp\/v2\/media?parent=368010"}],"wp:term":[{"taxonomy":"category","embeddable":true,"href":"https:\/\/www.europesays.com\/fr\/wp-json\/wp\/v2\/categories?post=368010"},{"taxonomy":"post_tag","embeddable":true,"href":"https:\/\/www.europesays.com\/fr\/wp-json\/wp\/v2\/tags?post=368010"}],"curies":[{"name":"wp","href":"https:\/\/api.w.org\/{rel}","templated":true}]}}