{"id":368018,"date":"2025-09-05T11:22:11","date_gmt":"2025-09-05T11:22:11","guid":{"rendered":"https:\/\/www.europesays.com\/fr\/368018\/"},"modified":"2025-09-05T11:22:11","modified_gmt":"2025-09-05T11:22:11","slug":"ce-grand-rendez-vous-de-retour-voici-ou-profiter-des-promotions","status":"publish","type":"post","link":"https:\/\/www.europesays.com\/fr\/368018\/","title":{"rendered":"ce grand rendez-vous de retour, voici o\u00f9 profiter des promotions"},"content":{"rendered":"<p>            Par<br \/>\n        <strong><br \/>\n            <a href=\"https:\/\/actu.fr\/auteur\/fabien-binacchi\" title=\"Consulter tous les articles de Fabien Binacchi\" rel=\"nofollow noopener\" target=\"_blank\">Fabien Binacchi<\/a><br \/>\n        <\/strong><\/p>\n<p>        Publi\u00e9 le<\/p>\n<p>            5 sept. 2025 \u00e0 13h09        <\/p>\n<p>C\u2019est devenu un rendez-vous incontournable.<\/p>\n<p class=\" wall-content\">La Grande braderie de <a href=\"https:\/\/actu.fr\/marseille\/\" rel=\"nofollow noopener\" target=\"_blank\">Marseille<\/a>, qui se d\u00e9cline \u00e9galement <a href=\"https:\/\/actu.fr\/provence-alpes-cote-d-azur\/marseille_13055\/marseille-ces-commercants-ont-besoin-de-cet-evenement-c-est-tres-complique_62308238.html\" rel=\"nofollow noopener\" target=\"_blank\">en version \u00ab\u2009hiver\u2009\u00bb<\/a> depuis cette ann\u00e9e, est de retour pour une nouvelle \u00e9dition estivale ce samedi 6\u00a0septembre. Les commer\u00e7ants proposent <strong>d\u2019importantes remises.<\/strong><\/p>\n<p class=\" wall-content\">Voici tout ce qu\u2019il faut savoir pour en profiter.<\/p>\n<p>De nouveaux quartiers s\u2019y mettent<\/p>\n<p class=\" wall-content\">Face au vif succ\u00e8s des \u00e9ditions pr\u00e9c\u00e9dentes, l\u2019\u00e9v\u00e9nement prend encore de l\u2019ampleur et s\u2019installe dans de nouveaux quartiers ce samedi 6\u00a0septembre 2025.<\/p>\n<p class=\" wall-content\">En plus du centre-ville (rues de Rome, Davso, Paradis, Grignan et Saint-Ferr\u00e9ol ainsi que le Centre Bourse) et des secteurs Vauban (6e arrondissement) et Mazargues (9e), deux autres noyaux villageois, de <strong>Saint-Barnarb\u00e9 (12e)<\/strong> et de la <strong>place du 4-septembre (7e)<\/strong>, s\u2019associent \u00e0 la Grande braderie de Marseille.<\/p>\n<p>    <img   decoding=\"async\" loading=\"lazy\" src=\"https:\/\/www.europesays.com\/fr\/wp-content\/uploads\/2025\/09\/plan-braderie-960x640.jpg\" alt=\"Les rues concern\u00e9es dans le centre-ville et \u00e0 Mazargues.\" width=\"960\" height=\"640\"\/><br \/>\n    Les rues concern\u00e9es dans le centre-ville et \u00e0 Mazargues. (\u00a9Ville de Marseille)<\/p>\n<p class=\" wall-content\">Les commer\u00e7ants installent leurs \u00e9tals <strong>entre 10h et 19h,<\/strong> pour \u00e9couler leur stock de v\u00eatements et d\u2019accessoires d\u2019\u00e9t\u00e9. Avec des promotions annonc\u00e9es jusqu\u2019\u00e0 -70\u2009%.<\/p>\n<p>Votre r\u00e9gion, votre actu !<\/p>\n<p>Recevez chaque jour les infos qui comptent pour vous.<\/p>\n<p>\t<a href=\"https:\/\/actu.fr\/newsletter\" class=\"ac-btn ac-btn--corner ac-btn--medium ac-btn--blue800\" rel=\"nofollow noopener\" target=\"_blank\">S&rsquo;incrire<\/a><br \/>\nDes animations gratuites<\/p>\n<p class=\" wall-content\">Tout au long de la journ\u00e9e, des animations gratuites sont \u00e9galement propos\u00e9es par la mairie de Marseille. Un <strong>\u00ab\u2009village des enfants\u2009\u00bb,<\/strong> avec de nombreuses activit\u00e9s, est install\u00e9 sur la place G\u00e9n\u00e9ral-de-Gaulle. Des concerts et fanfares sont \u00e9galement au programme.<\/p>\n<p>A la braderie, aussi pour faire une bonne action<\/p>\n<p>En allant faire de bonnes affaires, pensez aussi \u00e0 rapporter vos v\u00eatements en bon \u00e9tat mais qui dorment dans les placards. Un stand de collecte du Samu social est install\u00e9 place Lulli. L&rsquo;association redistribuera ensuite les dons aux personnes.<\/p>\n<p class=\" wall-content\">Le march\u00e9 artisanal \u00ab\u2009Carr\u00e9 des artisans\u2009\u00bb est \u00e9galement de retour sur le parvis de l\u2019Op\u00e9ra.<\/p>\n<p class=\" wall-content\">Personnalisez votre actualit\u00e9 en ajoutant vos villes et m\u00e9dias en favori avec <a href=\"https:\/\/moncompte.actu.fr\" title=\"D\u00e9couvez Mon Actu\" rel=\"nofollow noopener\" data-trk=\"{&quot;cta&quot;:{&quot;action&quot;:&quot;https:\\\/\\\/moncompte.actu.fr&quot;,&quot;category&quot;:&quot;mon compte&quot;,&quot;from&quot;:&quot;article footer&quot;,&quot;name&quot;:&quot;Mon actu&quot;,&quot;type&quot;:&quot;cta&quot;}}\" target=\"_blank\">Mon Actu<\/a>.<\/p>\n","protected":false},"excerpt":{"rendered":"Par Fabien Binacchi Publi\u00e9 le 5 sept. 2025 \u00e0 13h09 C\u2019est devenu un rendez-vous incontournable. La Grande braderie&hellip;\n","protected":false},"author":2,"featured_media":4339,"comment_status":"","ping_status":"","sticky":false,"template":"","format":"standard","meta":{"footnotes":""},"categories":[2814],"tags":[1111,11,215,1777,674,1011,27,1305,884,12,882,25,11772],"class_list":{"0":"post-368018","1":"post","2":"type-post","3":"status-publish","4":"format-standard","5":"has-post-thumbnail","7":"category-marseille","8":"tag-actu","9":"tag-actualites","10":"tag-commerce","11":"tag-eu","12":"tag-europe","13":"tag-fr","14":"tag-france","15":"tag-lifestyle","16":"tag-marseille","17":"tag-news","18":"tag-provence-alpes-cote-dazur","19":"tag-republique-francaise","20":"tag-soldes"},"share_on_mastodon":{"url":"https:\/\/pubeurope.com\/@fr\/115151434342581496","error":""},"_links":{"self":[{"href":"https:\/\/www.europesays.com\/fr\/wp-json\/wp\/v2\/posts\/368018","targetHints":{"allow":["GET"]}}],"collection":[{"href":"https:\/\/www.europesays.com\/fr\/wp-json\/wp\/v2\/posts"}],"about":[{"href":"https:\/\/www.europesays.com\/fr\/wp-json\/wp\/v2\/types\/post"}],"author":[{"embeddable":true,"href":"https:\/\/www.europesays.com\/fr\/wp-json\/wp\/v2\/users\/2"}],"replies":[{"embeddable":true,"href":"https:\/\/www.europesays.com\/fr\/wp-json\/wp\/v2\/comments?post=368018"}],"version-history":[{"count":0,"href":"https:\/\/www.europesays.com\/fr\/wp-json\/wp\/v2\/posts\/368018\/revisions"}],"wp:featuredmedia":[{"embeddable":true,"href":"https:\/\/www.europesays.com\/fr\/wp-json\/wp\/v2\/media\/4339"}],"wp:attachment":[{"href":"https:\/\/www.europesays.com\/fr\/wp-json\/wp\/v2\/media?parent=368018"}],"wp:term":[{"taxonomy":"category","embeddable":true,"href":"https:\/\/www.europesays.com\/fr\/wp-json\/wp\/v2\/categories?post=368018"},{"taxonomy":"post_tag","embeddable":true,"href":"https:\/\/www.europesays.com\/fr\/wp-json\/wp\/v2\/tags?post=368018"}],"curies":[{"name":"wp","href":"https:\/\/api.w.org\/{rel}","templated":true}]}}