{"id":368019,"date":"2025-09-05T11:23:14","date_gmt":"2025-09-05T11:23:14","guid":{"rendered":"https:\/\/www.europesays.com\/fr\/368019\/"},"modified":"2025-09-05T11:23:14","modified_gmt":"2025-09-05T11:23:14","slug":"une-nuit-entiere-dediee-au-cinema-danimation-japonais","status":"publish","type":"post","link":"https:\/\/www.europesays.com\/fr\/368019\/","title":{"rendered":"une nuit enti\u00e8re d\u00e9di\u00e9e au cin\u00e9ma d&rsquo;animation japonais"},"content":{"rendered":"<p>                            <img loading=\"lazy\" width=\"473\" height=\"296\" class=\"attachment-article size-article wp-post-image lazyload\" alt=\"Nuit g\u00e9ante du festival Lumi\u00e8re\" decoding=\"async\" src=\"https:\/\/www.europesays.com\/fr\/wp-content\/uploads\/2025\/09\/Capture-decran-2025-09-04-a-16.30.00-e1756996224845.jpg\" data-eio-rwidth=\"473\" data-eio-rheight=\"296\"\/><\/p>\n<p>Cr\u00e9dit : festival Lumi\u00e8re <\/p>\n<p class=\"content\" style=\"font-size:1.2em;font-weight:700\">Dans le cadre du festival Lumi\u00e8re tenu du 11 au 19 octobre prochain, une nuit enti\u00e8re d\u00e9di\u00e9e au cin\u00e9ma d&rsquo;animation japonais se tiendra \u00e0 la Halle Tony Garnier de Lyon le 18 octobre 2025. <\/p>\n<p>Comme chaque ann\u00e9e, le festival Lumi\u00e8re propose au public d&rsquo;assister \u00e0 une nuit enti\u00e8re de projection. Alors que l&rsquo;ann\u00e9e pass\u00e9 le th\u00e8me \u00e9tait \u00e0 l&rsquo;\u00e9pouvante, l&rsquo;\u00e9dition 2025 de la nuit g\u00e9ante du festival Lumi\u00e8re sera d\u00e9di\u00e9e au cin\u00e9ma d&rsquo;animation japonais.<\/p>\n<p>Organis\u00e9e dans le cadre du festival Lumi\u00e8re tenu du 11 au 19 octobre prochain, la soir\u00e9e nomm\u00e9e \u00ab\u00a0Japanime\u00a0\u00bb sera dispens\u00e9e \u00e0 la Halle Tony Garnier le 18 octobre 2025. D\u00e8s 20 h 30, et ce jusqu&rsquo;au petit matin, seront projet\u00e9s : Princesse Mononok\u00e9 de Hayao Miyazaki;\u00a0Your Name de Makoto Shinkai;\u00a0Belladonna, d&rsquo;Eiichi Yamamoto; et\u00a0Paprika\u00a0de Satoshi Kon. Des animations et des quizz viendront \u00e9galement rythmer la soir\u00e9e avant le petit d\u00e9jeuner offert par l&rsquo;organisation. <\/p>\n<p>Les places pour participer \u00e0 l&rsquo;\u00e9v\u00e9nement sont disponibles sur le site du festival. Les accr\u00e9dit\u00e9s devront d\u00e9bourser 20 euros, ceux qui ne le sont pas devront payer cinq euros de plus. <\/p>\n<p><strong>Lire aussi : <\/strong><\/p>\n","protected":false},"excerpt":{"rendered":"Cr\u00e9dit : festival Lumi\u00e8re Dans le cadre du festival Lumi\u00e8re tenu du 11 au 19 octobre prochain, une&hellip;\n","protected":false},"author":2,"featured_media":368020,"comment_status":"","ping_status":"","sticky":false,"template":"","format":"standard","meta":{"footnotes":""},"categories":[1889],"tags":[1111,11,2430,1777,674,1011,27,2428,12,25],"class_list":{"0":"post-368019","1":"post","2":"type-post","3":"status-publish","4":"format-standard","5":"has-post-thumbnail","7":"category-lyon","8":"tag-actu","9":"tag-actualites","10":"tag-auvergne-rhone-alpes","11":"tag-eu","12":"tag-europe","13":"tag-fr","14":"tag-france","15":"tag-lyon","16":"tag-news","17":"tag-republique-francaise"},"share_on_mastodon":{"url":"https:\/\/pubeurope.com\/@fr\/115151438135122495","error":""},"_links":{"self":[{"href":"https:\/\/www.europesays.com\/fr\/wp-json\/wp\/v2\/posts\/368019","targetHints":{"allow":["GET"]}}],"collection":[{"href":"https:\/\/www.europesays.com\/fr\/wp-json\/wp\/v2\/posts"}],"about":[{"href":"https:\/\/www.europesays.com\/fr\/wp-json\/wp\/v2\/types\/post"}],"author":[{"embeddable":true,"href":"https:\/\/www.europesays.com\/fr\/wp-json\/wp\/v2\/users\/2"}],"replies":[{"embeddable":true,"href":"https:\/\/www.europesays.com\/fr\/wp-json\/wp\/v2\/comments?post=368019"}],"version-history":[{"count":0,"href":"https:\/\/www.europesays.com\/fr\/wp-json\/wp\/v2\/posts\/368019\/revisions"}],"wp:featuredmedia":[{"embeddable":true,"href":"https:\/\/www.europesays.com\/fr\/wp-json\/wp\/v2\/media\/368020"}],"wp:attachment":[{"href":"https:\/\/www.europesays.com\/fr\/wp-json\/wp\/v2\/media?parent=368019"}],"wp:term":[{"taxonomy":"category","embeddable":true,"href":"https:\/\/www.europesays.com\/fr\/wp-json\/wp\/v2\/categories?post=368019"},{"taxonomy":"post_tag","embeddable":true,"href":"https:\/\/www.europesays.com\/fr\/wp-json\/wp\/v2\/tags?post=368019"}],"curies":[{"name":"wp","href":"https:\/\/api.w.org\/{rel}","templated":true}]}}