{"id":368021,"date":"2025-09-05T11:24:14","date_gmt":"2025-09-05T11:24:14","guid":{"rendered":"https:\/\/www.europesays.com\/fr\/368021\/"},"modified":"2025-09-05T11:24:14","modified_gmt":"2025-09-05T11:24:14","slug":"une-femme-de-99-ans-agressee-par-de-faux-plombiers-un-vaste-reseau-demantele","status":"publish","type":"post","link":"https:\/\/www.europesays.com\/fr\/368021\/","title":{"rendered":"une femme de 99 ans agress\u00e9e par de faux plombiers, un vaste r\u00e9seau d\u00e9mantel\u00e9"},"content":{"rendered":"<p>                            <img loading=\"lazy\" width=\"1024\" height=\"640\" class=\"attachment-article size-article wp-post-image lazyload\" alt=\"police judiciaire\" decoding=\"async\" src=\"https:\/\/www.europesays.com\/fr\/wp-content\/uploads\/2025\/05\/000_33LR3M4-e1718194064986.jpg\" data-eio-rwidth=\"1024\" data-eio-rheight=\"640\"\/><\/p>\n<p>Photo d\u2019illustration. LOU BENOIST \/ AFP<\/p>\n<p class=\"content\" style=\"font-size:1.2em;font-weight:700\">L\u2019agression d\u2019une nonag\u00e9naire lyonnaise a permis aux enqu\u00eateurs de mettre au jour une s\u00e9rie de vols par ruse commis dans plusieurs r\u00e9gions fran\u00e7aises. Trois suspects ont \u00e9t\u00e9 interpell\u00e9s.<\/p>\n<p>Le 26 avril, une habitante de 99 ans du 1er arrondissement de Lyon est violemment agress\u00e9e \u00e0 son domicile apr\u00e8s \u00eatre rentr\u00e9e du march\u00e9 de la Croix-Rousse. Deux hommes, se pr\u00e9sentant comme plombiers, l\u2019ont suivie puis convaincue de les laisser entrer. Une fois la porte verrouill\u00e9e, la situation bascule : la victime tente de s\u2019enfuir mais est projet\u00e9e au sol et se fracture l\u2019\u00e9paule, entra\u00eenant 45 jours d\u2019ITT. Les voleurs prennent le temps d\u2019emporter ses bijoux et sa carte bancaire avant de tenter un retrait.<\/p>\n<p>Selon nos confr\u00e8res du <a href=\"https:\/\/c.leprogres.fr\/faits-divers-justice\/2025\/09\/05\/une-femme-de-99-ans-agressee-chez-elle-par-des-faux-plombiers-les-voleurs-ecumaient-la-france\" target=\"_blank\" rel=\"noreferrer noopener nofollow\">Progr\u00e8s<\/a>, les investigations de la Division Ouest de la police lyonnaise r\u00e9v\u00e8lent que les suspects, li\u00e9s \u00e0 la communaut\u00e9 des gens du voyage, ont s\u00e9vi \u00e0 Bordeaux, Valserh\u00f4ne, Vienne, Paris, Grenoble et Saint-\u00c9tienne entre f\u00e9vrier et juillet, suivant toujours le m\u00eame sc\u00e9nario. Une autre victime, \u00e2g\u00e9e de 88 ans, s\u2019\u00e9tait vu d\u00e9rober bijoux et carte bancaire apr\u00e8s une fausse r\u00e9paration, \u00e0 \u00c9cully.<\/p>\n<p>Deux hommes de 21 et 35 ans, d\u00e9j\u00e0 incarc\u00e9r\u00e9s pour d\u2019autres faits, et une femme de 25 ans, arr\u00eat\u00e9e dans l\u2019Ain, ont reconnu les vols. Le pr\u00e9judice global atteint 7 000 euros, des bijoux et plusieurs t\u00e9l\u00e9phones. Pr\u00e9sent\u00e9s ce jeudi au parquet, ils doivent \u00eatre jug\u00e9s en comparution imm\u00e9diate.<\/p>\n","protected":false},"excerpt":{"rendered":"Photo d\u2019illustration. LOU BENOIST \/ AFP L\u2019agression d\u2019une nonag\u00e9naire lyonnaise a permis aux enqu\u00eateurs de mettre au jour&hellip;\n","protected":false},"author":2,"featured_media":128892,"comment_status":"","ping_status":"","sticky":false,"template":"","format":"standard","meta":{"footnotes":""},"categories":[1889],"tags":[1111,11,2430,1777,674,1011,27,2428,12,25],"class_list":{"0":"post-368021","1":"post","2":"type-post","3":"status-publish","4":"format-standard","5":"has-post-thumbnail","7":"category-lyon","8":"tag-actu","9":"tag-actualites","10":"tag-auvergne-rhone-alpes","11":"tag-eu","12":"tag-europe","13":"tag-fr","14":"tag-france","15":"tag-lyon","16":"tag-news","17":"tag-republique-francaise"},"share_on_mastodon":{"url":"https:\/\/pubeurope.com\/@fr\/115151441977429133","error":""},"_links":{"self":[{"href":"https:\/\/www.europesays.com\/fr\/wp-json\/wp\/v2\/posts\/368021","targetHints":{"allow":["GET"]}}],"collection":[{"href":"https:\/\/www.europesays.com\/fr\/wp-json\/wp\/v2\/posts"}],"about":[{"href":"https:\/\/www.europesays.com\/fr\/wp-json\/wp\/v2\/types\/post"}],"author":[{"embeddable":true,"href":"https:\/\/www.europesays.com\/fr\/wp-json\/wp\/v2\/users\/2"}],"replies":[{"embeddable":true,"href":"https:\/\/www.europesays.com\/fr\/wp-json\/wp\/v2\/comments?post=368021"}],"version-history":[{"count":0,"href":"https:\/\/www.europesays.com\/fr\/wp-json\/wp\/v2\/posts\/368021\/revisions"}],"wp:featuredmedia":[{"embeddable":true,"href":"https:\/\/www.europesays.com\/fr\/wp-json\/wp\/v2\/media\/128892"}],"wp:attachment":[{"href":"https:\/\/www.europesays.com\/fr\/wp-json\/wp\/v2\/media?parent=368021"}],"wp:term":[{"taxonomy":"category","embeddable":true,"href":"https:\/\/www.europesays.com\/fr\/wp-json\/wp\/v2\/categories?post=368021"},{"taxonomy":"post_tag","embeddable":true,"href":"https:\/\/www.europesays.com\/fr\/wp-json\/wp\/v2\/tags?post=368021"}],"curies":[{"name":"wp","href":"https:\/\/api.w.org\/{rel}","templated":true}]}}