{"id":368036,"date":"2025-09-05T11:33:12","date_gmt":"2025-09-05T11:33:12","guid":{"rendered":"https:\/\/www.europesays.com\/fr\/368036\/"},"modified":"2025-09-05T11:33:12","modified_gmt":"2025-09-05T11:33:12","slug":"etats-unis-des-centaines-de-salaries-sud-coreens-de-hyundai-et-lg-arretes-par-le-service-de-limmigration","status":"publish","type":"post","link":"https:\/\/www.europesays.com\/fr\/368036\/","title":{"rendered":"\u00c9tats-Unis. Des centaines de salari\u00e9s sud-cor\u00e9ens de Hyundai et LG arr\u00eat\u00e9s par le service de l&rsquo;immigration"},"content":{"rendered":"<p>S\u00e9oul a exhort\u00e9 vendredi Washington \u00e0 respecter les droits de ses ressortissants, apr\u00e8s l&rsquo;arrestation de centaines de Sud-Cor\u00e9ens lors d&rsquo;un raid du service am\u00e9ricain de l&rsquo;immigration (ICE) dans une usine en construction en G\u00e9orgie, dans le sud-est des \u00c9tats-Unis. L&rsquo;ICE a arr\u00eat\u00e9 jusqu&rsquo;\u00e0 450 personnes au total sur le site, selon l&rsquo;agence de presse sud-cor\u00e9enne Yonhap. <\/p>\n<p>La Cor\u00e9e du Sud, quatri\u00e8me \u00e9conomie d&rsquo;Asie, est un important constructeur automobile et producteur d&rsquo;\u00e9lectronique et poss\u00e8de de nombreuses usines aux \u00c9tats-Unis. Plus t\u00f4t vendredi, le minist\u00e8re des Affaires \u00e9trang\u00e8res sud-cor\u00e9en avait annonc\u00e9 que l&rsquo;ICE avait effectu\u00e9 une descente jeudi (heure locale am\u00e9ricaine) sur le \u00ab site d&rsquo;une usine de batteries d&rsquo;une entreprise (sud-cor\u00e9enne) en G\u00e9orgie \u00bb.<\/p>\n<p>S\u00e9oul \u00ab inquiet\u00a0\u00bb<\/p>\n<p>Les autorit\u00e9s am\u00e9ricaines ont affirm\u00e9 que cette op\u00e9ration s&rsquo;inscrivait dans le cadre d&rsquo;une enqu\u00eate sur des personnes sans papiers. \u00ab Les activit\u00e9s \u00e9conomiques de nos investisseurs et les droits et int\u00e9r\u00eats l\u00e9gitimes de nos ressortissants ne doivent pas \u00eatre injustement l\u00e9s\u00e9s dans le cadre de l&rsquo;application de la loi am\u00e9ricaine \u00bb, a ajout\u00e9 Lee Jae-woong. S\u00e9oul a dit avoir envoy\u00e9 du personnel diplomatique sur place et lui avoir ordonn\u00e9 de cr\u00e9er un groupe de travail pour faire face \u00e0 la situation.<\/p>\n<p>Les autorit\u00e9s sud-cor\u00e9ennes ont \u00e9galement fait part \u00e0 l&rsquo;ambassade am\u00e9ricaine \u00e0 S\u00e9oul \u00ab de (leur) inqui\u00e9tude et de (leurs) regrets \u00bb concernant cette situation. En juillet, S\u00e9oul s&rsquo;\u00e9tait engag\u00e9 \u00e0 investir 350 milliards de dollars (environ 300 milliards d&rsquo;euros) aux \u00c9tats-Unis afin d&rsquo;apaiser les menaces de droits de douane du pr\u00e9sident am\u00e9ricain <a href=\"https:\/\/www.ledauphine.com\/p\/donald-trump\" target=\"_blank\" rel=\"nofollow noopener\">Donald Trump<\/a>, \u00e9lu l&rsquo;an dernier sur la promesse de mettre en \u0153uvre le plus important programme d&rsquo;expulsion d&rsquo;immigrants de l&rsquo;histoire des \u00c9tats-Unis.<\/p>\n<p>\u00ab Pratiques d&#8217;emploi ill\u00e9gales \u00bb<\/p>\n<p>Depuis, l&rsquo;administration Trump cible agressivement les quelque 11 millions de migrants sans papiers pr\u00e9sents aux \u00c9tats-Unis, au prix de fr\u00e9quentes violations des droits humains d\u00e9nonc\u00e9es par des ONG, des membres de la soci\u00e9t\u00e9 civile et parfois jusqu&rsquo;aux Nations unies.<\/p>\n<p>Depuis Atlanta, capitale de la G\u00e9orgie, le Bureau de l&rsquo;alcool, du tabac, des armes \u00e0 feu et des explosifs a d\u00e9clar\u00e9 sur X qu&rsquo;il avait arr\u00eat\u00e9 environ 450 \u00ab \u00e9trangers en situation irr\u00e9guli\u00e8re \u00bb lors d&rsquo;une op\u00e9ration sur le site de l&rsquo;usine de batteries, une coentreprise entre Hyundai et LG. Steven Schrank, agent sp\u00e9cial en charge des enqu\u00eates de la S\u00e9curit\u00e9 int\u00e9rieure am\u00e9ricaine en G\u00e9orgie, a affirm\u00e9 \u00e0 la presse que le raid \u00e9tait li\u00e9 \u00e0 \u00ab une enqu\u00eate sur des pratiques d&#8217;emploi ill\u00e9gales \u00bb.<\/p>\n<p>Les entreprises sud-cor\u00e9ennes ont investi des milliards de dollars dans la construction d&rsquo;usines aux \u00c9tats-Unis, dans le but d&rsquo;acc\u00e9der au march\u00e9 am\u00e9ricain et d&rsquo;\u00e9viter les droits de douane. En mars, Hyundai avait annonc\u00e9 un investissement de plusieurs milliards de dollars aux \u00c9tats-Unis \u2013 une aci\u00e9rie de 5,8 milliards de dollars en Louisiane, une production automobile accrue sur le territoire am\u00e9ricain et une usine de robotique \u2013 qui devrait g\u00e9n\u00e9rer environ 25.000 nouveaux emplois aux \u00c9tats-Unis au cours des quatre prochaines ann\u00e9es.<\/p>\n<p>Hyundai Motor Group a dit n&rsquo;avoir aucun commentaire \u00e0 faire sur le raid de l&rsquo;ICE. LG Energy Solution a d\u00e9clar\u00e9 de son c\u00f4t\u00e9 suivre \u00ab de pr\u00e8s la situation et recueillir toutes les informations pertinentes \u00bb.<\/p>\n","protected":false},"excerpt":{"rendered":"S\u00e9oul a exhort\u00e9 vendredi Washington \u00e0 respecter les droits de ses ressortissants, apr\u00e8s l&rsquo;arrestation de centaines de Sud-Cor\u00e9ens&hellip;\n","protected":false},"author":2,"featured_media":368037,"comment_status":"","ping_status":"","sticky":false,"template":"","format":"standard","meta":{"footnotes":""},"categories":[1589],"tags":[11,646,73,1866,274,107,329,1061,693,12,1864,1865,1863,308],"class_list":{"0":"post-368036","1":"post","2":"type-post","3":"status-publish","4":"format-standard","5":"has-post-thumbnail","7":"category-etats-unis","8":"tag-actualites","9":"tag-automobile","10":"tag-etats-unis","11":"tag-etats-unis-damerique","12":"tag-faits-divers-justice","13":"tag-fil-info","14":"tag-france-monde","15":"tag-immigration","16":"tag-industrie","17":"tag-news","18":"tag-united-states","19":"tag-united-states-of-america","20":"tag-us","21":"tag-usa"},"share_on_mastodon":{"url":"https:\/\/pubeurope.com\/@fr\/115151477451020962","error":""},"_links":{"self":[{"href":"https:\/\/www.europesays.com\/fr\/wp-json\/wp\/v2\/posts\/368036","targetHints":{"allow":["GET"]}}],"collection":[{"href":"https:\/\/www.europesays.com\/fr\/wp-json\/wp\/v2\/posts"}],"about":[{"href":"https:\/\/www.europesays.com\/fr\/wp-json\/wp\/v2\/types\/post"}],"author":[{"embeddable":true,"href":"https:\/\/www.europesays.com\/fr\/wp-json\/wp\/v2\/users\/2"}],"replies":[{"embeddable":true,"href":"https:\/\/www.europesays.com\/fr\/wp-json\/wp\/v2\/comments?post=368036"}],"version-history":[{"count":0,"href":"https:\/\/www.europesays.com\/fr\/wp-json\/wp\/v2\/posts\/368036\/revisions"}],"wp:featuredmedia":[{"embeddable":true,"href":"https:\/\/www.europesays.com\/fr\/wp-json\/wp\/v2\/media\/368037"}],"wp:attachment":[{"href":"https:\/\/www.europesays.com\/fr\/wp-json\/wp\/v2\/media?parent=368036"}],"wp:term":[{"taxonomy":"category","embeddable":true,"href":"https:\/\/www.europesays.com\/fr\/wp-json\/wp\/v2\/categories?post=368036"},{"taxonomy":"post_tag","embeddable":true,"href":"https:\/\/www.europesays.com\/fr\/wp-json\/wp\/v2\/tags?post=368036"}],"curies":[{"name":"wp","href":"https:\/\/api.w.org\/{rel}","templated":true}]}}