{"id":368042,"date":"2025-09-05T11:36:10","date_gmt":"2025-09-05T11:36:10","guid":{"rendered":"https:\/\/www.europesays.com\/fr\/368042\/"},"modified":"2025-09-05T11:36:10","modified_gmt":"2025-09-05T11:36:10","slug":"inspire-par-super-mario-stephane-sejourne-prepare-un-big-bang-legislatif-europeen","status":"publish","type":"post","link":"https:\/\/www.europesays.com\/fr\/368042\/","title":{"rendered":"Inspir\u00e9 par \u00ab\u00a0Super Mario\u00a0\u00bb, St\u00e9phane S\u00e9journ\u00e9 pr\u00e9pare un \u00ab\u00a0big bang\u00a0\u00bb l\u00e9gislatif europ\u00e9en"},"content":{"rendered":"<p>Le discours de Mario Draghi \u00e0 Rimini le 22\u00a0ao\u00fbt dernier a sonn\u00e9 l&rsquo;alarme\u00a0: un an apr\u00e8s la <a class=\"Link\" href=\"https:\/\/www.lepoint.fr\/monde\/competitivite-en-europe-les-20-propositions-phares-de-mario-draghi-09-09-2024-2569779_24.php\" title=\"\" data-gtm=\"click:capsule\" data-capsule=\"Lien\" rel=\"nofollow noopener\" target=\"_blank\">publication de son rapport sur la comp\u00e9titivit\u00e9 europ\u00e9enne<\/a>, l&rsquo;\u00e9lan impuls\u00e9 par \u00ab\u00a0\u00a0Super Mario\u00a0\u00bb s&rsquo;est enlis\u00e9 dans les longues proc\u00e9dures bruxelloises. Tout est beaucoup trop lent.<\/p>\n<p>L&rsquo;ancien patron de la BCE appelait, entre autres, \u00e0 \u00ab\u00a0une discontinuit\u00e9 dans nos objectifs, nos calendriers et nos m\u00e9thodes de travail\u00a0\u00bb.\u00a0<a class=\"Link\" href=\"https:\/\/www.lepoint.fr\/monde\/l-europe-plus-riche-dans-cinq-ans-le-pari-de-stephane-sejourne-devant-le-parlement-europeen-13-11-2024-2575158_24.php\" title=\"\" data-gtm=\"click:capsule\" data-capsule=\"Lien\" rel=\"nofollow noopener\" target=\"_blank\">Le commissaire fran\u00e7ais et vice-pr\u00e9sident de la Commission\u00a0St\u00e9phane S\u00e9journ\u00e9<\/a>\u00a0a manifestement re\u00e7u le message\u00a05\u00a0sur\u00a05\u00a0et, dans la mesure de ses moyens, pr\u00e9pare une \u00ab\u00a0loi d&rsquo;acc\u00e9l\u00e9ration \u00e9conomique\u00a0\u00bb pour contourner les obstacles bureaucratiques et sortir du marasme.<\/p>\n<p>Regrouper les r\u00e9formes en un seul texte<\/p>\n<p>Gageons que cette initiative sera l&rsquo;une des annonces d&rsquo;Ursula von\u00a0der\u00a0Leyen lors de son&#8230;<\/p>\n<p>Toute l\u2019actualit\u00e9 \u00e0 1\u20ac le premier mois<\/p>\n<p><a href=\"https:\/\/abo.lepoint.fr\/?provenance=21EDI020098\" class=\"btn\" title=\"S&#039;abonner\" data-gtm=\"click:abo|display:abo\" data-campaign=\"paywall_maison\" rel=\"nofollow noopener\" target=\"_blank\">S&rsquo;abonner<\/a><\/p>\n<p>ou<\/p>\n","protected":false},"excerpt":{"rendered":"Le discours de Mario Draghi \u00e0 Rimini le 22\u00a0ao\u00fbt dernier a sonn\u00e9 l&rsquo;alarme\u00a0: un an apr\u00e8s la publication&hellip;\n","protected":false},"author":2,"featured_media":368043,"comment_status":"","ping_status":"","sticky":false,"template":"","format":"standard","meta":{"footnotes":""},"categories":[1586],"tags":[11,2160,1777,674,1011,27,17912,12,25,4083,364,2544],"class_list":{"0":"post-368042","1":"post","2":"type-post","3":"status-publish","4":"format-standard","5":"has-post-thumbnail","7":"category-europe","8":"tag-actualites","9":"tag-commerce-international","10":"tag-eu","11":"tag-europe","12":"tag-fr","13":"tag-france","14":"tag-mario-draghi","15":"tag-news","16":"tag-republique-francaise","17":"tag-stephane-sejourne","18":"tag-union-europeenne","19":"tag-ursula-von-der-leyen"},"share_on_mastodon":{"url":"https:\/\/pubeurope.com\/@fr\/115151489227219030","error":""},"_links":{"self":[{"href":"https:\/\/www.europesays.com\/fr\/wp-json\/wp\/v2\/posts\/368042","targetHints":{"allow":["GET"]}}],"collection":[{"href":"https:\/\/www.europesays.com\/fr\/wp-json\/wp\/v2\/posts"}],"about":[{"href":"https:\/\/www.europesays.com\/fr\/wp-json\/wp\/v2\/types\/post"}],"author":[{"embeddable":true,"href":"https:\/\/www.europesays.com\/fr\/wp-json\/wp\/v2\/users\/2"}],"replies":[{"embeddable":true,"href":"https:\/\/www.europesays.com\/fr\/wp-json\/wp\/v2\/comments?post=368042"}],"version-history":[{"count":0,"href":"https:\/\/www.europesays.com\/fr\/wp-json\/wp\/v2\/posts\/368042\/revisions"}],"wp:featuredmedia":[{"embeddable":true,"href":"https:\/\/www.europesays.com\/fr\/wp-json\/wp\/v2\/media\/368043"}],"wp:attachment":[{"href":"https:\/\/www.europesays.com\/fr\/wp-json\/wp\/v2\/media?parent=368042"}],"wp:term":[{"taxonomy":"category","embeddable":true,"href":"https:\/\/www.europesays.com\/fr\/wp-json\/wp\/v2\/categories?post=368042"},{"taxonomy":"post_tag","embeddable":true,"href":"https:\/\/www.europesays.com\/fr\/wp-json\/wp\/v2\/tags?post=368042"}],"curies":[{"name":"wp","href":"https:\/\/api.w.org\/{rel}","templated":true}]}}