{"id":368050,"date":"2025-09-05T11:40:10","date_gmt":"2025-09-05T11:40:10","guid":{"rendered":"https:\/\/www.europesays.com\/fr\/368050\/"},"modified":"2025-09-05T11:40:10","modified_gmt":"2025-09-05T11:40:10","slug":"avec-mon-petit-france-inter-radio-france-veut-amener-les-enfants-devant-le-poste-des-le-plus-jeune-age-liberation","status":"publish","type":"post","link":"https:\/\/www.europesays.com\/fr\/368050\/","title":{"rendered":"Avec Mon Petit France Inter, Radio France veut amener les enfants devant le poste d\u00e8s le plus jeune \u00e2ge \u2013 Lib\u00e9ration"},"content":{"rendered":"<p class=\"sc-cPiKLX AiZTS text-element\">Face au d\u00e9clin du m\u00e9dia radio qui perd toujours plus d\u2019auditeurs chaque mois, Radio France a peut-\u00eatre trouv\u00e9 la parade : \u00e9vang\u00e9liser les nouvelles g\u00e9n\u00e9rations d\u00e8s le plus jeune \u00e2ge. La conf\u00e9rence de rentr\u00e9e de la radio publique, jeudi 4 septembre, \u00e9tait ainsi l\u2019occasion de d\u00e9voiler officiellement Mon Petit France Inter, une radio destin\u00e9e aux enfants \u00e0 partir de 6 ans. Celle-ci sera lanc\u00e9e sous la forme d\u2019une radio num\u00e9rique en octobre, au d\u00e9but des vacances de la Toussaint, a annonc\u00e9 la pr\u00e9sidente de Radio France, <a href=\"https:\/\/www.liberation.fr\/economie\/medias\/sibyle-veil-reconduite-a-la-tete-de-radio-france-20221219_EV6IPFOQIZELTLL2AAX7ZLL3SE\/\" target=\"_blank\" rel=\"noopener\" title=\"https:\/\/www.liberation.fr\/economie\/medias\/sibyle-veil-reconduite-a-la-tete-de-radio-france-20221219_EV6IPFOQIZELTLL2AAX7ZLL3SE\/\">Sibyle Veil<\/a>. A l\u2019\u00e9t\u00e9 prochain, Mon Petit France Inter sera aussi disponible en DAB + (syst\u00e8me de radiodiffusion sonore num\u00e9rique), sur les postes de radio ou dans les voitures qui poss\u00e8dent ce mode de r\u00e9ception num\u00e9rique. Enfin, une offre pour les enfants d\u00e8s 2 ans sera aussi prochainement disponible, Mon Tout Petit France Inter. <\/p>\n<p class=\"sc-cPiKLX AiZTS text-element\">Au programme de ce nouveau flux con\u00e7u comme une alternative aux \u00e9crans, on trouvera \u00abdes histoires et de la musique\u00bb, a d\u00e9taill\u00e9 <a href=\"https:\/\/www.liberation.fr\/economie\/medias\/adele-van-reeth-a-france-inter-nous-ne-sommes-pas-la-pour-flatter-ou-seduire-lauditeur-20241129_QJGJAPDGXBBFPH5CI65C7I6EFU\/\" target=\"_blank\" rel=\"noopener\" title=\"htt &lt;div style=\" clear:=\"\" both=\"\"><\/p>\n","protected":false},"excerpt":{"rendered":"Face au d\u00e9clin du m\u00e9dia radio qui perd toujours plus d\u2019auditeurs chaque mois, Radio France a peut-\u00eatre trouv\u00e9&hellip;\n","protected":false},"author":2,"featured_media":368051,"comment_status":"","ping_status":"","sticky":false,"template":"","format":"standard","meta":{"footnotes":""},"categories":[4],"tags":[11,1011,27,12,10316,25],"class_list":{"0":"post-368050","1":"post","2":"type-post","3":"status-publish","4":"format-standard","5":"has-post-thumbnail","7":"category-france","8":"tag-actualites","9":"tag-fr","10":"tag-france","11":"tag-news","12":"tag-radio-france","13":"tag-republique-francaise"},"share_on_mastodon":{"url":"https:\/\/pubeurope.com\/@fr\/115151504877069185","error":""},"_links":{"self":[{"href":"https:\/\/www.europesays.com\/fr\/wp-json\/wp\/v2\/posts\/368050","targetHints":{"allow":["GET"]}}],"collection":[{"href":"https:\/\/www.europesays.com\/fr\/wp-json\/wp\/v2\/posts"}],"about":[{"href":"https:\/\/www.europesays.com\/fr\/wp-json\/wp\/v2\/types\/post"}],"author":[{"embeddable":true,"href":"https:\/\/www.europesays.com\/fr\/wp-json\/wp\/v2\/users\/2"}],"replies":[{"embeddable":true,"href":"https:\/\/www.europesays.com\/fr\/wp-json\/wp\/v2\/comments?post=368050"}],"version-history":[{"count":0,"href":"https:\/\/www.europesays.com\/fr\/wp-json\/wp\/v2\/posts\/368050\/revisions"}],"wp:featuredmedia":[{"embeddable":true,"href":"https:\/\/www.europesays.com\/fr\/wp-json\/wp\/v2\/media\/368051"}],"wp:attachment":[{"href":"https:\/\/www.europesays.com\/fr\/wp-json\/wp\/v2\/media?parent=368050"}],"wp:term":[{"taxonomy":"category","embeddable":true,"href":"https:\/\/www.europesays.com\/fr\/wp-json\/wp\/v2\/categories?post=368050"},{"taxonomy":"post_tag","embeddable":true,"href":"https:\/\/www.europesays.com\/fr\/wp-json\/wp\/v2\/tags?post=368050"}],"curies":[{"name":"wp","href":"https:\/\/api.w.org\/{rel}","templated":true}]}}