{"id":368056,"date":"2025-09-05T11:44:10","date_gmt":"2025-09-05T11:44:10","guid":{"rendered":"https:\/\/www.europesays.com\/fr\/368056\/"},"modified":"2025-09-05T11:44:10","modified_gmt":"2025-09-05T11:44:10","slug":"lequipe-monde-perd-deux-atouts","status":"publish","type":"post","link":"https:\/\/www.europesays.com\/fr\/368056\/","title":{"rendered":"L&rsquo;\u00e9quipe Monde perd deux atouts"},"content":{"rendered":"<p class=\"date\">\n                                                            Aur\u00e9lie Sacchelli, Media365, publi\u00e9 le vendredi 05 septembre 2025 \u00e0 12h19\n                                                    <\/p>\n<p>Les Am\u00e9ricains Tommy Paul et Ben Shelton ont d\u00e9clar\u00e9 forfait pour la Laver Cup, qui se d\u00e9roulera dans deux semaines \u00e0 San Francisco. L&rsquo;\u00e9quipe Monde se retrouve ainsi assez affaiblie.<\/p>\n<p>Qui remportera la 8e \u00e9dition de la Laver Cup ? L&rsquo;\u00e9quipe Europe et l&rsquo;\u00e9quipe Monde s&rsquo;affrontent du 19 au 21 septembre au Chase Center de San Francisco, et l&rsquo;\u00e9quipe Europe, d\u00e9sormais coach\u00e9e par Yannick Noah, visera une sixi\u00e8me victoire lors de cette comp\u00e9tition cr\u00e9\u00e9e par Roger Federer et son \u00e9quipe, sur le mod\u00e8le de la Ryder Cup en golf (qui se d\u00e9roulera la semaine suivante, \u00e0 New York). Sur le papier, les Europ\u00e9ens, vainqueurs l&rsquo;an pass\u00e9 sur le score de 13-11 \u00e0 Berlin, partiront favoris, avec dans leurs rangs Carlos Alcaraz (n\u00b02 mondial), Alexander Zverev (n\u00b03), Holger Rune (n\u00b011), Casper Ruud (n\u00b012), Jakub Mensik (n\u00b016) et Flavio Cobolli (n\u00b026). En face, l&rsquo;\u00e9quipe Monde, d\u00e9sormais coach\u00e9e par Andre Agassi, sera compos\u00e9e de Taylor Fritz (n\u00b04), Frances Tiafoe (n\u00b017), Francisco Cerundolo (n\u00b019), Alex Michelsen (n\u00b032), Joao Fonseca (n\u00b045) et Reilly Opelka (n\u00b067). <strong>L&rsquo;\u00e9quipe Monde a subi deux coups durs ces derniers jours avec l&rsquo;annonce du forfait des Am\u00e9ricains Ben Shelton et Tommy Paul, respectivement n\u00b06 et 14 mondiaux, mais \u00e9limin\u00e9s d\u00e8s le troisi\u00e8me tour de l&rsquo;US Open.<\/strong> Shelton (22 ans) avait \u00e9t\u00e9 contraint \u00e0 l&rsquo;abandon face \u00e0 Adrian Mannarino. Paul (28 ans) avait quant \u00e0 lui souffert physiquement lors de sa d\u00e9faite en cinq sets contre Alexander Bublik. Les deux Am\u00e9ricains ont d&rsquo;ailleurs \u00e9galement d\u00e9clar\u00e9 forfait pour le deuxi\u00e8me tour de la Coupe Davis, la semaine prochaine contre la R\u00e9publique tch\u00e8que en Floride.<\/p>\n<p>Michelsen et Opelka en renfort<\/p>\n<p>Ce sont leurs compatriotes Alex Michelsen et Reilly Opelka qui ont \u00e9t\u00e9 appel\u00e9s en renfort pour la Laver Cup (Reilly Opelka, Rajeev Ram, et Austin Krajicek ont quant \u00e0 eux \u00e9t\u00e9 appel\u00e9s pour la Coupe Davis). Ils ont tous les deux \u00e9t\u00e9 \u00e9limin\u00e9s d&rsquo;entr\u00e9e \u00e0 l&rsquo;US Open, Opelka subissant la loi de Carlos Alcaraz en trois sets<strong>. On peut supposer que ces deux joueurs seront align\u00e9s le vendredi, le jour o\u00f9 les victoires rapportent un point, et qu&rsquo;ils ne disputeront qu&rsquo;une seule rencontre<\/strong>. Les matchs du samedi et du dimanche rapportent quant \u00e0 eux deux et trois points. La premi\u00e8re \u00e9quipe \u00e0 13 points soul\u00e8vera le troph\u00e9e.<\/p>\n","protected":false},"excerpt":{"rendered":"Aur\u00e9lie Sacchelli, Media365, publi\u00e9 le vendredi 05 septembre 2025 \u00e0 12h19 Les Am\u00e9ricains Tommy Paul et Ben Shelton&hellip;\n","protected":false},"author":2,"featured_media":368057,"comment_status":"","ping_status":"","sticky":false,"template":"","format":"standard","meta":{"footnotes":""},"categories":[1415],"tags":[1011,27,60,1467],"class_list":{"0":"post-368056","1":"post","2":"type-post","3":"status-publish","4":"format-standard","5":"has-post-thumbnail","7":"category-tennis","8":"tag-fr","9":"tag-france","10":"tag-sports","11":"tag-tennis"},"share_on_mastodon":{"url":"https:\/\/pubeurope.com\/@fr\/115151520660669058","error":""},"_links":{"self":[{"href":"https:\/\/www.europesays.com\/fr\/wp-json\/wp\/v2\/posts\/368056","targetHints":{"allow":["GET"]}}],"collection":[{"href":"https:\/\/www.europesays.com\/fr\/wp-json\/wp\/v2\/posts"}],"about":[{"href":"https:\/\/www.europesays.com\/fr\/wp-json\/wp\/v2\/types\/post"}],"author":[{"embeddable":true,"href":"https:\/\/www.europesays.com\/fr\/wp-json\/wp\/v2\/users\/2"}],"replies":[{"embeddable":true,"href":"https:\/\/www.europesays.com\/fr\/wp-json\/wp\/v2\/comments?post=368056"}],"version-history":[{"count":0,"href":"https:\/\/www.europesays.com\/fr\/wp-json\/wp\/v2\/posts\/368056\/revisions"}],"wp:featuredmedia":[{"embeddable":true,"href":"https:\/\/www.europesays.com\/fr\/wp-json\/wp\/v2\/media\/368057"}],"wp:attachment":[{"href":"https:\/\/www.europesays.com\/fr\/wp-json\/wp\/v2\/media?parent=368056"}],"wp:term":[{"taxonomy":"category","embeddable":true,"href":"https:\/\/www.europesays.com\/fr\/wp-json\/wp\/v2\/categories?post=368056"},{"taxonomy":"post_tag","embeddable":true,"href":"https:\/\/www.europesays.com\/fr\/wp-json\/wp\/v2\/tags?post=368056"}],"curies":[{"name":"wp","href":"https:\/\/api.w.org\/{rel}","templated":true}]}}