{"id":368058,"date":"2025-09-05T11:45:11","date_gmt":"2025-09-05T11:45:11","guid":{"rendered":"https:\/\/www.europesays.com\/fr\/368058\/"},"modified":"2025-09-05T11:45:11","modified_gmt":"2025-09-05T11:45:11","slug":"lequipe-de-france-en-place-pour-la-coupe-deurope","status":"publish","type":"post","link":"https:\/\/www.europesays.com\/fr\/368058\/","title":{"rendered":"L&rsquo;\u00e9quipe de France en place pour la Coupe d&rsquo;Europe"},"content":{"rendered":"<p>L\u2019\u00c9quipe de France 3&#215;3 ne cache pas ses ambitions \u00e0 l\u2019aube de la Coupe d\u2019Europe. Les vice-champions olympiques en titre esp\u00e8rent retrouver le podium europ\u00e9en pour la premi\u00e8re fois depuis 2019 o\u00f9 la France avait d\u00e9croch\u00e9 une m\u00e9daille d\u2019argent en Hongrie. Cinqui\u00e8me nation mondiale au Classement FIBA, la France pr\u00e9sentera \u00e0 Copenhague une \u00e9quipe compos\u00e9e uniquement de sp\u00e9cialistes du 3&#215;3 \u00e9voluant sur le circuit international \u00ab\u00a0World Tour\u00a0\u00bb. Si Emmanuel Monceau honorera sa toute premi\u00e8re s\u00e9lection, ses partenaires poss\u00e8dent d\u00e9j\u00e0 une solide exp\u00e9rience internationale et connaissent parfaitement les exigences des grandes comp\u00e9titions.<\/p>\n<p><strong>Emmanuel Monceau\u00a0:\u00a0<\/strong>Originaire de Lavardac (Lot-et-Garonne), il a rejoint Bordeaux 3&#215;3 cet \u00e9t\u00e9 pour se lancer pleinement sur le circuit international, disputant d\u00e9j\u00e0 des \u00e9tapes en Chine, en Mongolie, au Kosovo et en Gr\u00e8ce. \u00c0 29 ans, le MVP et vainqueur du Troph\u00e9e Coupe de France 2024 avec Marmande s\u2019appr\u00eate \u00e0 vivre sa premi\u00e8re comp\u00e9tition officielle avec l\u2019\u00c9quipe de France, une \u00e9tape majeure dans sa carri\u00e8re.<\/p>\n<p><strong>Jules Rambaut\u00a0:\u00a0<\/strong>Vice-champion olympique \u00e0 Paris, Jules Rambaut est devenu une r\u00e9f\u00e9rence sur le World Tour. Il s\u2019est d\u2019abord impos\u00e9 au sein de \u00ab\u00a03&#215;3 Paris\u00a0\u00bb, premi\u00e8re \u00e9quipe professionnelle fran\u00e7aise de la discipline, avant de relever un nouveau d\u00e9fi avec les Toulouse Stormers, avec qui il a d\u00e9j\u00e0 remport\u00e9 un Masters (l\u2019une des \u00e9tapes phares du circuit). Natif de Reims et actuel 19\u1d49 joueur mondial au classement FIBA, il sera l\u2019un des atouts majeurs des Bleus.<\/p>\n<p><strong>Alex Vialaret\u00a0:\u00a0<\/strong>V\u00e9ritable pionnier du 3&#215;3 en France, Alex Vialaret a contribu\u00e9 \u00e0 l\u2019essor de la discipline en portant les couleurs de \u00ab\u00a03&#215;3 Paris\u00a0\u00bb avant de revenir \u00e0 Bordeaux 3&#215;3 pour accompagner le d\u00e9veloppement de cette nouvelle structure professionnelle. M\u00e9daill\u00e9 de bronze \u00e0 la Coupe du Monde 2022, le Bordelais a \u00e9galement particip\u00e9 au Tournoi de Qualification Olympique (TQO) d\u2019Utsunomiya en mai 2025, avant d\u2019\u00eatre frein\u00e9 par une blessure lors de la pr\u00e9paration olympique.\u00a0\u00a0<\/p>\n<p><strong>Hugo Suhard\u00a0:\u00a0<\/strong>Originaire de Toulouse, Hugo Suhard a choisi de s\u2019investir pleinement dans le projet des Toulouse Stormers \u00e0 l\u2019\u00e9t\u00e9 2025 apr\u00e8s s\u2019\u00eatre fait un nom sur le World Tour avec Paris. Vainqueur \u00e0 deux reprises de l\u2019Open de France, il s\u2019appr\u00eate \u00e0 disputer sa deuxi\u00e8me Coupe d\u2019Europe apr\u00e8s celle de 2023 (4\u00e8me). Pr\u00e9sent au TQO d\u2019Utsunomiya au printemps dernier mais non retenu pour les Jeux Olympiques, il occupe aujourd\u2019hui une place de choix dans la hi\u00e9rarchie mondiale, puisqu\u2019il pointe au 7\u1d49 rang du classement FIBA.<\/p>\n<p>Rappel\u00a0: L\u2019int\u00e9gralit\u00e9 de la Coupe d\u2019Europe 3&#215;3 est \u00e0 suivre en direct sur\u00a0<a href=\"https:\/\/r.news.ffbb.com\/mk\/cl\/f\/sh\/1t6Af4OiGsDg0isLlxKzgIZD66Bftp\/8LuMaMvcxB2Y?ref=basketeurope.com\" target=\"_blank\" rel=\"noopener\">lequipe.fr\/tv<\/a>\u00a0et en diff\u00e9r\u00e9 sur la Cha\u00eene l\u2019Equipe.\u00a0<\/p>\n","protected":false},"excerpt":{"rendered":"L\u2019\u00c9quipe de France 3&#215;3 ne cache pas ses ambitions \u00e0 l\u2019aube de la Coupe d\u2019Europe. Les vice-champions olympiques&hellip;\n","protected":false},"author":2,"featured_media":368059,"comment_status":"","ping_status":"","sticky":false,"template":"","format":"standard","meta":{"footnotes":""},"categories":[1414],"tags":[1465,1464,1011,27,60],"class_list":{"0":"post-368058","1":"post","2":"type-post","3":"status-publish","4":"format-standard","5":"has-post-thumbnail","7":"category-basket","8":"tag-basket","9":"tag-basketball","10":"tag-fr","11":"tag-france","12":"tag-sports"},"share_on_mastodon":{"url":"https:\/\/pubeurope.com\/@fr\/115151524626143398","error":""},"_links":{"self":[{"href":"https:\/\/www.europesays.com\/fr\/wp-json\/wp\/v2\/posts\/368058","targetHints":{"allow":["GET"]}}],"collection":[{"href":"https:\/\/www.europesays.com\/fr\/wp-json\/wp\/v2\/posts"}],"about":[{"href":"https:\/\/www.europesays.com\/fr\/wp-json\/wp\/v2\/types\/post"}],"author":[{"embeddable":true,"href":"https:\/\/www.europesays.com\/fr\/wp-json\/wp\/v2\/users\/2"}],"replies":[{"embeddable":true,"href":"https:\/\/www.europesays.com\/fr\/wp-json\/wp\/v2\/comments?post=368058"}],"version-history":[{"count":0,"href":"https:\/\/www.europesays.com\/fr\/wp-json\/wp\/v2\/posts\/368058\/revisions"}],"wp:featuredmedia":[{"embeddable":true,"href":"https:\/\/www.europesays.com\/fr\/wp-json\/wp\/v2\/media\/368059"}],"wp:attachment":[{"href":"https:\/\/www.europesays.com\/fr\/wp-json\/wp\/v2\/media?parent=368058"}],"wp:term":[{"taxonomy":"category","embeddable":true,"href":"https:\/\/www.europesays.com\/fr\/wp-json\/wp\/v2\/categories?post=368058"},{"taxonomy":"post_tag","embeddable":true,"href":"https:\/\/www.europesays.com\/fr\/wp-json\/wp\/v2\/tags?post=368058"}],"curies":[{"name":"wp","href":"https:\/\/api.w.org\/{rel}","templated":true}]}}