{"id":368066,"date":"2025-09-05T11:49:11","date_gmt":"2025-09-05T11:49:11","guid":{"rendered":"https:\/\/www.europesays.com\/fr\/368066\/"},"modified":"2025-09-05T11:49:11","modified_gmt":"2025-09-05T11:49:11","slug":"mercato-une-cellule-de-recrutement-vouee-a-etre-renforcee","status":"publish","type":"post","link":"https:\/\/www.europesays.com\/fr\/368066\/","title":{"rendered":"Mercato : une cellule de recrutement vou\u00e9e \u00e0 \u00eatre renforc\u00e9e"},"content":{"rendered":"<p>                            <img width=\"770\" height=\"433\" src=\"https:\/\/www.europesays.com\/fr\/wp-content\/uploads\/2025\/08\/DSC00249-770x433.jpg\" class=\"attachment-article size-article wp-post-image\" alt=\"Matthieu Louis-Jean, directeur technique de l'OL\" decoding=\"async\" fetchpriority=\"high\"  \/><\/p>\n<p>Matthieu Louis-Jean, directeur technique de l\u2019OL<\/p>\n<p>Selon les propos de Matthieu Louis-Jean, l&rsquo;OL entend \u00ab\u00a0maximiser\u00a0\u00bb sa cellule de recrutement. En principe, cela doit l&rsquo;aider en cette p\u00e9riode de rigueur budg\u00e9taire.<\/p>\n<p>Pavel <strong>\u0160ulc<\/strong>, Adam <strong>Karabec<\/strong>\u2026 L&rsquo;OL est all\u00e9 chercher loin ses nouveaux joueurs. L\u00e0 o\u00f9 avant, il mettait tr\u00e8s rarement les pieds. Une illustration de la n\u00e9cessit\u00e9 pour la cellule de recrutement de \u00ab\u00a0travailler autrement\u00a0\u00bb, comme on aime \u00e0 la dire au sein du club. Aussi bien en Tch\u00e9quie, qu&rsquo;en Angleterre et qu&rsquo;au Portugal, avec Tyler <strong>Morton<\/strong>, <strong>Kluivert <\/strong>et <strong>Moreira<\/strong>. Rappelons qu&rsquo;il <a href=\"https:\/\/www.olympique-et-lyonnais.com\/mercato-lol-sest-dote-dun-scout-supplementaire,374479.html\" target=\"_blank\" rel=\"noreferrer noopener nofollow\">s&rsquo;est dot\u00e9 d&rsquo;un scout<\/a> il y a plusieurs semaines, sp\u00e9cialis\u00e9 sur le territoire ib\u00e9rique.<\/p>\n<p>Cela n&#8217;emp\u00eache pas l&rsquo;\u00e9quipe de performer. Au contraire m\u00eame, puisque ses nouvelles recrues se sont d\u00e9j\u00e0 montr\u00e9es d\u00e9cisives depuis l&rsquo;entame du championnat. Et, \u00e0 l&rsquo;avenir, cela ne devrait pas changer. Au contraire, le d\u00e9partement devrait \u00eatre d\u00e9velopp\u00e9 davantage, comme l&rsquo;a laiss\u00e9 entendre <a href=\"https:\/\/www.olympique-et-lyonnais.com\/ol-matthieu-louis-jean-leffectif-nest-pas-complet,378589.html\" rel=\"nofollow noopener\" target=\"_blank\">Mathieu <strong>Louis-Jean<\/strong><\/a>.<\/p>\n<p>\u00ab\u00a0On a chang\u00e9 notre fa\u00e7on de travailler, on a \u00e9volu\u00e9\u00a0\u00bb<\/p>\n<p>Comme le veut le dicton, lorsqu&rsquo;on n&rsquo;a pas de p\u00e9trole, il faut avoir des id\u00e9es. Les Rhodaniens n&rsquo;ont clairement pu les moyens d&rsquo;antan, et ils leur faut se montrer plus malins. D&rsquo;o\u00f9 l&rsquo;obligation de s&rsquo;entourer de bons recruteurs. \u00ab\u00a0C&rsquo;est vraiment un d\u00e9partement que l&rsquo;on veut d\u00e9velopper, que l&rsquo;on veut maximiser. On a r\u00e9guli\u00e8rement \u00e9chang\u00e9 avec Michael (<strong>Gerlinger<\/strong>) et on souhaite donner beaucoup plus de moyens \u00e0 Benjamin Charrier (responsable du recrutement), parce que la concurrence est de plus en plus difficile, expliquait le directeur technique. On doit avoir acc\u00e8s \u00e0 des march\u00e9s de plus en plus lointains. Mais je suis tr\u00e8s content du travail effectu\u00e9.\u00a0\u00bb<\/p>\n<p>Maintenant qu&rsquo;une partie du travail a \u00e9t\u00e9 fait, Mathieu Louis-Jean aimerait que cela continue \u00e0 l&rsquo;avenir. Notamment en penchant sur des pays moins \u00ab\u00a0populaires\u00a0\u00bb. Ce que l&rsquo;OL a d\u00e9j\u00e0 commenc\u00e9 \u00e0 faire ces derniers mois. \u00ab\u00a0Ben a fait un travail fantastique. D\u00e9sormais, il faut aussi l&rsquo;accentuer, le d\u00e9velopper et on est en r\u00e9flexion. Ces derniers mois, on a pris <a href=\"https:\/\/www.olympique-et-lyonnais.com\/sulc-karabec-greif-un-mariage-tchecoslovaque-de-raison-a-lol,376531.html\" rel=\"nofollow noopener\" target=\"_blank\">deux joueurs tch\u00e8ques<\/a>, a-t-il rappel\u00e9. Ce sont des championnats mineurs dans lesquels on n&rsquo;avait pas trop l&rsquo;habitude d&rsquo;aller, mais qui \u00e9taient int\u00e9ressants pour nous. On a chang\u00e9 notre fa\u00e7on de travailler, on a \u00e9volu\u00e9, c&rsquo;\u00e9tait aussi une n\u00e9cessit\u00e9 et on va continuer en ce sens.\u00a0\u00bb<\/p>\n","protected":false},"excerpt":{"rendered":"Matthieu Louis-Jean, directeur technique de l\u2019OL Selon les propos de Matthieu Louis-Jean, l&rsquo;OL entend \u00ab\u00a0maximiser\u00a0\u00bb sa cellule de&hellip;\n","protected":false},"author":2,"featured_media":301033,"comment_status":"","ping_status":"","sticky":false,"template":"","format":"standard","meta":{"footnotes":""},"categories":[1410],"tags":[63,1011,27,50238,1434,241,60],"class_list":{"0":"post-368066","1":"post","2":"type-post","3":"status-publish","4":"format-standard","5":"has-post-thumbnail","7":"category-football","8":"tag-football","9":"tag-fr","10":"tag-france","11":"tag-mathieu-louis-jean","12":"tag-mercato","13":"tag-ol","14":"tag-sports"},"share_on_mastodon":{"url":"https:\/\/pubeurope.com\/@fr\/115151540684016039","error":""},"_links":{"self":[{"href":"https:\/\/www.europesays.com\/fr\/wp-json\/wp\/v2\/posts\/368066","targetHints":{"allow":["GET"]}}],"collection":[{"href":"https:\/\/www.europesays.com\/fr\/wp-json\/wp\/v2\/posts"}],"about":[{"href":"https:\/\/www.europesays.com\/fr\/wp-json\/wp\/v2\/types\/post"}],"author":[{"embeddable":true,"href":"https:\/\/www.europesays.com\/fr\/wp-json\/wp\/v2\/users\/2"}],"replies":[{"embeddable":true,"href":"https:\/\/www.europesays.com\/fr\/wp-json\/wp\/v2\/comments?post=368066"}],"version-history":[{"count":0,"href":"https:\/\/www.europesays.com\/fr\/wp-json\/wp\/v2\/posts\/368066\/revisions"}],"wp:featuredmedia":[{"embeddable":true,"href":"https:\/\/www.europesays.com\/fr\/wp-json\/wp\/v2\/media\/301033"}],"wp:attachment":[{"href":"https:\/\/www.europesays.com\/fr\/wp-json\/wp\/v2\/media?parent=368066"}],"wp:term":[{"taxonomy":"category","embeddable":true,"href":"https:\/\/www.europesays.com\/fr\/wp-json\/wp\/v2\/categories?post=368066"},{"taxonomy":"post_tag","embeddable":true,"href":"https:\/\/www.europesays.com\/fr\/wp-json\/wp\/v2\/tags?post=368066"}],"curies":[{"name":"wp","href":"https:\/\/api.w.org\/{rel}","templated":true}]}}