{"id":368067,"date":"2025-09-05T11:50:11","date_gmt":"2025-09-05T11:50:11","guid":{"rendered":"https:\/\/www.europesays.com\/fr\/368067\/"},"modified":"2025-09-05T11:50:11","modified_gmt":"2025-09-05T11:50:11","slug":"lea-salame-tres-genee-au-20h-artus-lui-fait-un-coup-bas-avec-cette-blague-piquante-je-sais-que-ca-vous-parle","status":"publish","type":"post","link":"https:\/\/www.europesays.com\/fr\/368067\/","title":{"rendered":"L\u00e9a Salam\u00e9 tr\u00e8s g\u00ean\u00e9e au 20H : Artus lui fait un coup bas avec cette blague piquante, \u00ab\u00a0Je sais que \u00e7a vous parle\u00a0\u00bb"},"content":{"rendered":"<p class=\"p1\">Les Fran\u00e7ais ont-ils trouv\u00e9 leur nouvelle idole ?<br \/>\n<a href=\"https:\/\/www.closermag.fr\/people\/artus-cheveux-gomines-et-torse-velu-apparent-il-sort-le-grand-jeu-loin-de-son-style-habituel-3553440\" target=\"_blank\" rel=\"noopener\"><br \/>\nArtus<\/a> jouit d\u00a0\u00bb<strong>un succ\u00e8s ph\u00e9nom\u00e9nal<\/strong> depuis le<br \/>\ntriomphe r\u00e9serv\u00e9 \u00e0 <strong>son premier long-m\u00e9trage,<\/strong><br \/>\n<a href=\"https:\/\/www.closermag.fr\/people\/il-a-mis-le-prix-tres-important-quun-realisateur-a-du-lacher-pour-avoir-artus-dans-son-film-3514792\" target=\"_blank\" rel=\"noopener\"><br \/>\nUn p&rsquo;tit truc en plus<\/a>. La suite de sa carri\u00e8re<br \/>\ns&rsquo;annonce audacieuse. L&rsquo;humoriste ach\u00e8vera sa tourn\u00e9e sur la sc\u00e8ne<br \/>\nde <strong>Paris La D\u00e9fense Arena, les 27 et 28 mars<br \/>\nprochains<\/strong>, \u00e9tablissant ainsi un record. Avant lui, aucun<br \/>\nstand-upper ne s&rsquo;est en effet produit dans la salle la plus grande<br \/>\nd&rsquo;Europe.<\/p>\n<p class=\"p1\"><strong>Cette id\u00e9e compl\u00e8tement folle<\/strong>, le<br \/>\nr\u00e9alisateur du plus gros succ\u00e8s de la d\u00e9cennie <strong>la doit \u00e0 sa<br \/>\nfemme<\/strong>, l&rsquo;organisatrice d&rsquo;\u00e9v\u00e9nements <a href=\"https:\/\/www.closermag.fr\/people\/artus-qui-est-sa-femme-sarah-nasrallah-3223237\" target=\"_blank\" rel=\"noopener\"><br \/>\nSarah Nasrallah<\/a>. \u00ab\u00a0Je ne pourrais rien faire sans mon<br \/>\nbin\u00f4me, bien s\u00fbr. C\u2019est elle qui est motrice\u00a0\u00bb, se souvient-on<br \/>\nl&rsquo;avoir entendu expliquer sur le plateau de 20h30 le dimanche.<\/p>\n<p>L\u00e9a Salam\u00e9 au 20H : ce geste d&rsquo;Artus qui l&rsquo;a<br \/>\ntouch\u00e9e<\/p>\n<p class=\"p1\">A l&rsquo;approche de la fin de sa tourn\u00e9e, Artus a fait un<br \/>\n\u00e9ni\u00e8me crochet par France 2. Ce jeudi 4 septembre 2025, il \u00e9tait<br \/>\n<strong>l&rsquo;invit\u00e9 du<\/strong> <a href=\"https:\/\/www.closermag.fr\/tv_tele_realite\/lea-salame-apres-deux-jt-de-20h-elle-ne-fait-pas-detincelles-3575318\" target=\"_blank\" rel=\"noopener\"><br \/>\nJT de 20 Heure<\/a>s pr\u00e9sent\u00e9 depuis peu par <a href=\"https:\/\/www.closermag.fr\/people\/pas-les-opinions-politiques-de-son-mari-lea-salame-trahie-par-raphael-glucksmann-3575716\" target=\"_blank\" rel=\"noopener\"><br \/>\nL\u00e9a Salam\u00e9<\/a>. L&rsquo;humoriste n&rsquo;est pas venu les mains vides. La<br \/>\njournaliste s&rsquo;est vue offrir un \u00e9norme bouquet de fleurs par le<br \/>\ncom\u00e9dien.<\/p>\n<p class=\"p1\">\u00ab\u00a0Maintenant que vous pr\u00e9sentez le JT&#8230; C&rsquo;\u00e9tait<br \/>\n<strong>pour vous f\u00e9liciter<\/strong>, je vous ai fait <strong>un<br \/>\npetit bouquet<\/strong>\u00ab\u00a0, a d\u00e9clar\u00e9 Artus. Le geste a touch\u00e9 la<br \/>\nstar de France 2 en plein coeur. \u00ab\u00a0C&rsquo;est trop gentil, merci<br \/>\ninfiniment et je suis <strong>tr\u00e8s heureuse de vous<br \/>\nrecevoir<\/strong>\u00ab\u00a0, a r\u00e9torqu\u00e9 celle qui a pris la succession<br \/>\nd&rsquo;Anne-Sophie Lapix. La suite n&rsquo;a pas \u00e9t\u00e9 \u00e0 l&rsquo;avenant.<\/p>\n<p>L\u00e9a Salam\u00e9 au 20H : quelle boutade<br \/>\nd&rsquo;Artus l&rsquo;a mise mal \u00e0 l&rsquo;aise ?<\/p>\n<p class=\"p1\">G\u00e9n\u00e9reux et d\u00e9bordant de bonnes intentions, Artus a<br \/>\noffert <strong>un second cadeau de bienvenue<\/strong> \u00e0 L\u00e9a Salam\u00e9<br \/>\nce jeudi pendant le journal t\u00e9l\u00e9vis\u00e9. <strong>La compagne du d\u00e9put\u00e9<br \/>\neurop\u00e9en<\/strong> <a href=\"https:\/\/www.closermag.fr\/people\/lea-salame-au-20h-en-pleine-interview-politique-son-compagnon-raphael-glucksmann-lui-declare-sa-flamme-3575566\" target=\"_blank\" rel=\"noopener\"><br \/>\nRapha\u00ebl Glusckmann<\/a> a re\u00e7u de ses mains <strong>une bo\u00eete de<br \/>\nchocolats<\/strong>. <strong>\u00ab\u00a0Il y en a avec de la liqueur<br \/>\ndedans, je sais que \u00e7a vous parle\u00a0\u00bb<\/strong>, a l\u00e2ch\u00e9 l&rsquo;acteur<br \/>\npass\u00e9e par Danse avec les stars.<\/p>\n<p class=\"p1\">\u00c0 <strong>une pr\u00e9c\u00e9dente interview<\/strong> avec<br \/>\nl&rsquo;humoriste <strong>dans l&rsquo;\u00e9mission<\/strong> <a href=\"https:\/\/www.closermag.fr\/people\/une-poivrote-apres-sa-remarque-a-artus-lea-salame-ne-peut-meme-plus-compter-sur-ses-amis-3433242\" target=\"_blank\" rel=\"noopener\"><br \/>\nQuelle \u00c9poque !<\/a> sur France 2. La journaliste avait<br \/>\n<strong>qualifi\u00e9 l&rsquo;humoriste de \u00ab\u00a0chiant\u00a0\u00bb<\/strong> sous<br \/>\npr\u00e9texte qu&rsquo;il avait <strong>cess\u00e9 de consommer de<br \/>\nl&rsquo;alcool<\/strong> mais aussi de fumer. \u00ab\u00a0Non non ! Merci<br \/>\ninfiniment\u00a0\u00bb, a-t-elle r\u00e9pondu en direct hier soir,<br \/>\n<strong>visiblement tr\u00e8s g\u00ean\u00e9e<\/strong>. Une petite revanche<br \/>\nsavoureuse pour Artus.<\/p>\n","protected":false},"excerpt":{"rendered":"Les Fran\u00e7ais ont-ils trouv\u00e9 leur nouvelle idole ? Artus jouit d\u00a0\u00bbun succ\u00e8s ph\u00e9nom\u00e9nal depuis le triomphe r\u00e9serv\u00e9 \u00e0&hellip;\n","protected":false},"author":2,"featured_media":368068,"comment_status":"","ping_status":"","sticky":false,"template":"","format":"standard","meta":{"footnotes":""},"categories":[1359],"tags":[548,10098,58,59,1011,27,594,3806,973],"class_list":{"0":"post-368067","1":"post","2":"type-post","3":"status-publish","4":"format-standard","5":"has-post-thumbnail","7":"category-people","8":"tag-article-simple","9":"tag-artus","10":"tag-divertissement","11":"tag-entertainment","12":"tag-fr","13":"tag-france","14":"tag-france-2","15":"tag-lea-salame","16":"tag-people"},"share_on_mastodon":{"url":"https:\/\/pubeurope.com\/@fr\/115151544265636764","error":""},"_links":{"self":[{"href":"https:\/\/www.europesays.com\/fr\/wp-json\/wp\/v2\/posts\/368067","targetHints":{"allow":["GET"]}}],"collection":[{"href":"https:\/\/www.europesays.com\/fr\/wp-json\/wp\/v2\/posts"}],"about":[{"href":"https:\/\/www.europesays.com\/fr\/wp-json\/wp\/v2\/types\/post"}],"author":[{"embeddable":true,"href":"https:\/\/www.europesays.com\/fr\/wp-json\/wp\/v2\/users\/2"}],"replies":[{"embeddable":true,"href":"https:\/\/www.europesays.com\/fr\/wp-json\/wp\/v2\/comments?post=368067"}],"version-history":[{"count":0,"href":"https:\/\/www.europesays.com\/fr\/wp-json\/wp\/v2\/posts\/368067\/revisions"}],"wp:featuredmedia":[{"embeddable":true,"href":"https:\/\/www.europesays.com\/fr\/wp-json\/wp\/v2\/media\/368068"}],"wp:attachment":[{"href":"https:\/\/www.europesays.com\/fr\/wp-json\/wp\/v2\/media?parent=368067"}],"wp:term":[{"taxonomy":"category","embeddable":true,"href":"https:\/\/www.europesays.com\/fr\/wp-json\/wp\/v2\/categories?post=368067"},{"taxonomy":"post_tag","embeddable":true,"href":"https:\/\/www.europesays.com\/fr\/wp-json\/wp\/v2\/tags?post=368067"}],"curies":[{"name":"wp","href":"https:\/\/api.w.org\/{rel}","templated":true}]}}