{"id":368071,"date":"2025-09-05T11:52:15","date_gmt":"2025-09-05T11:52:15","guid":{"rendered":"https:\/\/www.europesays.com\/fr\/368071\/"},"modified":"2025-09-05T11:52:15","modified_gmt":"2025-09-05T11:52:15","slug":"les-sentinelles-de-jayne-anne-phillips-reparer-les-vivants","status":"publish","type":"post","link":"https:\/\/www.europesays.com\/fr\/368071\/","title":{"rendered":"Les sentinelles, de Jayne Anne Phillips\u00a0: r\u00e9parer les vivants"},"content":{"rendered":"<p><strong>CRITIQUE &#8211;<\/strong> Avec ce grand roman couronn\u00e9 par le Pulitzer, l\u2019auteur suit les victimes et les bless\u00e9s de la guerre de S\u00e9cession, \u00e9poque fondatrice de l\u2019histoire des \u00c9tats-Unis.<\/p>\n<p class=\"fig-paragraph\">On sait que Jayne Anne Phillips aime prendre son temps, et que ses\u00a0<a href=\"http:\/\/www.lefigaro.fr\/livres\/rentree-litteraire-de-copenhague-a-manhattan-en-passant-par-la-mongolie-les-romans-etrangers-entre-fresques-et-intimite-familiale-20250821\" target=\"_blank\" data-fig-type=\"Article\" rel=\"noopener\" data-gtm-custom-categorie=\"navigation\" data-gtm-custom-action=\"crossclick\" data-gtm-custom-label=\"Contextuel\" data-gtm-event=\"customEventSPE\" data-fig-domain=\"LEFIGARO\">romans<\/a>\u00a0longuement m\u00fbris n\u2019encombrent pas les \u00e9tag\u00e8res des\u00a0<a href=\"http:\/\/www.lefigaro.fr\/medias\/2025-s-avere-clairement-difficile-l-ete-est-morose-en-librairie-malgre-la-percee-de-plusieurs-best-sellers-inattendus-20250728\" target=\"_blank\" data-fig-type=\"Article\" rel=\"noopener\" data-gtm-custom-categorie=\"navigation\" data-gtm-custom-action=\"crossclick\" data-gtm-custom-label=\"Contextuel\" data-gtm-event=\"customEventSPE\" data-fig-domain=\"LEFIGARO\">librairies<\/a>. Dix ans entre son opus 5, le fascinant Tous les vivants, dans lequel elle revenait \u00e0 ses th\u00e8mes habituels (la famille, fracass\u00e9e par des dysfonctionnements, sa reformation p\u00e9nible autour d\u2019un nouveau noyau) dans un d\u00e9cor sudiste, et le num\u00e9ro 6, Les Sentinelles, qui nous arrive aujourd\u2019hui. Il a \u00e9t\u00e9 couronn\u00e9 par le fameux prix Pulitzer en 2024.<\/p>\n<p class=\"fig-paragraph\">C\u2019est un livre qui \u00e9tonne de sa part\u00a0: elle s\u2019y essaie au roman historique, situ\u00e9 peu avant et peu apr\u00e8s la guerre civile, l\u2019\u00e9poque de la fracture du pays, l\u2019\u00e9poque fondatrice de l\u2019Am\u00e9rique d\u2019aujourd\u2019hui. On la sent passionn\u00e9e par son sujet &#8211; par ses sujets\u00a0: l\u2019histoire de trois g\u00e9n\u00e9rations de femmes prises dans le grand bouleversement qui s\u2019est termin\u00e9 par l\u2019abolition de\u00a0<a href=\"https:\/\/www.lefigaro.fr\/livres\/2017\/12\/02\/03005-20171202ARTFIG00024-abolition-de-l-esclavage-dix-livres-qui-ont-marque-l-histoire.php\" target=\"_blank\" data-fig-type=\"Article\" rel=\"noopener\" data-gtm-custom-categorie=\"navigation\" data-gtm-custom-action=\"crossclick\" data-gtm-custom-label=\"Contextuel\" data-gtm-event=\"customEventSPE\" data-fig-domain=\"LEFIGARO\">l\u2019esclavage<\/a>, et celle de l\u2019impossible retour de la guerre.<\/p>\n<p>Chez Jayne Anne Phillips, les rapports familiaux ne sont jamais simples. Et en plus, sur le domaine de Virginie-Occidentale o\u00f9 est n\u00e9e Miss Janet, les ma\u00eetres blancs violaient les esclaves, et on ne sait jamais trop qui est le fils ou la fille de qui<\/p>\n<p class=\"fig-paragraph\">Le roman a plusieurs d\u00e9buts\u00a0: il commence en 1874, quand un homme dont\u2026<\/p>\n<p class=\"fig-premium-paywall__infos\">\n        Cet article est r\u00e9serv\u00e9 aux abonn\u00e9s.        Il vous reste 74% \u00e0 d\u00e9couvrir.\n    <\/p>\n<p>                <img  data- alt=\"Le Figaro\" class=\"fig-img--complete fig-img\"\/><\/p>\n<p class=\"fig-premium-paywall__title\">Vente Flash<\/p>\n<p class=\"fig-premium-paywall__subtitle\">4,99\u20ac par mois pendant 12 mois. Sans engagement<\/p>\n<p class=\"fig-premium-paywall__connect\">\n                D\u00e9j\u00e0 abonn\u00e9\u00a0?                <a class=\"fig-premium-paywall__connect-link\" href=\"https:\/\/connect.lefigaro.fr\/login?client=horizon_web&amp;type=main&amp;redirect_uri=https%3A%2F%2Fwww.lefigaro.fr%2Flivres%2Fles-sentinelles-de-jayne-anne-phillips-reparer-les-vivants-20250905\" data-js-gtm=\"{&quot;customCategorie&quot;: &quot;conversion&quot;, &quot;customAction&quot;: &quot;before_Landing_Connexion_paywall_auto&quot;, &quot;customLabel&quot;: &quot;bGVmaWdhcm8uZnJfXzFmMDg4YWZjLTJiYTAtNmJjYS05ZjEwLTcxMjUzNmM2Y2UwOV9fQXJ0aWNsZQ==_&lt;i&gt;Les sentinelles&lt;\/i&gt;, de Jayne Anne Phillips\u00a0: r\u00e9parer les vivants_74&quot;, &quot;customIDSPE&quot;: &quot;bGVmaWdhcm8uZnJfXzFmMDg4YWZjLTJiYTAtNmJjYS05ZjEwLTcxMjUzNmM2Y2UwOV9fQXJ0aWNsZQ==&quot;, &quot;event&quot;: &quot;customEventSPE&quot;}\" target=\"_blank\" rel=\"noopener\"><br \/>\n                    Connectez-vous<br \/>\n                <\/a>\n            <\/p>\n","protected":false},"excerpt":{"rendered":"CRITIQUE &#8211; Avec ce grand roman couronn\u00e9 par le Pulitzer, l\u2019auteur suit les victimes et les bless\u00e9s de&hellip;\n","protected":false},"author":2,"featured_media":368072,"comment_status":"","ping_status":"","sticky":false,"template":"","format":"standard","meta":{"footnotes":""},"categories":[1357],"tags":[1379,58,59,2002,1011,27,1380],"class_list":{"0":"post-368071","1":"post","2":"type-post","3":"status-publish","4":"format-standard","5":"has-post-thumbnail","7":"category-livres","8":"tag-books","9":"tag-divertissement","10":"tag-entertainment","11":"tag-figaro-litteraire","12":"tag-fr","13":"tag-france","14":"tag-livres"},"share_on_mastodon":{"url":"https:\/\/pubeurope.com\/@fr\/115151552059712230","error":""},"_links":{"self":[{"href":"https:\/\/www.europesays.com\/fr\/wp-json\/wp\/v2\/posts\/368071","targetHints":{"allow":["GET"]}}],"collection":[{"href":"https:\/\/www.europesays.com\/fr\/wp-json\/wp\/v2\/posts"}],"about":[{"href":"https:\/\/www.europesays.com\/fr\/wp-json\/wp\/v2\/types\/post"}],"author":[{"embeddable":true,"href":"https:\/\/www.europesays.com\/fr\/wp-json\/wp\/v2\/users\/2"}],"replies":[{"embeddable":true,"href":"https:\/\/www.europesays.com\/fr\/wp-json\/wp\/v2\/comments?post=368071"}],"version-history":[{"count":0,"href":"https:\/\/www.europesays.com\/fr\/wp-json\/wp\/v2\/posts\/368071\/revisions"}],"wp:featuredmedia":[{"embeddable":true,"href":"https:\/\/www.europesays.com\/fr\/wp-json\/wp\/v2\/media\/368072"}],"wp:attachment":[{"href":"https:\/\/www.europesays.com\/fr\/wp-json\/wp\/v2\/media?parent=368071"}],"wp:term":[{"taxonomy":"category","embeddable":true,"href":"https:\/\/www.europesays.com\/fr\/wp-json\/wp\/v2\/categories?post=368071"},{"taxonomy":"post_tag","embeddable":true,"href":"https:\/\/www.europesays.com\/fr\/wp-json\/wp\/v2\/tags?post=368071"}],"curies":[{"name":"wp","href":"https:\/\/api.w.org\/{rel}","templated":true}]}}