{"id":368075,"date":"2025-09-05T11:54:15","date_gmt":"2025-09-05T11:54:15","guid":{"rendered":"https:\/\/www.europesays.com\/fr\/368075\/"},"modified":"2025-09-05T11:54:15","modified_gmt":"2025-09-05T11:54:15","slug":"radio-france-lance-un-appel-pour-la-liberte-de-savoir","status":"publish","type":"post","link":"https:\/\/www.europesays.com\/fr\/368075\/","title":{"rendered":"Radio France lance un appel pour la libert\u00e9 de savoir"},"content":{"rendered":"<p><strong>Appel pour la libert\u00e9 de savoir<\/strong><\/p>\n<p><strong>En cette rentr\u00e9e 2025, Radio France et sa pr\u00e9sidente Sibyle Veil lancent un appel pour la libert\u00e9 de savoir. Alors que le savoir traverse une p\u00e9riode de vive remise en cause, menac\u00e9 par un\u00a0\u00ab\u202fpopulisme scientifique\u00a0\u00bb\u00a0qui se d\u00e9cline sous toutes les latitudes, cet appel invite \u00e0 pr\u00e9server et \u00e0 revendiquer la libert\u00e9 de savoir. En effet, la capacit\u00e9 d\u2019exercer pleinement toutes nos libert\u00e9s d\u00e9pend de la vigueur de la libert\u00e9 de savoir. Cet appel est d\u2019ores et d\u00e9j\u00e0 rejoint par les dirigeants de nombreuses institutions culturelles, scientifiques, d\u2019enseignement et de recherche, des scientifiques de renom et de nombreuses personnalit\u00e9s des antennes de Radio France qui d\u00e9fendent au quotidien le savoir et en assurent la diffusion \u00e0 destination de tous.<\/strong><\/p>\n<p><strong>Prenez en connaissance et rejoignez cet appel en le signant d\u00e8s aujourd\u2019hui<\/strong><\/p>\n<p>D\u00e9couvrez l&rsquo;appel de Radio France pour la libert\u00e9 de savoir <\/p>\n<p>\u00ab\u202fLes universit\u00e9s sont nos ennemis\u00a0\u00bb. En 2021, JD Vance, alors s\u00e9nateur de l\u2019Ohio, pronon\u00e7ait cette phrase qui faisait \u00e9cho \u00e0 un mot c\u00e9l\u00e8bre de Nixon \u2013\u00a0\u00ab\u202fles professeurs sont les ennemis\u00a0\u00bb\u00a0\u2013 et annon\u00e7ait ce qui allait suivre. Quatre ans plus tard, cette sentence proph\u00e9tique s\u2019incarne dans une s\u00e9rie de mesures cibl\u00e9es\u00a0: remise en cause des financements d\u2019universit\u00e9s comme Harvard, suppressions massives de cr\u00e9dits au b\u00e9n\u00e9fice de centres de recherche comme le Center for Diseases Control destin\u00e9 \u00e0 la pr\u00e9vention des \u00e9pid\u00e9mies, retrait des Etats-Unis de l\u2019Unesco pourtant vigie des savoirs de l\u2019humanit\u00e9. Pour qualifier une classe dirigeante qui discr\u00e9dite sciemment le savoir lorsqu\u2019il contredit ses int\u00e9r\u00eats, le regrett\u00e9 Bruno Latour parlait d\u2019\u00ab\u202f\u00e9lites obscurcissantes\u00a0\u00bb. C\u2019est vieux comme le monde\u00a0: le savoir est un pouvoir d\u00e9mocratique que certains pr\u00e9f\u00e8reraient voir supplant\u00e9 par le pouvoir des croyances.<\/p>\n<p>***<\/p>\n<p>Le populisme scientifique n\u2019est pas un ph\u00e9nom\u00e8ne am\u00e9ricain. C\u2019est une doctrine franchis\u00e9e. Elle s\u2019exporte, s\u2019adapte, se d\u00e9cline. Partout, elle repose sur les m\u00eames ressorts\u00a0: disqualification et rejet de la complexit\u00e9, substitution de l\u2019opinion aux faits, diktat de l\u2019\u00e9motion au d\u00e9triment de la v\u00e9rit\u00e9. Le populisme scientifique est un mal moderne. Il se nourrit du foss\u00e9 grandissant entre un savoir qui prend son temps, et un monde qui ne le lui laisse plus. Le savoir suppose lenteur, m\u00e9thode, modestie. Il oblige \u00e0 relire, \u00e0 douter, \u00e0 recommencer. Il est laborieux, parfois d\u00e9ceptif. Il n\u2019est pas calibr\u00e9 par des algorithmes pour s\u00e9duire des croyances personnalis\u00e9es, il est universel. Une \u00e9tude de trois chercheurs du MIT d\u00e9montrait en 2018 combien le faux se r\u00e9pandait plus vite que le vrai sur les r\u00e9seaux sociaux. En moyenne, concluaient-ils, il faut six fois plus de temps au vrai qu\u2019au faux pour toucher le m\u00eame nombre de personnes. La probabilit\u00e9 qu\u2019une fausse information soit retweet\u00e9e est 70% plus forte. Qu\u2019en est-il 7 ans plus tard sous l\u2019effet d\u2019acc\u00e9l\u00e9ration de l\u2019intelligence artificielle\u00a0?<\/p>\n<p>***<\/p>\n<p>Dans un monde obs\u00e9d\u00e9 par l\u2019instantan\u00e9it\u00e9 et la rentabilit\u00e9, l\u2019utilit\u00e9 des savoirs est en proc\u00e8s. Les coupables id\u00e9aux sont ceux qui produisent la connaissance et ceux qui la transmettent\u00a0: chercheurs trait\u00e9s de militants, professeurs accus\u00e9s d\u2019endoctrinement, m\u00e9dias soup\u00e7onn\u00e9s d\u2019alignements partisans. Mais les vraies victimes, ce sont les citoyens. Quand les premiers sont disqualifi\u00e9s, c\u2019est souvent pour \u00f4ter du pouvoir aux seconds. Car, si la libert\u00e9 de savoir ne figure pas dans nos constitutions, difficile &#8211; sans elle &#8211; d\u2019exercer pleinement les libert\u00e9s qui y sont inscrites. Sans libert\u00e9 de savoir, le citoyen perd sa libert\u00e9 de comprendre, sa capacit\u00e9 \u00e0 exercer son libre-arbitre et donc \u00e0 juger souverainement. Sans libert\u00e9 de savoir, la libert\u00e9 d\u2019expression est une coquille vide. Dans un monde o\u00f9 la parole se d\u00e9tache du r\u00e9el, o\u00f9 le citoyen est priv\u00e9 de ce qui lui permet de distinguer ce qui est prouv\u00e9 de ce qui est cru, la d\u00e9mocratie devient vuln\u00e9rable aux manipulations, \u00e0 la d\u00e9fiance et aux passions tristes.<\/p>\n<p>***<\/p>\n<p>Alors que faire\u00a0? D\u2019abord, nommer l\u2019attaque. Ceux qui discr\u00e9ditent les savoirs et leurs\u00a0\u00ab\u202fpasseurs\u00a0\u00bb\u00a0sont ceux qui en r\u00e9alit\u00e9 ne veulent pas les voir partag\u00e9s ou bien veulent s\u2019arroger le pouvoir d\u2019y faire le tri\u00a0: garder ce qui les sert et disqualifier ce qui les contredit. Ensuite, r\u00e9sister \u00e0 une fausse id\u00e9e. Le savoir n\u2019est pas une doxa. Il ne supprime pas les d\u00e9saccords, il n\u2019emp\u00eache pas la contradiction\u00a0: il leur donne un cadre serein. Il transforme le conflit en d\u00e9bat. Il rend possible un monde commun. Enfin, rappeler que le savoir n\u2019est pas un privil\u00e8ge. Il ne peut \u00eatre confisqu\u00e9. Il doit \u00eatre revendiqu\u00e9 comme une libert\u00e9 populaire. Cela suppose une alliance active de tous ceux qui en partagent l\u2019\u00e9thique et ont un r\u00f4le \u00e0 jouer pour le rendre accessible. Prenons la mesure de la menace\u00a0: ne devenons pas une majorit\u00e9 silencieuse paralys\u00e9e face \u00e0 l\u2019audace et l\u2019obscurantisme des marchands d\u2019opinion qui sont, eux, m\u00e9thodiques et d\u00e9termin\u00e9s. Il y a pire que les combats perdus\u00a0: il y a ceux qu\u2019on ne voit pas se d\u00e9rouler, et que l\u2019on subit. La guerre contre le savoir est d\u00e9sormais d\u00e9clar\u00e9e. De la m\u00eame mani\u00e8re que la R\u00e9publique s\u2019est fond\u00e9e sur la garantie de la libert\u00e9 des opinions et des croyances, il faut d\u2019urgence d\u00e9fendre la libert\u00e9 de chercher, de savoir et de transmettre.<\/p>\n<p>Signez l&rsquo;appel pour la libert\u00e9 de savoir<\/p>\n<p>Les premiers signataires de la tribune<br \/>\nDirigeants d\u2019institutions culturelles, scientifiques, de recherche et d\u2019enseignement<\/p>\n<ul>\n<li><strong>Yasmine Belkaid<\/strong>,<strong> <\/strong>Directrice g\u00e9n\u00e9rale, Institut Pasteur<\/li>\n<li><strong>Gilles Bloch<\/strong>, Pr\u00e9sident, Mus\u00e9um national d&rsquo;histoire naturelle<\/li>\n<li><strong>Xavier Darcos<\/strong>, Chancelier de l\u2019Institut de France<\/li>\n<li><strong>Claire Giry<\/strong>, Pr\u00e9sidente directrice g\u00e9n\u00e9rale, Agence nationale de la recherche<\/li>\n<li><strong>Aline Houdy<\/strong>, Pr\u00e9sidente, PariScience<\/li>\n<li><strong>Romain Huret<\/strong>, Pr\u00e9sident, EHESS<\/li>\n<li><strong>\u00c9douard Kaminski<\/strong>, Pr\u00e9sident de l\u2019Universit\u00e9 Paris Cit\u00e9, Pr\u00e9sident du Conseil de la Recherche et de l\u2019Innovation de France Universit\u00e9s<\/li>\n<li><strong>Jack Lang<\/strong>, Pr\u00e9sident, Institut du monde arabe<\/li>\n<li><strong>Jean-Herv\u00e9 Lorenzi<\/strong>, Pr\u00e9sident, Rencontres \u00c9conomiques d&rsquo;Aix-en-Provence<\/li>\n<li><strong>Frank Madlener<\/strong>, Directeur, IRCAM<\/li>\n<li><strong>Philippe Mauguin<\/strong>, Pr\u00e9sident-directeur g\u00e9n\u00e9ral, INRAE<\/li>\n<li><strong>El-Mouhoub Mouhoud<\/strong>, Pr\u00e9sident, Universit\u00e9 Paris Sciences et Lettres<\/li>\n<li><strong>Antoine Petit<\/strong>, Pr\u00e9sident-directeur g\u00e9n\u00e9ral, CNRS<\/li>\n<li><strong>Alain Puisieux<\/strong>, Pr\u00e9sident du directoire, Institut Curie<\/li>\n<li><strong>Thomas R\u00f6mer<\/strong>, Administrateur, Coll\u00e8ge de France<\/li>\n<li><strong>Didier Samuel<\/strong>, Pr\u00e9sident-directeur g\u00e9n\u00e9ral, INSERM<\/li>\n<li><strong>Emmanuel Trizac<\/strong>, Pr\u00e9sident, ENS Lyon<\/li>\n<\/ul>\n<p>Scientifiques et chercheurs<\/p>\n<ul>\n<li><strong>Gr\u00e9goire Borst<\/strong>, Professeur de l&rsquo;Universit\u00e9 Paris Cit\u00e9, Directeur de laboratoire<\/li>\n<li><strong>G\u00e9rald Bronner<\/strong>, Professeur de sociologie \u00e0 la Sorbonne, Membre de l&rsquo;Acad\u00e9mie nationale de m\u00e9decine Membre de l&rsquo;Acad\u00e9mie des technologies<\/li>\n<li><strong>Fran\u00e7oise Combes<\/strong>, Professeur au Coll\u00e8ge de France<\/li>\n<li><strong>Stanislas Dehaene<\/strong>, Professeur au Coll\u00e8ge de France<\/li>\n<li><strong>Arnaud Fontanet<\/strong>, Professeur au Coll\u00e8ge de France et \u00e0 l&rsquo;Institut Pasteur<\/li>\n<li><strong>Marc Fontecave<\/strong>, Professeur au Coll\u00e8ge de France, Directeur de laboratoire<\/li>\n<li><strong>Sonia Garel<\/strong>, Professeur au Coll\u00e8ge de France, Directrice de laboratoire<\/li>\n<li><strong>Jules Hoffmann<\/strong>, Prix Nobel de m\u00e9decine 2011<\/li>\n<li><strong>Lionel Naccache<\/strong>, Neurologue, Professeur Sorbonne Universit\u00e9<\/li>\n<li><strong>Asma Mhalla<\/strong>, politologue et essayiste<\/li>\n<li><strong>Albert Moukheiber<\/strong>, psychologue clinicien et docteur en neurosciences cognitives<\/li>\n<li><strong>G\u00e9rard Noiriel<\/strong>, Directeur d&rsquo;\u00e9tudes \u00e0 l&rsquo;EHESS<\/li>\n<li><strong>Lluis Quintana-Murci<\/strong>, Professeur au Coll\u00e8ge de France et \u00e0 l&rsquo;Institut Pasteur<\/li>\n<li><strong>Philippe Sansonetti<\/strong>, Professeur \u00e9m\u00e9rite au Coll\u00e8ge de France et \u00e0 l&rsquo;Institut Pasteur<\/li>\n<li><strong>Olivier Schwartz<\/strong>, chercheur, responsable d\u2019unit\u00e9 \u00e0 l\u2019Institut Pasteur<\/li>\n<\/ul>\n<p>M\u00e9dia<\/p>\n<ul>\n<li><strong>Fabrice Bakhouche<\/strong>, Directeur g\u00e9n\u00e9ral, groupe SIPA Ouest-France<\/li>\n<\/ul>\n<p>Cr\u00e9ateurs de contenus<\/p>\n<ul>\n<li><strong>Benjamin Brillaud<\/strong> de \u00ab\u00a0<a href=\"https:\/\/www.youtube.com\/@notabenemovies\" target=\"_blank\" title=\"Cha\u00eene YouTube de Nota Bene - Nouvelle fen\u00eatre\" rel=\"nofollow noopener\">Nota Bene<\/a>\u00ab\u00a0, vulgarisateur en histoire et mythologies<\/li>\n<li><strong>Cl\u00e9ment<\/strong> alias <a href=\"https:\/\/www.youtube.com\/@zebroloss\" target=\"_blank\" title=\"Cha\u00eene YouTube de Zebroloss - Nouvelle fen\u00eatre\" rel=\"nofollow noopener\">@Zebroloss<\/a>, vulgarisateur scientifique<\/li>\n<li><strong>Th\u00e9o Drieu<\/strong> alias <a href=\"https:\/\/www.youtube.com\/@BaladeMentale\" target=\"_blank\" title=\"Cha\u00eene YouTube de Balade Mentale - Nouvelle fen\u00eatre\" rel=\"nofollow noopener\">@BaladeMentale<\/a>, m\u00e9diateur scientifique<\/li>\n<li><strong>Jean-Guillaume Olette-Pelletier<\/strong> alias <a href=\"https:\/\/www.youtube.com\/@fregyptologistjean-guillau6543\" target=\"_blank\" title=\"Cha\u00eene YouTube de Jean-Guillaume Olette-Pelletier - Nouvelle fen\u00eatre\" rel=\"nofollow noopener\">@fregyptologist<\/a>, \u00e9gyptologue, pr\u00e9sident du Cercle P\u00e9trarque<\/li>\n<li><strong>Romain Renne<\/strong> alias <a href=\"https:\/\/www.instagram.com\/physigeeks\" target=\"_blank\" title=\"Compte Instagram de Romain Renne - Nouvelle fen\u00eatre\" rel=\"nofollow noopener\">@Physigeeks<\/a>, professeur de physique-chimie dans le secondaire <\/li>\n<li><strong><a href=\"https:\/\/www.instagram.com\/julien.scanzi\/\" target=\"_blank\" title=\"Compte Instagram de Julien Scanzi - Nouvelle fen\u00eatre\" rel=\"nofollow noopener\">Julien Scanzi<\/a><\/strong>,<strong> <\/strong>m\u00e9decin, h\u00e9pato-gastro-ent\u00e9rologue<\/li>\n<li><strong>Oc\u00e9ane Sorel<\/strong> alias <a href=\"https:\/\/www.thefrenchvirologist.com\/\" target=\"_blank\" title=\"Site d&#039;Oc\u00e9ane Sorel - Nouvelle fen\u00eatre\" rel=\"nofollow noopener\">@TheFrenchVirologist<\/a>, docteur en m\u00e9decine v\u00e9t\u00e9rinaire, virologue<\/li>\n<li><strong>Sophie Yvon<\/strong> alias <a href=\"https:\/\/www.instagram.com\/docteurpopy\/\" target=\"_blank\" title=\"Compte Instagram de Sophie Yvon - Nouvelle fen\u00eatre\" rel=\"nofollow noopener\">@docteurpopy<\/a> , chercheuse \u00e0 l\u2019INRAE et vulgarisatrice scientifique<\/li>\n<li><strong>Sophie-H\u00e9l\u00e8ne Zaimi<\/strong> alias <a href=\"https:\/\/www.instagram.com\/thefrenchradiologist\/\" target=\"_blank\" title=\"Compte Instagram de Sophie-H\u00e9ll\u00e8ne Zaimi - Nouvelle fen\u00eatre\" rel=\"nofollow noopener\">@the_french_radiologist<\/a>, m\u00e9decin radiologue<\/li>\n<\/ul>\n<p>Radio France<\/p>\n<ul>\n<li><strong>Vincent Meslet<\/strong>, Radio France<\/li>\n<li><strong>C\u00e9line Pigalle<\/strong>, Radio France\/ICI<\/li>\n<li><strong>Ad\u00e8le Van Reeth<\/strong>, France Inter<\/li>\n<li><strong>Agn\u00e8s Vahramian<\/strong>, franceinfo<\/li>\n<li><strong>Emelie De Jong<\/strong>, France Culture<\/li>\n<li><strong>Marc Voinchet<\/strong>, France Musique<\/li>\n<li><strong>Ruddy Aboab<\/strong>, Fip<\/li>\n<li><strong>Michel Orier<\/strong>, Radio France<\/li>\n<li><strong>Charles-Emmanuel Bon<\/strong>, Radio France<\/li>\n<li><strong>Marie Message<\/strong>, Radio France<\/li>\n<li><strong>Laurent Frisch<\/strong>, Radio France<\/li>\n<li><strong>C\u00e9cilia Ragueneau<\/strong>, Radio France<\/li>\n<li><strong>Alexandra Bensa\u00efd<\/strong>, France Inter<\/li>\n<li><strong>St\u00e9phane Bern<\/strong>, ICI<\/li>\n<li><strong>Sophie B\u00e9cherel<\/strong>, France Inter<\/li>\n<li><strong>Vincent Charpentier<\/strong>, France Culture<\/li>\n<li><strong>Philippe Collin<\/strong>, France Inter<\/li>\n<li><strong>Philippe Corb\u00e9<\/strong>, France Inter<\/li>\n<li><strong>Clotilde Dumetz<\/strong>, France Culture\/France Musique<\/li>\n<li><strong>Nassim El Kabli<\/strong>, France Culture<\/li>\n<li><strong>Olivier Emond<\/strong>, franceinfo<\/li>\n<li><strong>Pierre Fabing<\/strong>, ICI<\/li>\n<li><strong>Bill Fran\u00e7ois<\/strong>, franceinfo<\/li>\n<li><strong>Etienne Klein<\/strong>, France Culture<\/li>\n<li><strong>Aur\u00e9lie Luneau<\/strong>, France Culture<\/li>\n<li><strong>Matthieu Mondoloni<\/strong>, ICI<\/li>\n<li><strong>Richard Place<\/strong>, franceinfo<\/li>\n<li><strong>Dominique Seux<\/strong>, France Inter<\/li>\n<li><strong>Thomas Snegaroff<\/strong>, France Inter<\/li>\n<li><strong>R\u00e9mi Sulmont<\/strong>, France Inter<\/li>\n<li><strong>Natacha Triou<\/strong>, France Culture<\/li>\n<\/ul>\n<p><script async src=\"\/\/www.instagram.com\/embed.js\"><\/script><\/p>\n","protected":false},"excerpt":{"rendered":"Appel pour la libert\u00e9 de savoir En cette rentr\u00e9e 2025, Radio France et sa pr\u00e9sidente Sibyle Veil lancent&hellip;\n","protected":false},"author":2,"featured_media":368076,"comment_status":"","ping_status":"","sticky":false,"template":"","format":"standard","meta":{"footnotes":""},"categories":[1355],"tags":[50240,58,59,1011,27,50239,1361,873,5030],"class_list":{"0":"post-368075","1":"post","2":"type-post","3":"status-publish","4":"format-standard","5":"has-post-thumbnail","7":"category-musique","8":"tag-appel-de-radio-france","9":"tag-divertissement","10":"tag-entertainment","11":"tag-fr","12":"tag-france","13":"tag-liberte-de-savoir","14":"tag-music","15":"tag-musique","16":"tag-tribune"},"share_on_mastodon":{"url":"https:\/\/pubeurope.com\/@fr\/115151560114672243","error":""},"_links":{"self":[{"href":"https:\/\/www.europesays.com\/fr\/wp-json\/wp\/v2\/posts\/368075","targetHints":{"allow":["GET"]}}],"collection":[{"href":"https:\/\/www.europesays.com\/fr\/wp-json\/wp\/v2\/posts"}],"about":[{"href":"https:\/\/www.europesays.com\/fr\/wp-json\/wp\/v2\/types\/post"}],"author":[{"embeddable":true,"href":"https:\/\/www.europesays.com\/fr\/wp-json\/wp\/v2\/users\/2"}],"replies":[{"embeddable":true,"href":"https:\/\/www.europesays.com\/fr\/wp-json\/wp\/v2\/comments?post=368075"}],"version-history":[{"count":0,"href":"https:\/\/www.europesays.com\/fr\/wp-json\/wp\/v2\/posts\/368075\/revisions"}],"wp:featuredmedia":[{"embeddable":true,"href":"https:\/\/www.europesays.com\/fr\/wp-json\/wp\/v2\/media\/368076"}],"wp:attachment":[{"href":"https:\/\/www.europesays.com\/fr\/wp-json\/wp\/v2\/media?parent=368075"}],"wp:term":[{"taxonomy":"category","embeddable":true,"href":"https:\/\/www.europesays.com\/fr\/wp-json\/wp\/v2\/categories?post=368075"},{"taxonomy":"post_tag","embeddable":true,"href":"https:\/\/www.europesays.com\/fr\/wp-json\/wp\/v2\/tags?post=368075"}],"curies":[{"name":"wp","href":"https:\/\/api.w.org\/{rel}","templated":true}]}}