{"id":368077,"date":"2025-09-05T11:55:24","date_gmt":"2025-09-05T11:55:24","guid":{"rendered":"https:\/\/www.europesays.com\/fr\/368077\/"},"modified":"2025-09-05T11:55:24","modified_gmt":"2025-09-05T11:55:24","slug":"ces-ados-avaient-envie-de-faire-partager-leur-passion-pour-la-peche","status":"publish","type":"post","link":"https:\/\/www.europesays.com\/fr\/368077\/","title":{"rendered":"\u201cCes ados avaient envie de faire partager leur passion pour la p\u00eache\u201d"},"content":{"rendered":"<p>      Au Havre, pendant un an, Fanny Gadan a film\u00e9 deux coll\u00e9giens unis par leur go\u00fbt pour la p\u00eache \u00e0 la ligne. Elle en tire un documentaire touchant diffus\u00e9 sur France\u2022tv, nourri de ses \u00e9changes avec eux sur leurs r\u00eaves ou leurs difficult\u00e9s scolaires.              <a href=\"https:\/\/www.europesays.com\/fr\/wp-content\/uploads\/2025\/09\/1bd1b92_upload-1-ppf2vdso2ypm-soren-et-karving20250707-0004-2.jpg\" data-pswp-width=\"\" data-pswp-height=\"\" class=\"media__hd\" target=\"_blank\">      <img decoding=\"async\" fetchpriority=\"high\" src=\"https:\/\/www.europesays.com\/fr\/wp-content\/uploads\/2025\/09\/1bd1b92_upload-1-ppf2vdso2ypm-soren-et-karving20250707-0004-2.jpg\" class=\"media__picture js-media-zoom-main \" alt=\"La r\u00e9alisatrice Fanny Gardan\u2009\u00a0: \u00ab\u2009Deux gar\u00e7ons de 14\u00a0ans confront\u00e9s \u00e0 une femme trentenaire qui tient une cam\u00e9ra et les questionne, \u00e7a ne va pas de soi.\u2009\u00bb\" title=\"Marja productions\"\/>      <\/p>\n<p class=\"media__legend\"> La r\u00e9alisatrice Fanny Gardan\u2009\u00a0: \u00ab\u2009Deux gar\u00e7ons de 14\u00a0ans confront\u00e9s \u00e0 une femme trentenaire qui tient une cam\u00e9ra et les questionne, \u00e7a ne va pas de soi.\u2009\u00bb  Marja productions  <\/p>\n<p>     <\/a>                    <\/p>\n<p class=\"author author--simple\">Par  <a class=\"author author--link\" href=\"https:\/\/www.telerama.fr\/recherche\/articles?q=Samuel+Gontier\" rel=\"nofollow noopener\" target=\"_blank\"> Samuel Gontier <\/a>    <\/p>\n<p class=\"publication__date\">Publi\u00e9 le 04 septembre 2025 \u00e0 19h30<\/p>\n<p>   Partager   <\/p>\n<ul class=\"sharing-popin--results\">\n<li class=\"sharing-popin--item sharing-popin--item-container\"> Partage  <\/li>\n<li data-share=\"linkedin\" class=\"sharing-popin--item\">  LinkedIn <\/li>\n<li data-share=\"facebook\" class=\"sharing-popin--item\">  Facebook <\/li>\n<li data-share=\"mail\" data-social=\"mail\" class=\"sharing-popin--item\">  Envoyer par email <\/li>\n<li data-share=\"copy\" class=\"sharing-popin--item\">  Copier le lien <\/li>\n<\/ul>\n<p>        Favoris       <\/p>\n<p>                <a class=\"openapp__link\" data-event=\"click-open-app\" data-deep-link=\"tlrm:\/\/element?id=\/television\/soren-et-karving-en-eaux-libres-ces-ados-avaient-envie-de-faire-partager-leur-passion-pour-la-peche-7027212.php&amp;source=deeplink_site\">  Lire dans l&rsquo;application<br \/>\n  <\/a>                               <\/p>\n<p class=\"paragraph\">Dans le d\u00e9cor titanesque du port du\u00a0Havre, deux coll\u00e9giens unis par une m\u00eame passion s\u2019adonnent \u00e0 la p\u00eache \u00e0 la ligne. Avec Soren et Karving en eaux libres, son premier film en tant que r\u00e9alisatrice, Fanny Gadan signe le portrait attachant de deux adolescents et tisse une belle ode \u00e0 l\u2019amiti\u00e9. La dipl\u00f4m\u00e9e de l\u2019\u00c9cole nationale sup\u00e9rieure d\u2019art Paris-Cergy, option cin\u00e9ma, confie avoir \u00ab\u00a0toujours eu envie de r\u00e9aliser des films documentaires\u00a0\u00bb. Mais c\u2019est seulement apr\u00e8s le Covid et des exp\u00e9riences dans l\u2019art vid\u00e9o et la fiction qu\u2019elle d\u00e9cide de s\u2019y consacrer, tout en se consid\u00e9rant comme \u00ab\u00a0autodidacte\u00a0\u00bb.<\/p>\n<p class=\"paragraph\">La rencontre avec Soren et Karving est le fruit de sa d\u00e9couverte du\u00a0Havre il y a quelques ann\u00e9es. \u00ab\u00a0Son architecture, son histoire, notamment celle des travailleurs du port, m\u2019ont fascin\u00e9e.\u00a0\u00bb \u00c0 force d\u2019arpenter la cit\u00e9 et de nouer des contacts, elle d\u00e9couvre au port de p\u00eache les deux ados en train de vendre du maquereau \u00e0 la sauvette. Tr\u00e8s vite, Fanny Gadan se met \u00e0 les filmer, une relation de confiance s\u2019\u00e9tablit. \u00ab\u00a0Deux gar\u00e7ons de 14\u00a0ans confront\u00e9s \u00e0 une femme trentenaire qui tient une cam\u00e9ra et les questionne, \u00e7a ne va pas de soi.\u00a0Mais ils avaient envie de faire partager leur passion commune, la p\u00eache. Le film s\u2019est nourri d\u2019un int\u00e9r\u00eat r\u00e9ciproque.\u00a0\u00bb<\/p>\n<p class=\"paragraph\">Au fil de plus d\u2019un an de tournage, \u00ab\u00a0ils se sont livr\u00e9s \u00e0 moi, j\u2019ai suivi leur ouverture, raconte la r\u00e9alisatrice. Soren et Karving sont \u00e0 l\u2019\u00e2ge o\u00f9 l\u2019on commence \u00e0 produire un r\u00e9cit de soi, de son rapport \u00e0 la famille, \u00e0 l\u2019\u00e9cole\u00a0\u00bb. Fanny Gadan a su le saisir en se pla\u00e7ant \u00ab\u00a0\u00e0 hauteur de leur regard\u00a0\u00bb. Elle choisit de garder au montage ses interactions avec\u00a0ses modestes h\u00e9ros\u00a0: ses questions, leurs regards cam\u00e9ra, une demande de Soren de filmer tel endroit qu\u2019elle ex\u00e9cute. \u00ab\u00a0La relation filmeur\/film\u00e9, le rapport \u00e0 la cam\u00e9ra font partie de ce qui se joue. La force du documentaire pour questionner le r\u00e9el n\u00e9cessite que le r\u00e9alisateur existe.\u00a0\u00bb Fanny Gadan assume d\u2019\u00eatre une\u00a0protagoniste de son documentaire tout en respectant la pudeur des ados. Une d\u00e9marche qu\u2019elle pr\u00e9f\u00e8re entreprendre seule, \u00e0 la cam\u00e9ra et au son, pour pr\u00e9server l\u2019intimit\u00e9 de sa relation avec Soren et Karving.<\/p>\n<blockquote class=\"blockquote\">\n<p class=\"blockquote__citation\">Soren et Karving sont tr\u00e8s \u00e9veill\u00e9s \u00e0 leur sensorialit\u00e9. La contemplation, l\u2019attente, la manipulation de petits objets\u2026 La p\u00eache est une pratique tr\u00e8s riche.<\/p>\n<\/blockquote>\n<p>Fanny Gardan<\/p>\n<p class=\"paragraph\">Loin du film \u00e0 th\u00e8se sur l\u2019adolescence, ce compagnonnage au long cours fait surgir avec d\u00e9licatesse de multiples th\u00e8mes. Comme les deux coll\u00e9giens doivent se plier \u00e0 l\u2019\u00e9ch\u00e9ance du brevet, appara\u00eet le r\u00f4le des femmes dans l\u2019\u00e9ducation des enfants au sein de familles monoparentales. Pour Soren, souffrant de TDAH (trouble de l\u2019attention et hyperactivit\u00e9) \u2014 qui marginalise<strong> <\/strong>beaucoup de ses semblables dans le syst\u00e8me scolaire \u2014, la p\u00eache fait figure de th\u00e9rapie que sa m\u00e8re encourage. Cette activit\u00e9 les relie, lui et Karving, \u00e0 \u00ab\u00a0un univers tr\u00e8s masculin dans lequel ils rencontrent des personnes de tous \u00e2ges et de tous milieux\u00a0\u00bb, note la r\u00e9alisatrice, d\u00e9sireuse de faire conna\u00eetre \u00ab\u00a0une r\u00e9alit\u00e9 sociale qui peut \u00e9chapper \u00e0 beaucoup\u00a0\u00bb\u00a0: l\u2019univers de la p\u00eache, dont elle vante \u00ab\u00a0la gratuit\u00e9 et l\u2019autonomie qu\u2019elle induit. Soren et Karving sont tr\u00e8s \u00e9veill\u00e9s \u00e0 leur sensorialit\u00e9. La contemplation, l\u2019attente, la manipulation de petits objets\u2026 C\u2019est une pratique tr\u00e8s riche\u00a0\u00bb.<\/p>\n<p class=\"paragraph\">Un an apr\u00e8s la fin du tournage, Soren et Karving sont toujours amis, soud\u00e9s par la p\u00eache, surpris d\u2019\u00eatre reconnus dans la rue apr\u00e8s la diffusion de leur portrait sur France 3\u00a0Normandie. De son c\u00f4t\u00e9, Fanny Gadan travaille \u00e0 un film sur des chibanis, travailleurs alg\u00e9riens retrait\u00e9s dans un foyer de Saint-Denis. L\u2019histoire d\u2019amour du (toujours) modeste h\u00e9ros qu\u2019elle a choisi pour fil rouge et la force de son premier documentaire laissent esp\u00e9rer qu\u2019il trouvera un diffuseur \u00e0 la mesure de son talent.<\/p>\n<p>Soren et Karving en eaux libres, mercredi\u00a0 23.05\u00a0sur France 3.<\/p>\n<p class=\"edito__prefixe\">   D\u00e9couvrir la note et la critique   <\/p>\n<p class=\"edito__text-container\">       <a alt=\"Lire aussi\" href=\"https:\/\/www.telerama.fr\/television\/soren-et-karving-en-eaux-libres-notre-critique-du-documentaire_cri-7040398.php\" class=\"article__title--edito\" rel=\"nofollow noopener\" target=\"_blank\">\u201cSoren et Karving en eaux libres\u201d\u00a0: les r\u00eaves de vie de deux ados mordus de p\u00eache<\/a>  <\/p>\n<p class=\"edito__prefixe\">   \u00c0 lire aussi :   <\/p>\n<p class=\"edito__text-container\">     <a alt=\"Lire aussi\" href=\"https:\/\/www.telerama.fr\/television\/a-voir-a-la-tele-douze-documentaires-qui-vont-marquer-l-automne-7027110.php\" class=\"article__title--edito\" rel=\"nofollow noopener\" target=\"_blank\">\u00c0 voir \u00e0 la t\u00e9l\u00e9\u00a0: douze documentaires qui vont marquer l\u2019automne<\/a>  <\/p>\n","protected":false},"excerpt":{"rendered":"Au Havre, pendant un an, Fanny Gadan a film\u00e9 deux coll\u00e9giens unis par leur go\u00fbt pour la p\u00eache&hellip;\n","protected":false},"author":2,"featured_media":368078,"comment_status":"","ping_status":"","sticky":false,"template":"","format":"standard","meta":{"footnotes":""},"categories":[1354],"tags":[58,59,1346,1011,27,1360],"class_list":{"0":"post-368077","1":"post","2":"type-post","3":"status-publish","4":"format-standard","5":"has-post-thumbnail","7":"category-films","8":"tag-divertissement","9":"tag-entertainment","10":"tag-films","11":"tag-fr","12":"tag-france","13":"tag-movies"},"share_on_mastodon":{"url":"https:\/\/pubeurope.com\/@fr\/115151564253586861","error":""},"_links":{"self":[{"href":"https:\/\/www.europesays.com\/fr\/wp-json\/wp\/v2\/posts\/368077","targetHints":{"allow":["GET"]}}],"collection":[{"href":"https:\/\/www.europesays.com\/fr\/wp-json\/wp\/v2\/posts"}],"about":[{"href":"https:\/\/www.europesays.com\/fr\/wp-json\/wp\/v2\/types\/post"}],"author":[{"embeddable":true,"href":"https:\/\/www.europesays.com\/fr\/wp-json\/wp\/v2\/users\/2"}],"replies":[{"embeddable":true,"href":"https:\/\/www.europesays.com\/fr\/wp-json\/wp\/v2\/comments?post=368077"}],"version-history":[{"count":0,"href":"https:\/\/www.europesays.com\/fr\/wp-json\/wp\/v2\/posts\/368077\/revisions"}],"wp:featuredmedia":[{"embeddable":true,"href":"https:\/\/www.europesays.com\/fr\/wp-json\/wp\/v2\/media\/368078"}],"wp:attachment":[{"href":"https:\/\/www.europesays.com\/fr\/wp-json\/wp\/v2\/media?parent=368077"}],"wp:term":[{"taxonomy":"category","embeddable":true,"href":"https:\/\/www.europesays.com\/fr\/wp-json\/wp\/v2\/categories?post=368077"},{"taxonomy":"post_tag","embeddable":true,"href":"https:\/\/www.europesays.com\/fr\/wp-json\/wp\/v2\/tags?post=368077"}],"curies":[{"name":"wp","href":"https:\/\/api.w.org\/{rel}","templated":true}]}}