{"id":368093,"date":"2025-09-05T12:03:10","date_gmt":"2025-09-05T12:03:10","guid":{"rendered":"https:\/\/www.europesays.com\/fr\/368093\/"},"modified":"2025-09-05T12:03:10","modified_gmt":"2025-09-05T12:03:10","slug":"en-direct-guerre-en-ukraine-des-milliers-de-militaires-occidentaux-pourraient-etre-deployes-assure-zelensky","status":"publish","type":"post","link":"https:\/\/www.europesays.com\/fr\/368093\/","title":{"rendered":"EN DIRECT &#8211; Guerre en Ukraine : des \u00ab\u00a0milliers\u00a0\u00bb de militaires occidentaux pourraient \u00eatre d\u00e9ploy\u00e9s, assure Zelensky"},"content":{"rendered":"<p>Donald Trump a d\u00e9clar\u00e9 hier qu&rsquo;il s&rsquo;entretiendrait bient\u00f4t avec le pr\u00e9sident russe Vladimir Poutine, apr\u00e8s avoir parl\u00e9 plus t\u00f4t dans la journ\u00e9e avec son homologue ukrainien Volodymyr Zelensky et plusieurs dirigeants europ\u00e9ens. \u00ab\u00a0Oui, je lui parlerai\u00a0\u00bb, a dit le pr\u00e9sident am\u00e9ricain \u00e0 une journaliste qui lui demandait s&rsquo;il dialoguerait prochainement avec le dirigeant russe, en marge d&rsquo;un d\u00eener avec les plus grands patrons de la tech aux \u00c9tats-Unis.<\/p>\n<p>Le porte-parole du Kremlin, Dmitri Peskov, a confirm\u00e9 aujourd&rsquo;hui que cet entretien pourrait intervenir rapidement. \u00ab\u00a0Cela peut \u00eatre organis\u00e9 rapidement en cas de n\u00e9cessit\u00e9\u00a0\u00bb, a indiqu\u00e9 le responsable cit\u00e9 par l&rsquo;agence Ria Novosti. Vladimir Poutine et Donald Trump se sont rencontr\u00e9s en Alaska, aux \u00c9tats-Unis, le 15 ao\u00fbt lors d&rsquo;un sommet qui a mis fin \u00e0 l&rsquo;isolement du pr\u00e9sident russe depuis l&rsquo;invasion de l&rsquo;Ukraine mais n&rsquo;a pas d\u00e9bouch\u00e9 sur un cessez-le-feu.\u00a0<\/p>\n","protected":false},"excerpt":{"rendered":"Donald Trump a d\u00e9clar\u00e9 hier qu&rsquo;il s&rsquo;entretiendrait bient\u00f4t avec le pr\u00e9sident russe Vladimir Poutine, apr\u00e8s avoir parl\u00e9 plus&hellip;\n","protected":false},"author":2,"featured_media":281100,"comment_status":"","ping_status":"","sticky":false,"template":"","format":"standard","meta":{"footnotes":""},"categories":[2],"tags":[1111,11,1921,75,1073,1011,27,47994,28083,1922,12,132,220,133,1920,135,134],"class_list":{"0":"post-368093","1":"post","2":"type-post","3":"status-publish","4":"format-standard","5":"has-post-thumbnail","7":"category-actualites","8":"tag-actu","9":"tag-actualites","10":"tag-article-video","11":"tag-donald-trump","12":"tag-emmanuel-macron","13":"tag-fr","14":"tag-france","15":"tag-guerre-en-ukraine-la-rencontre-poutine-zelensky-seloigne","16":"tag-guerre-en-ukraine-une-treve-sera-t-elle-possible","17":"tag-info","18":"tag-news","19":"tag-russie","20":"tag-ukraine","21":"tag-video","22":"tag-video-international","23":"tag-vladimir-poutine","24":"tag-volodymyr-zelensky"},"share_on_mastodon":{"url":"https:\/\/pubeurope.com\/@fr\/115151595454539177","error":""},"_links":{"self":[{"href":"https:\/\/www.europesays.com\/fr\/wp-json\/wp\/v2\/posts\/368093","targetHints":{"allow":["GET"]}}],"collection":[{"href":"https:\/\/www.europesays.com\/fr\/wp-json\/wp\/v2\/posts"}],"about":[{"href":"https:\/\/www.europesays.com\/fr\/wp-json\/wp\/v2\/types\/post"}],"author":[{"embeddable":true,"href":"https:\/\/www.europesays.com\/fr\/wp-json\/wp\/v2\/users\/2"}],"replies":[{"embeddable":true,"href":"https:\/\/www.europesays.com\/fr\/wp-json\/wp\/v2\/comments?post=368093"}],"version-history":[{"count":0,"href":"https:\/\/www.europesays.com\/fr\/wp-json\/wp\/v2\/posts\/368093\/revisions"}],"wp:featuredmedia":[{"embeddable":true,"href":"https:\/\/www.europesays.com\/fr\/wp-json\/wp\/v2\/media\/281100"}],"wp:attachment":[{"href":"https:\/\/www.europesays.com\/fr\/wp-json\/wp\/v2\/media?parent=368093"}],"wp:term":[{"taxonomy":"category","embeddable":true,"href":"https:\/\/www.europesays.com\/fr\/wp-json\/wp\/v2\/categories?post=368093"},{"taxonomy":"post_tag","embeddable":true,"href":"https:\/\/www.europesays.com\/fr\/wp-json\/wp\/v2\/tags?post=368093"}],"curies":[{"name":"wp","href":"https:\/\/api.w.org\/{rel}","templated":true}]}}