{"id":368094,"date":"2025-09-05T12:04:12","date_gmt":"2025-09-05T12:04:12","guid":{"rendered":"https:\/\/www.europesays.com\/fr\/368094\/"},"modified":"2025-09-05T12:04:12","modified_gmt":"2025-09-05T12:04:12","slug":"on-est-420-salaries-est-ce-quon-va-passer-a-240","status":"publish","type":"post","link":"https:\/\/www.europesays.com\/fr\/368094\/","title":{"rendered":"\u00ab\u00a0On est 420 salari\u00e9s, est-ce qu\u2019on va passer \u00e0 240\u202f?\u00a0\u00bb"},"content":{"rendered":"<p>\u00ab\u00a0Le patron doit bien se marrer\u2026\u00a0\u00bb, l\u00e2chait, un brin d\u00e9pit\u00e9, le d\u00e9l\u00e9gu\u00e9 syndical CGT Tony Tour\u00e8che, ce vendredi matin, devant l\u2019entr\u00e9e \u00ab\u00a0Porte du Forez\u00a0\u00bb du centre commercial Auchan Villars.<\/p>\n<p>Comme sur quatre autres magasins en France, le syndicat avait appel\u00e9 \u00e0 la gr\u00e8ve. Mais l\u2019appel a \u00e9t\u00e9 tr\u00e8s peu entendu, avec seulement une douzaine de gr\u00e9vistes. Sans cons\u00e9quence, donc, sur le fonctionnement de l\u2019hypermarch\u00e9.<\/p>\n<p>\u00ab\u00a0\u00c7a me d\u00e9sole un peu de voir que les coll\u00e8gues ne se mobilisent pas. Pourtant, ils n\u2019arr\u00eatent pas de se plaindre et de dire qu\u2019ils sont inquiets, assure Tony Tour\u00e8che. Et en m\u00eame temps, je les comprends\u00a0: c\u2019est compliqu\u00e9 de perdre du salaire quand on sait que certains touchent \u00e0 peine plus que le Smic avec 20 ou 25 ans d\u2019anciennet\u00e9.\u00a0\u00bb<\/p>\n<p>  Quatorze postes de vendeurs supprim\u00e9s \u00e0 Villars et Centre Deux<\/p>\n<p>Parmi les revendications de la CGT, il y a l\u2019arr\u00eat des cessions de magasins \u00e0 la concurrence\u00a0: \u00ab\u00a0Fin juin, il y a encore eu 19 magasins, dont neuf anciens Casino, qui ont \u00e9t\u00e9 vendus, principalement \u00e0 Lidl et Leclerc.\u00a0\u00bb<\/p>\n<p>Il y a aussi le maintien de l\u2019emploi. Le dernier PSE (Plan de sauvegarde de l\u2019emploi) d\u2019Auchan, de novembre\u00a02024 \u00e0 avril\u00a02025, a supprim\u00e9 2\u00a0389 emplois au niveau national. \u00c0 Saint-\u00c9tienne, ce sont 14 postes de vendeurs qui ont \u00e9t\u00e9 supprim\u00e9s entre les magasins de Villars et Centre Deux.<\/p>\n<p>Tony Tour\u00e8che, vendeur en \u00e9quipement de la maison, \u00ab trente-six ans d\u2019anciennet\u00e9 et autour de 2\u00a0000\u00a0euros net par mois\u00a0\u00bb, a lui-m\u00eame fait partie de la \u00ab\u00a0charrette\u00a0\u00bb. \u00ab\u00a0\u00c0 Villars, on \u00e9tait 10 sur mon rayon. Un seul d\u2019entre nous a \u00e9t\u00e9 reclass\u00e9 et ils nous ont remplac\u00e9s par quatre \u00e9tudiants, pay\u00e9s au Smic\u2026\u00a0\u00bb<\/p>\n<p>  \u00ab\u00a0On a peur que les clients ne reviennent pas\u00a0\u00bb<\/p>\n<p>Au total, avec aussi les d\u00e9parts non remplac\u00e9s, ce sont 44 CDI qui ont disparu entre\u00a02024 et\u00a02025 sur Villars et Centre Deux, \u00e0 en croire Dominique Bernat, d\u00e9l\u00e9gu\u00e9 syndical FO. Et avec le chantier de r\u00e9novation actuel, qui va voir le magasin perdre 2\u00a0500 m2  de surface, les employ\u00e9s de Villars craignent de nouvelles suppressions de postes. \u00ab\u00a0Aujourd\u2019hui, on est \u00e0 peu pr\u00e8s 420 pour 13\u00a0000 m\u00b2.\u00a0Pour\u00a010\u00a0500 m\u00b2, il ne faudrait apparemment que 240 employ\u00e9s\u2026\u00a0\u00bb<\/p>\n<p>Tony Tour\u00e8che ne cache pas ses craintes pour l\u2019avenir de l\u2019hypermarch\u00e9 villardaire\u00a0: \u00ab\u00a0C\u2019est celui qui s\u2019en sort le mieux par rapport \u00e0 Centre Deux et Monthieu, mais il est lui aussi d\u00e9ficitaire. \u00c7a fait deux ans qu\u2019on nous dit que \u00e7a va repartir et que \u00e7a ne repart pas, c\u2019est inqui\u00e9tant. L\u00e0, avec les travaux, on est en moyenne \u00e0 moins 20\u00a0% d\u2019activit\u00e9 chaque jour. On a peur que les clients ne reviennent pas.\u00a0\u00bb<\/p>\n<p>  \u00ab\u00a0On est devenu beaucoup trop cher\u00a0\u00bb<\/p>\n<p>\u00ab\u00a0Surtout qu\u2019on est devenu beaucoup trop cher au niveau des prix par rapport \u00e0 la concurrence, ajoute Dominique Bernat. Avant, c\u2019\u00e9tait Casino les plus chers. Maintenant, c\u2019est nous.\u00a0\u00bb<\/p>\n<p>Sollicit\u00e9es par nos soins, ni la direction de l\u2019hypermarch\u00e9, ni la direction nationale d\u2019Auchan n\u2019ont souhait\u00e9 faire de commentaire.<\/p>\n","protected":false},"excerpt":{"rendered":"\u00ab\u00a0Le patron doit bien se marrer\u2026\u00a0\u00bb, l\u00e2chait, un brin d\u00e9pit\u00e9, le d\u00e9l\u00e9gu\u00e9 syndical CGT Tony Tour\u00e8che, ce vendredi&hellip;\n","protected":false},"author":2,"featured_media":368095,"comment_status":"","ping_status":"","sticky":false,"template":"","format":"standard","meta":{"footnotes":""},"categories":[9653],"tags":[1111,11,2430,4406,33,7539,1777,674,1011,27,3367,12,25,4001,9664,10246],"class_list":{"0":"post-368094","1":"post","2":"type-post","3":"status-publish","4":"format-standard","5":"has-post-thumbnail","7":"category-saint-etienne","8":"tag-actu","9":"tag-actualites","10":"tag-auvergne-rhone-alpes","11":"tag-commerce-et-services","12":"tag-economie","13":"tag-edition-loire-sud","14":"tag-eu","15":"tag-europe","16":"tag-fr","17":"tag-france","18":"tag-loire","19":"tag-news","20":"tag-republique-francaise","21":"tag-saint-etienne","22":"tag-saint-etienne-bassin","23":"tag-villars"},"share_on_mastodon":{"url":"https:\/\/pubeurope.com\/@fr\/115151599356067970","error":""},"_links":{"self":[{"href":"https:\/\/www.europesays.com\/fr\/wp-json\/wp\/v2\/posts\/368094","targetHints":{"allow":["GET"]}}],"collection":[{"href":"https:\/\/www.europesays.com\/fr\/wp-json\/wp\/v2\/posts"}],"about":[{"href":"https:\/\/www.europesays.com\/fr\/wp-json\/wp\/v2\/types\/post"}],"author":[{"embeddable":true,"href":"https:\/\/www.europesays.com\/fr\/wp-json\/wp\/v2\/users\/2"}],"replies":[{"embeddable":true,"href":"https:\/\/www.europesays.com\/fr\/wp-json\/wp\/v2\/comments?post=368094"}],"version-history":[{"count":0,"href":"https:\/\/www.europesays.com\/fr\/wp-json\/wp\/v2\/posts\/368094\/revisions"}],"wp:featuredmedia":[{"embeddable":true,"href":"https:\/\/www.europesays.com\/fr\/wp-json\/wp\/v2\/media\/368095"}],"wp:attachment":[{"href":"https:\/\/www.europesays.com\/fr\/wp-json\/wp\/v2\/media?parent=368094"}],"wp:term":[{"taxonomy":"category","embeddable":true,"href":"https:\/\/www.europesays.com\/fr\/wp-json\/wp\/v2\/categories?post=368094"},{"taxonomy":"post_tag","embeddable":true,"href":"https:\/\/www.europesays.com\/fr\/wp-json\/wp\/v2\/tags?post=368094"}],"curies":[{"name":"wp","href":"https:\/\/api.w.org\/{rel}","templated":true}]}}