{"id":368096,"date":"2025-09-05T12:05:12","date_gmt":"2025-09-05T12:05:12","guid":{"rendered":"https:\/\/www.europesays.com\/fr\/368096\/"},"modified":"2025-09-05T12:05:12","modified_gmt":"2025-09-05T12:05:12","slug":"lautomobiliste-etait-positif-a-lalcool","status":"publish","type":"post","link":"https:\/\/www.europesays.com\/fr\/368096\/","title":{"rendered":"l&rsquo;automobiliste \u00e9tait positif \u00e0 l&rsquo;alcool"},"content":{"rendered":"<p>Dans la nuit de jeudi \u00e0 vendredi, \u00e0 3\u00a0h\u00a030, un v\u00e9hicule de police qui circulait boulevard Jules-Janin a \u00e9t\u00e9 percut\u00e9 par un automobiliste, dont le test d\u2019alcool\u00e9mie s\u2019est av\u00e9r\u00e9 positif.<\/p>\n<p>Une enqu\u00eate en cours<\/p>\n<p>Les quatre fonctionnaires ont \u00e9t\u00e9 l\u00e9g\u00e8rement bless\u00e9s dans l\u2019accident. Le conducteur de l\u2019autre v\u00e9hicule \u00e9galement. Une enqu\u00eate est en cours pour d\u00e9terminer les circonstances de l\u2019accident.<\/p>\n","protected":false},"excerpt":{"rendered":"Dans la nuit de jeudi \u00e0 vendredi, \u00e0 3\u00a0h\u00a030, un v\u00e9hicule de police qui circulait boulevard Jules-Janin a&hellip;\n","protected":false},"author":2,"featured_media":368097,"comment_status":"","ping_status":"","sticky":false,"template":"","format":"standard","meta":{"footnotes":""},"categories":[9653],"tags":[119,1111,11,2430,7539,1777,674,274,1011,27,3367,12,25,4001,7538],"class_list":{"0":"post-368096","1":"post","2":"type-post","3":"status-publish","4":"format-standard","5":"has-post-thumbnail","7":"category-saint-etienne","8":"tag-accident","9":"tag-actu","10":"tag-actualites","11":"tag-auvergne-rhone-alpes","12":"tag-edition-loire-sud","13":"tag-eu","14":"tag-europe","15":"tag-faits-divers-justice","16":"tag-fr","17":"tag-france","18":"tag-loire","19":"tag-news","20":"tag-republique-francaise","21":"tag-saint-etienne","22":"tag-saint-etienne-ville"},"share_on_mastodon":{"url":"https:\/\/pubeurope.com\/@fr\/115151603363599235","error":""},"_links":{"self":[{"href":"https:\/\/www.europesays.com\/fr\/wp-json\/wp\/v2\/posts\/368096","targetHints":{"allow":["GET"]}}],"collection":[{"href":"https:\/\/www.europesays.com\/fr\/wp-json\/wp\/v2\/posts"}],"about":[{"href":"https:\/\/www.europesays.com\/fr\/wp-json\/wp\/v2\/types\/post"}],"author":[{"embeddable":true,"href":"https:\/\/www.europesays.com\/fr\/wp-json\/wp\/v2\/users\/2"}],"replies":[{"embeddable":true,"href":"https:\/\/www.europesays.com\/fr\/wp-json\/wp\/v2\/comments?post=368096"}],"version-history":[{"count":0,"href":"https:\/\/www.europesays.com\/fr\/wp-json\/wp\/v2\/posts\/368096\/revisions"}],"wp:featuredmedia":[{"embeddable":true,"href":"https:\/\/www.europesays.com\/fr\/wp-json\/wp\/v2\/media\/368097"}],"wp:attachment":[{"href":"https:\/\/www.europesays.com\/fr\/wp-json\/wp\/v2\/media?parent=368096"}],"wp:term":[{"taxonomy":"category","embeddable":true,"href":"https:\/\/www.europesays.com\/fr\/wp-json\/wp\/v2\/categories?post=368096"},{"taxonomy":"post_tag","embeddable":true,"href":"https:\/\/www.europesays.com\/fr\/wp-json\/wp\/v2\/tags?post=368096"}],"curies":[{"name":"wp","href":"https:\/\/api.w.org\/{rel}","templated":true}]}}