{"id":368102,"date":"2025-09-05T12:08:13","date_gmt":"2025-09-05T12:08:13","guid":{"rendered":"https:\/\/www.europesays.com\/fr\/368102\/"},"modified":"2025-09-05T12:08:13","modified_gmt":"2025-09-05T12:08:13","slug":"ce-samedi-plus-de-160-stands-vous-attendent-pour-le-forum-des-associations-a-la-seyne","status":"publish","type":"post","link":"https:\/\/www.europesays.com\/fr\/368102\/","title":{"rendered":"Ce samedi, plus de 160 stands vous attendent pour le Forum des associations \u00e0 La Seyne"},"content":{"rendered":"<p>Moment tr\u00e8s attendu par de nombreux Seynois, dans la tradition de septembre le forum des associations d\u00e9ploiera ses multiplicit\u00e9s et sp\u00e9cificit\u00e9s sur le parc de la Navale, ce samedi 6 septembre, de 10h \u00e0 17 h 30.<\/p>\n<p>Au total 164 associations feront acte de pr\u00e9sence sous les barnums ou autour des tables d\u00e9ploy\u00e9s sur le site.<\/p>\n<p>\u00ab\u00a0Ces associations seront r\u00e9parties par villages\u00a0\u00bb, souligne Josiane Le Strat, chef du service vie associative, \u00e0 la man\u0153uvre pour organiser cette manifestation phare de la rentr\u00e9e. La seconde plus importante apr\u00e8s la Kermesse Festival.<\/p>\n<p>Un forum qui a lieu apr\u00e8s la rentr\u00e9e scolaire \u00ab\u00a0pour permettre aux \u00e9coliers, coll\u00e9giens et lyc\u00e9ens seynois de choisir une activit\u00e9 en accord avec leur emploi du temps dont ils auront pris connaissance\u00a0\u00bb, rappelle la chef de service. Car ce salon des associations &#8211; et La Seyne en compte 660 &#8211; est un moment cl\u00e9 pour enregistrer les adh\u00e9sions.<\/p>\n<p>\u00ab\u00a0L\u2019ann\u00e9e derni\u00e8re une association, et pas l\u2019une des plus importantes, m\u2019a confi\u00e9 avoir enregistr\u00e9 73 adh\u00e9sions\u00a0\u00bb, illustre Josiane Le Strat.<\/p>\n<p>Plus de 21 d\u00e9monstrations programm\u00e9es de 10h15 \u00e0 16h30 <\/p>\n<p>Avec les sportifs en force! Ainsi: 61 associations animeront le village Sport; 10 le village Habitat et cadre de vie; 32 le village Socio-\u00e9ducatif et le village Solidarit\u00e9; 29 le village Culture.<\/p>\n<p>Et pour d\u00e9cider o\u00f9 s\u00e9duire les ind\u00e9cis, 21 associations se relaieront avec des d\u00e9monstrations de 10h15 \u00e0 16h30 sur un podium dominant l\u2019une des deux zones sportives, pr\u00e8s d\u2019un ch\u00e2teau gonflable.<\/p>\n<p>Plus pr\u00e8s de la mer, les chiens sauveteurs et des jouteurs nautiques, \u00e9galement en mode s\u00e9duction, se jetteront \u00e0 l\u2019eau.<\/p>\n<p>Un espace convivial, avec stands culinaires et de restauration, sera aussi ouvert sur le parc, de m\u00eame qu\u2019un bibliobus et une zone de d\u00e9tente.<\/p>\n<p>\u00c0 noter qu\u2019en cas d\u2019intemp\u00e9ries, la manifestation sera report\u00e9e au samedi 13 septembre. <\/p>\n","protected":false},"excerpt":{"rendered":"Moment tr\u00e8s attendu par de nombreux Seynois, dans la tradition de septembre le forum des associations d\u00e9ploiera ses&hellip;\n","protected":false},"author":2,"featured_media":368103,"comment_status":"","ping_status":"","sticky":false,"template":"","format":"standard","meta":{"footnotes":""},"categories":[9619],"tags":[1111,11,1777,674,1011,27,12,882,25,2310,1631],"class_list":{"0":"post-368102","1":"post","2":"type-post","3":"status-publish","4":"format-standard","5":"has-post-thumbnail","7":"category-toulon","8":"tag-actu","9":"tag-actualites","10":"tag-eu","11":"tag-europe","12":"tag-fr","13":"tag-france","14":"tag-news","15":"tag-provence-alpes-cote-dazur","16":"tag-republique-francaise","17":"tag-toulon","18":"tag-vie-associative"},"share_on_mastodon":{"url":"https:\/\/pubeurope.com\/@fr\/115151615111903834","error":""},"_links":{"self":[{"href":"https:\/\/www.europesays.com\/fr\/wp-json\/wp\/v2\/posts\/368102","targetHints":{"allow":["GET"]}}],"collection":[{"href":"https:\/\/www.europesays.com\/fr\/wp-json\/wp\/v2\/posts"}],"about":[{"href":"https:\/\/www.europesays.com\/fr\/wp-json\/wp\/v2\/types\/post"}],"author":[{"embeddable":true,"href":"https:\/\/www.europesays.com\/fr\/wp-json\/wp\/v2\/users\/2"}],"replies":[{"embeddable":true,"href":"https:\/\/www.europesays.com\/fr\/wp-json\/wp\/v2\/comments?post=368102"}],"version-history":[{"count":0,"href":"https:\/\/www.europesays.com\/fr\/wp-json\/wp\/v2\/posts\/368102\/revisions"}],"wp:featuredmedia":[{"embeddable":true,"href":"https:\/\/www.europesays.com\/fr\/wp-json\/wp\/v2\/media\/368103"}],"wp:attachment":[{"href":"https:\/\/www.europesays.com\/fr\/wp-json\/wp\/v2\/media?parent=368102"}],"wp:term":[{"taxonomy":"category","embeddable":true,"href":"https:\/\/www.europesays.com\/fr\/wp-json\/wp\/v2\/categories?post=368102"},{"taxonomy":"post_tag","embeddable":true,"href":"https:\/\/www.europesays.com\/fr\/wp-json\/wp\/v2\/tags?post=368102"}],"curies":[{"name":"wp","href":"https:\/\/api.w.org\/{rel}","templated":true}]}}