{"id":368105,"date":"2025-09-05T12:10:07","date_gmt":"2025-09-05T12:10:07","guid":{"rendered":"https:\/\/www.europesays.com\/fr\/368105\/"},"modified":"2025-09-05T12:10:07","modified_gmt":"2025-09-05T12:10:07","slug":"terroir-convivialite-et-traditions-au-rendez-vous","status":"publish","type":"post","link":"https:\/\/www.europesays.com\/fr\/368105\/","title":{"rendered":"terroir, convivialit\u00e9 et traditions au rendez-vous"},"content":{"rendered":"<p>            Par<br \/>\n        <strong><br \/>\n            <a href=\"https:\/\/actu.fr\/auteur\/metropoop\" title=\"Consulter tous les articles de R\u00e9daction M\u00e9tropolitain\" rel=\"nofollow noopener\" target=\"_blank\">R\u00e9daction M\u00e9tropolitain<\/a><br \/>\n        <\/strong><\/p>\n<p>        Publi\u00e9 le<\/p>\n<p>            5 sept. 2025 \u00e0 12h38        <\/p>\n<p>Apr\u00e8s le succ\u00e8s des Printani\u00e8res en mai et juin, le <strong>Pays de l\u2019Or<\/strong> donne rendez-vous en septembre pour <strong>une nouvelle \u00e9dition gourmande et festive<\/strong> : les <strong>Automnales<\/strong>. Des soir\u00e9es conviviales, organis\u00e9es au c\u0153ur des communes, qui <strong>c\u00e9l\u00e8brent les vins et les produits du terroir<\/strong> dans une ambiance chaleureuse, entre amis ou en famille.<\/p>\n<p>Un concept gourmand et festif<\/p>\n<p class=\" wall-content\">Ouvertes \u00e0 tous,<strong> gratuites et sans inscription<\/strong>, les Automnales mettent donc \u00e0 l\u2019honneur les producteurs et artisans locaux. Entre stands de d\u00e9gustation, animations musicales, expositions et activit\u00e9s pour petits et grands, c\u2019est l\u2019occasion id\u00e9ale de d\u00e9couvrir les richesses gastronomiques et culturelles du territoire.<\/p>\n<p class=\" wall-content\">Pour ne rien rater, rendez-vous :<\/p>\n<ul class=\" wall-content\">\n<li>\u00c0 <strong>Palavas-les-Flots<\/strong> : ce vendredi 5 septembre, de 19h \u00e0 23h \u2013 Parc du Levant<\/li>\n<li>\u00c0 <strong>Valergues<\/strong> : vendredi 12 septembre, de 19h \u00e0 23h \u2013 Place Auguste Renoir<\/li>\n<li>\u00c0 <strong>Mauguio-Carnon<\/strong>: vendredi 26 septembre, de 19h \u00e0 23h \u2013 Parc paysager (Plaine des sports)<\/li>\n<\/ul>\n<p>Produits et producteurs \u00e0 l\u2019honneur<\/p>\n<p class=\" wall-content\">Vins du Pays de l\u2019Or et d\u2019Occitanie, jus de fruits, grillades, fruits de mer, fromages, charcuteries, desserts maison, cr\u00eapes ou encore miel : les Automnales sont une v\u00e9ritable vitrine des savoir-faire locaux. Parmi les participants : l\u2019Enclos de la Croix (Lansargues), le Domaine de la Clausade (Mauguio), les Vignerons du B\u00e9range (Vendargues), Compl\u00e9tement Toqu\u00e9, Locavorium (Mauguio), la Maison Pourthi\u00e9 (Candillargues), Tentacool (Montpellier), l\u2019Ostre\u00efde (Bouzigues), ou encore la Miellerie des Nymphes (Mudaison).<\/p>\n<p>Vid\u00e9os : en ce moment sur ActuAnimations pour petits et grands<\/p>\n<p class=\" wall-content\">Chaque soir\u00e9e sera rythm\u00e9e par des concerts et animations musicales. \u00c0 Palavas-les-Flots, le 5 septembre \u00e0 18h, les enfants pourront d\u00e9couvrir le <strong>spectacle musical<\/strong> \u00ab Les radis, \u00e7a compte pas pour du beurre \u00bb de la compagnie du Z\u00e9zargo. La <strong>culture camarguaise<\/strong> sera \u00e9galement mise \u00e0 l\u2019honneur avec un stand de la F\u00e9d\u00e9ration Fran\u00e7aise de Course Camarguaise, proposant une exposition et une immersion en r\u00e9alit\u00e9 augment\u00e9e au c\u0153ur d\u2019une manade. Un espace d\u00e9di\u00e9 \u00e0 l\u2019<strong>agriculture locale et durable<\/strong> proposera quiz, guides, livrets de recettes et activit\u00e9s ludiques pour en apprendre plus sur l\u2019alimentation au Pays de l\u2019Or.<\/p>\n<p>Votre r\u00e9gion, votre actu !<\/p>\n<p>Recevez chaque jour les infos qui comptent pour vous.<\/p>\n<p>\t<a href=\"https:\/\/actu.fr\/newsletter\" class=\"ac-btn ac-btn--corner ac-btn--medium ac-btn--blue800\" rel=\"nofollow noopener\" target=\"_blank\">S&rsquo;incrire<\/a><br \/>\nDes parrains engag\u00e9s<\/p>\n<p class=\" wall-content\">Cette nouvelle \u00e9dition est <strong>parrain\u00e9e par les com\u00e9diens Martin Lamotte et Lo\u00efc Ballet<\/strong>, ambassadeurs de l\u2019association<strong> Tellement Sud<\/strong>, qui \u0153uvre \u00e0 valoriser les savoir-faire du <strong>Sud de la France<\/strong> jusque dans la capitale.<\/p>\n<p><strong>&gt;<\/strong> Les automnales du pays de l\u2019or, \u00e0 Palavas-les-Flots ce 5 septembre au Parc du Levant, \u00e0 Valergues le 12 septembre, Place Auguste Renoir et \u00e0 Mauguio le 26 septembre, Parc paysager (Plaine des sports).<\/p>\n<p class=\" wall-content\">Personnalisez votre actualit\u00e9 en ajoutant vos villes et m\u00e9dias en favori avec <a href=\"https:\/\/moncompte.actu.fr\" title=\"D\u00e9couvez Mon Actu\" rel=\"nofollow noopener\" data-trk=\"{&quot;cta&quot;:{&quot;action&quot;:&quot;https:\\\/\\\/moncompte.actu.fr&quot;,&quot;category&quot;:&quot;mon compte&quot;,&quot;from&quot;:&quot;article footer&quot;,&quot;name&quot;:&quot;Mon actu&quot;,&quot;type&quot;:&quot;cta&quot;}}\" target=\"_blank\">Mon Actu<\/a>.<\/p>\n","protected":false},"excerpt":{"rendered":"Par R\u00e9daction M\u00e9tropolitain Publi\u00e9 le 5 sept. 2025 \u00e0 12h38 Apr\u00e8s le succ\u00e8s des Printani\u00e8res en mai et&hellip;\n","protected":false},"author":2,"featured_media":368106,"comment_status":"","ping_status":"","sticky":false,"template":"","format":"standard","meta":{"footnotes":""},"categories":[9599],"tags":[1111,11,1777,674,1011,27,1305,2208,12,2680,25],"class_list":{"0":"post-368105","1":"post","2":"type-post","3":"status-publish","4":"format-standard","5":"has-post-thumbnail","7":"category-montpellier","8":"tag-actu","9":"tag-actualites","10":"tag-eu","11":"tag-europe","12":"tag-fr","13":"tag-france","14":"tag-lifestyle","15":"tag-montpellier","16":"tag-news","17":"tag-occitanie","18":"tag-republique-francaise"},"share_on_mastodon":{"url":"https:\/\/pubeurope.com\/@fr\/115151623393668743","error":""},"_links":{"self":[{"href":"https:\/\/www.europesays.com\/fr\/wp-json\/wp\/v2\/posts\/368105","targetHints":{"allow":["GET"]}}],"collection":[{"href":"https:\/\/www.europesays.com\/fr\/wp-json\/wp\/v2\/posts"}],"about":[{"href":"https:\/\/www.europesays.com\/fr\/wp-json\/wp\/v2\/types\/post"}],"author":[{"embeddable":true,"href":"https:\/\/www.europesays.com\/fr\/wp-json\/wp\/v2\/users\/2"}],"replies":[{"embeddable":true,"href":"https:\/\/www.europesays.com\/fr\/wp-json\/wp\/v2\/comments?post=368105"}],"version-history":[{"count":0,"href":"https:\/\/www.europesays.com\/fr\/wp-json\/wp\/v2\/posts\/368105\/revisions"}],"wp:featuredmedia":[{"embeddable":true,"href":"https:\/\/www.europesays.com\/fr\/wp-json\/wp\/v2\/media\/368106"}],"wp:attachment":[{"href":"https:\/\/www.europesays.com\/fr\/wp-json\/wp\/v2\/media?parent=368105"}],"wp:term":[{"taxonomy":"category","embeddable":true,"href":"https:\/\/www.europesays.com\/fr\/wp-json\/wp\/v2\/categories?post=368105"},{"taxonomy":"post_tag","embeddable":true,"href":"https:\/\/www.europesays.com\/fr\/wp-json\/wp\/v2\/tags?post=368105"}],"curies":[{"name":"wp","href":"https:\/\/api.w.org\/{rel}","templated":true}]}}