{"id":368107,"date":"2025-09-05T12:11:17","date_gmt":"2025-09-05T12:11:17","guid":{"rendered":"https:\/\/www.europesays.com\/fr\/368107\/"},"modified":"2025-09-05T12:11:17","modified_gmt":"2025-09-05T12:11:17","slug":"en-tant-que-soignant-et-humaniste-je-ne-peux-rester-silencieux-philippe-saurel","status":"publish","type":"post","link":"https:\/\/www.europesays.com\/fr\/368107\/","title":{"rendered":"\u00ab\u00a0En tant que soignant et humaniste, je ne peux rester silencieux\u00a0\u00bb, Philippe Saurel"},"content":{"rendered":"<p>\n\u00ab\u00a0Conflit isra\u00e9lo-palestinien\u00a0\u00bb, l&rsquo;ancien maire\/pr\u00e9sident, \u00e9lu d&rsquo;opposition \u00e0 Montpellier, Philippe Saurel, plaide pour la paix et la reconnaissance de deux Etats.<\/p>\n<p>\n\u00a9 DR. Philippe Saurel \u00e0 Montpellier.<\/p>\n<p><a data-no-instant=\"1\" href=\"https:\/\/www.gard.fr\/information\/actualites\/rentree-2025-2026-le-conseil-departemental-sengage-pour-la-jeunesse\" rel=\"noopener nofollow\" class=\"a2t-link\" aria-label=\"DEP30-2025-CAMPAGNE-JEUNESSE-RENTREE-1220x260px\" target=\"_blank\"><img decoding=\"async\" src=\"https:\/\/www.europesays.com\/fr\/wp-content\/uploads\/2025\/09\/1756971854_97_DEP30-2025-CAMPAGNE-JEUNESSE-RENTREE-1220x260px.gif\" alt=\"\"\/><\/a><a data-no-instant=\"1\" href=\"https:\/\/www.nimes-metropole.fr\/index.php?id=1885\" rel=\"noopener nofollow\" class=\"a2t-link\" aria-label=\"686-image\" target=\"_blank\"><img decoding=\"async\" src=\"https:\/\/www.europesays.com\/fr\/wp-content\/uploads\/2025\/09\/686-image.jpeg\" alt=\"\"  \/><\/a><\/p>\n<p>\u00ab\u00a0En tant que <strong>soignant<\/strong> et en tant <strong>qu\u2019humaniste<\/strong>, je ne peux rester silencieux. J\u2019ai \u00e9t\u00e9 l\u2019un des premiers \u00e0 prendre la parole sur ce drame et encore aujourd\u2019hui, on m\u2019interroge r\u00e9guli\u00e8rement sur ma position, je vais donc \u00eatre tr\u00e8s clair\u00a0\u00bb,<strong> <\/strong>tient \u00e0 clarifier l\u2019ancien maire\/pr\u00e9sident, \u00e9lu d\u2019opposition \u00e0 Montpellier, <a href=\"https:\/\/infoccitanie.fr\/tag\/philippe-saurel\/\" rel=\"nofollow noopener\" target=\"_blank\">Philippe Saurel <\/a>(Montpellier citoyens).<\/p>\n<p>Dans un communiqu\u00e9 de presse en date de ce vendredi 5 septembre, l\u2019\u00e9lu d\u00e9taille sa position : \u00ab\u00a0Je condamne avec la plus grande fermet\u00e9 la <strong>violence des bombardements meurtriers \u00e0 Gaza,<\/strong> tout comme il y a deux ans, j\u2019ai condamn\u00e9 les attaques sanglantes commises par le <strong>Hamas lors des attaques terroristes du 7 octobre 2023<\/strong>.\u00a0Rien ne peut justifier ces drames humains\u00ab\u00a0.<\/p>\n<p>Il poursuit : \u00ab\u00a0Je suis pour un cessez-le-feu imm\u00e9diat. Il est urgent que les convois humanitaires puissent entrer librement et secourir les populations civiles.\u00a0Il est tout aussi urgent que les otages soient lib\u00e9r\u00e9s. Je suis convaincu que la seule issue durable est la cr\u00e9ation d\u2019un Etat palestinien, afin que les deux peuples puissent vivre c\u00f4te \u00e0 c\u00f4te, dans la dignit\u00e9 et la paix\u00a0\u00bb. <\/p>\n<p>L\u2019ancien maire du Clapas conclut sa d\u00e9claration : \u00ab\u00a0Ce conflit n\u2019a que trop dur\u00e9. Il a trop d\u00e9truit. Les peuples sont \u00e9puis\u00e9s. Ils n\u2019aspirent qu\u2019\u00e0 vivre en s\u00e9curit\u00e9 et en libert\u00e9.\u00a0Portons la voix de la raison, de la justice et de l\u2019humanit\u00e9\u00a0\u00bb. <\/p>\n<p><a data-no-instant=\"1\" href=\"https:\/\/www.lio-occitanie.fr\/titres-et-tarifs\/\" rel=\"noopener nofollow\" class=\"a2t-link\" aria-label=\"2915-lio-sncf-2025\" target=\"_blank\"><img decoding=\"async\" src=\"https:\/\/www.europesays.com\/fr\/wp-content\/uploads\/2025\/08\/2915-lio-sncf-2025.png\" alt=\"\"  \/><\/a><\/p>\n","protected":false},"excerpt":{"rendered":"\u00ab\u00a0Conflit isra\u00e9lo-palestinien\u00a0\u00bb, l&rsquo;ancien maire\/pr\u00e9sident, \u00e9lu d&rsquo;opposition \u00e0 Montpellier, Philippe Saurel, plaide pour la paix et la reconnaissance de&hellip;\n","protected":false},"author":2,"featured_media":289317,"comment_status":"","ping_status":"","sticky":false,"template":"","format":"standard","meta":{"footnotes":""},"categories":[9599],"tags":[1111,11,1777,674,1011,27,2208,12,2680,32647,25],"class_list":{"0":"post-368107","1":"post","2":"type-post","3":"status-publish","4":"format-standard","5":"has-post-thumbnail","7":"category-montpellier","8":"tag-actu","9":"tag-actualites","10":"tag-eu","11":"tag-europe","12":"tag-fr","13":"tag-france","14":"tag-montpellier","15":"tag-news","16":"tag-occitanie","17":"tag-philippe-saurel","18":"tag-republique-francaise"},"share_on_mastodon":{"url":"https:\/\/pubeurope.com\/@fr\/115151627001099993","error":""},"_links":{"self":[{"href":"https:\/\/www.europesays.com\/fr\/wp-json\/wp\/v2\/posts\/368107","targetHints":{"allow":["GET"]}}],"collection":[{"href":"https:\/\/www.europesays.com\/fr\/wp-json\/wp\/v2\/posts"}],"about":[{"href":"https:\/\/www.europesays.com\/fr\/wp-json\/wp\/v2\/types\/post"}],"author":[{"embeddable":true,"href":"https:\/\/www.europesays.com\/fr\/wp-json\/wp\/v2\/users\/2"}],"replies":[{"embeddable":true,"href":"https:\/\/www.europesays.com\/fr\/wp-json\/wp\/v2\/comments?post=368107"}],"version-history":[{"count":0,"href":"https:\/\/www.europesays.com\/fr\/wp-json\/wp\/v2\/posts\/368107\/revisions"}],"wp:featuredmedia":[{"embeddable":true,"href":"https:\/\/www.europesays.com\/fr\/wp-json\/wp\/v2\/media\/289317"}],"wp:attachment":[{"href":"https:\/\/www.europesays.com\/fr\/wp-json\/wp\/v2\/media?parent=368107"}],"wp:term":[{"taxonomy":"category","embeddable":true,"href":"https:\/\/www.europesays.com\/fr\/wp-json\/wp\/v2\/categories?post=368107"},{"taxonomy":"post_tag","embeddable":true,"href":"https:\/\/www.europesays.com\/fr\/wp-json\/wp\/v2\/tags?post=368107"}],"curies":[{"name":"wp","href":"https:\/\/api.w.org\/{rel}","templated":true}]}}