{"id":368108,"date":"2025-09-05T12:12:16","date_gmt":"2025-09-05T12:12:16","guid":{"rendered":"https:\/\/www.europesays.com\/fr\/368108\/"},"modified":"2025-09-05T12:12:16","modified_gmt":"2025-09-05T12:12:16","slug":"que-faire-a-rouen-ce-week-end-nos-bons-plans-du-6-au-7-septembre-%f0%9f%8e%89","status":"publish","type":"post","link":"https:\/\/www.europesays.com\/fr\/368108\/","title":{"rendered":"Que faire \u00e0 Rouen ce week-end ? Nos bons plans du 6 au 7 septembre \ud83c\udf89"},"content":{"rendered":"<p>Le week-end arrive et tu ne sais pas encore quoi faire \u00e0 Rouen ? Pas de panique, on t\u2019a pr\u00e9par\u00e9 un programme aux petits oignons : shopping responsable, brocante g\u00e9ante, \u00e9v\u00e9nements insolites, sport de haut niveau et m\u00eame le retour d\u2019un cirque mythique. C\u2019est parti \ud83d\udc47<\/p>\n<p><strong>\ud83d\udc55 No Fast Fashion \u2013 Fripes au kilo et bijoux \u00e0 10\u20ac<\/strong><\/p>\n<p>Direction la Halle aux Toiles pour chiner des tonnes de v\u00eatements vendus au kilo. Ajoute \u00e0 \u00e7a des tatoueurs et des bijoux \u00e0 10\u20ac, et tu as le combo parfait pour un week-end shopping styl\u00e9 sans exploser ton budget.<\/p>\n<p>\ud83d\udcc5 6 &amp; 7 septembre \u2013 Entr\u00e9e gratuite<br \/>\ud83d\udccd Halle aux Toiles, Rouen<\/p>\n<p><strong>\ud83d\udecd\ufe0f Les Puces Rouennaises \u2013 Brocante XXL<\/strong><\/p>\n<p>Chaque premier dimanche du mois, la rue Jeanne d\u2019Arc se transforme en une immense brocante. Vinyles, v\u00eatements, objets insolites : c\u2019est le spot r\u00eav\u00e9 pour fl\u00e2ner, fouiller et d\u00e9goter des p\u00e9pites.<\/p>\n<p>\ud83d\udcc5 Dimanche 7 septembre \u2013 Gratuit<br \/>\ud83d\udccd Rue Jeanne d\u2019Arc, Rouen<\/p>\n<p><strong>\ud83e\udd42 La Course des Gar\u00e7ons de Caf\u00e9 \u2013 Insolite et festive<\/strong><\/p>\n<p>Les serveurs de Rouen rel\u00e8vent un d\u00e9fi compl\u00e8tement fou : courir dans les rues avec un plateau \u00e0 la main. Ambiance garantie pour cette course insolite o\u00f9 agilit\u00e9 et rapidit\u00e9 sont de mise.<\/p>\n<p>\ud83d\udcc5 Dimanche 7 septembre \u2013 Gratuit<br \/>\ud83d\udccd Place de la Cath\u00e9drale, Rouen<\/p>\n<p><strong>\u26be Baseball \u2013 Rouen Huskies vs Montpellier<\/strong><\/p>\n<p>Les Huskies jouent leur demi-finale de France face aux Barracudas de Montpellier. Viens soutenir l\u2019\u00e9quipe et profiter d\u2019une ambiance sportive survolt\u00e9e au stade Saint-Exup\u00e9ry.<\/p>\n<p>\ud83d\udcc5 Samedi 6 septembre \u2013 16h<br \/>\ud83d\udccd Stade Saint-Exup\u00e9ry, Rouen<\/p>\n<p style=\"margin: 0; color: #000000; font-size: 16px; font-weight: bold;\">\u00c0 voir aussi sur Rouen Bouge<\/p>\n<\/p>\n<p>                    \u2716\n                <\/p>\n<p><strong>\u26bd FCR Rouen vs Ch\u00e2teauroux \u2013 Match attendu<\/strong><\/p>\n<p>Les Diables Rouges affrontent Ch\u00e2teauroux ce samedi soir. Le Stade Diochon promet de vibrer au rythme des supporters. \u00c0 ne pas manquer pour tous les fans de foot !<\/p>\n<p>\ud83d\udcc5 Samedi 6 septembre \u2013 18h<br \/>\ud83d\udccd Stade Robert Diochon, Rouen<\/p>\n<p><strong>\ud83c\udfaa Le Cirque Pinder \u2013 Le g\u00e9ant du spectacle de retour<\/strong><\/p>\n<p>Apr\u00e8s plusieurs ann\u00e9es d\u2019absence, le Cirque Pinder revient \u00e0 Rouen. Trap\u00e9zistes, ventriloques, jongleurs et frissons au programme. Un show unique \u00e0 vivre en famille ou entre amis.<\/p>\n<p>\ud83d\udcc5 Du 5 au 14 septembre \u2013 D\u00e8s 28\u20ac<br \/>\ud83d\udccd Chapiteau Pinder, Rouen<\/p>\n<p><strong>\ud83d\udc49 Alors, tu choisis quoi ce week-end ?<\/strong><\/p>\n<p>Que tu sois plut\u00f4t brocante, sport, shopping ou spectacle, il y a forc\u00e9ment une sortie qui va te faire bouger. Et comme toujours, garde l\u2019\u0153il sur <strong>Rouen Bouge<\/strong> pour ne rien louper des prochains bons plans \ud83d\ude09<\/p>\n","protected":false},"excerpt":{"rendered":"Le week-end arrive et tu ne sais pas encore quoi faire \u00e0 Rouen ? Pas de panique, on&hellip;\n","protected":false},"author":2,"featured_media":368109,"comment_status":"","ping_status":"","sticky":false,"template":"","format":"standard","meta":{"footnotes":""},"categories":[9587],"tags":[1111,11,1777,674,1011,27,12,5161,25,9590],"class_list":{"0":"post-368108","1":"post","2":"type-post","3":"status-publish","4":"format-standard","5":"has-post-thumbnail","7":"category-rouen","8":"tag-actu","9":"tag-actualites","10":"tag-eu","11":"tag-europe","12":"tag-fr","13":"tag-france","14":"tag-news","15":"tag-normandie","16":"tag-republique-francaise","17":"tag-rouen"},"share_on_mastodon":{"url":"https:\/\/pubeurope.com\/@fr\/115151631010742295","error":""},"_links":{"self":[{"href":"https:\/\/www.europesays.com\/fr\/wp-json\/wp\/v2\/posts\/368108","targetHints":{"allow":["GET"]}}],"collection":[{"href":"https:\/\/www.europesays.com\/fr\/wp-json\/wp\/v2\/posts"}],"about":[{"href":"https:\/\/www.europesays.com\/fr\/wp-json\/wp\/v2\/types\/post"}],"author":[{"embeddable":true,"href":"https:\/\/www.europesays.com\/fr\/wp-json\/wp\/v2\/users\/2"}],"replies":[{"embeddable":true,"href":"https:\/\/www.europesays.com\/fr\/wp-json\/wp\/v2\/comments?post=368108"}],"version-history":[{"count":0,"href":"https:\/\/www.europesays.com\/fr\/wp-json\/wp\/v2\/posts\/368108\/revisions"}],"wp:featuredmedia":[{"embeddable":true,"href":"https:\/\/www.europesays.com\/fr\/wp-json\/wp\/v2\/media\/368109"}],"wp:attachment":[{"href":"https:\/\/www.europesays.com\/fr\/wp-json\/wp\/v2\/media?parent=368108"}],"wp:term":[{"taxonomy":"category","embeddable":true,"href":"https:\/\/www.europesays.com\/fr\/wp-json\/wp\/v2\/categories?post=368108"},{"taxonomy":"post_tag","embeddable":true,"href":"https:\/\/www.europesays.com\/fr\/wp-json\/wp\/v2\/tags?post=368108"}],"curies":[{"name":"wp","href":"https:\/\/api.w.org\/{rel}","templated":true}]}}